{"id":110909,"date":"2024-02-17T13:22:46","date_gmt":"2024-02-17T13:22:46","guid":{"rendered":"https:\/\/enolife.com.ar\/es\/?p=110909"},"modified":"2024-02-21T12:04:21","modified_gmt":"2024-02-21T12:04:21","slug":"primera-exportacion-de-las-mujeres-de-la-vina-del-valle-de-uco-2-pallets-del-vino-apasionadas-a-eeuu","status":"publish","type":"post","link":"https:\/\/enolife.com.ar\/es\/primera-exportacion-de-las-mujeres-de-la-vina-del-valle-de-uco-2-pallets-del-vino-apasionadas-a-eeuu\/","title":{"rendered":"Primera exportaci\u00f3n de las Mujeres de la Vi\u00f1a del Valle de Uco: 2 pallets del vino Apasionadas a EEUU"},"content":{"rendered":"\n<h4 class=\"wp-block-heading\"><em><strong>La agrupaci\u00f3n de productoras autogestionadas que se form\u00f3 en 2018 logr\u00f3 vender al exterior su primera partida del vino \u00abApasionadas\u00bb, que elaboran desde 2019. Con la asesor\u00eda de ProMendoza -instituci\u00f3n gubernamental encargada de la promoci\u00f3n de los productos mendocinos en el exterior- lograron su sue\u00f1o de salir al mundo. Los 2 pallets de vino ser\u00e1n despachados en los pr\u00f3ximos d\u00edas hacia Texas, Estados Unidos, para ser comercializados desde el\u00a0hub log\u00edstico\u00a0que la provincia tiene en esa ciudad estadounidense.<\/strong><\/em><\/h4>\n\n\n\n<div style=\"height:35px\" aria-hidden=\"true\" class=\"wp-block-spacer\"><\/div>\n\n\n<a href=\"https:\/\/sudafilt.com\/\" aria-label=\"SUDAFILT 1700X500 NOV25\"><img loading=\"lazy\" decoding=\"async\" src=\"https:\/\/enolife.com.ar\/es\/wp-content\/uploads\/2020\/07\/SUDAFILT-1700X500-NOV25.gif\" alt=\"\"  width=\"1700\" height=\"500\"   \/><\/a>\n\n\n<div style=\"height:45px\" aria-hidden=\"true\" class=\"wp-block-spacer\"><\/div>\n\n\n\n<p>La asociaci\u00f3n de peque\u00f1as productoras <strong>Mujeres de la Vi\u00f1a<\/strong> elabor\u00f3 su primer vino en 2020, y en 2023 participaron en la primera ronda inversa que <strong>ProMendoza<\/strong> organiz\u00f3 en todos los oasis de nuestra provincia.<\/p>\n\n\n\n<p><strong>Patricia Gim\u00e9nez<\/strong>, presidenta de ProMendoza, coment\u00f3 que <em>\u201ces un placer colaborar con mujeres tan organizadas que con fuerza y dedicaci\u00f3n emprenden, colaboran y crecen en el mundo empresarial. Son un ejemplo de trabajo en equipo y un modelo a seguir\u201d<\/em>.<\/p>\n\n\n\n<p>En esta ocasi\u00f3n se aplic\u00f3 una metodolog\u00eda \u00e1gil al proceso de internacionalizaci\u00f3n. Estas t\u00e9cnicas vienen a actualizar antiguos procesos de las empresas, adelantando el encuentro de los exportadores con los importadores, aun cuando el exportador no se encuentre listo. <\/p>\n\n\n\n<p>La colaboraci\u00f3n temprana entre los actores con una oferta exportable a\u00fan no desarrollada fue impulsada por ProMendoza al incorporar a Mujeres de la Vi\u00f1a a la ronda inversa de julio del a\u00f1o pasado. Esto les permiti\u00f3 exponerse al proceso y ajustar sus productos y aprendizaje de ventas a las necesidades del mercado de destino. Al mismo tiempo, ProMendoza design\u00f3 un consultor para acompa\u00f1ar en todo el proceso de la exportaci\u00f3n.<\/p>\n\n\n\n<p>Mujeres de la Vi\u00f1a es una asociaci\u00f3n conformada por productoras de vi\u00f1edos en Mendoza. Est\u00e1 integrada por mujeres propietarias de peque\u00f1as vi\u00f1as que abarcan entre 1 y 20 hect\u00e1reas, especializadas en la producci\u00f3n de uvas de alta calidad. La mayor\u00eda de ellas comercializa sus productos con bodegas internacionales. Esta asociaci\u00f3n se form\u00f3 en 2018, luego de un an\u00e1lisis realizado por el <strong>Centro de Desarrollo Vit\u00edcola La Consulta (Coviar-INTA<\/strong>), que identific\u00f3 que si bien estas mujeres trabajaban de manera individual, compart\u00edan las mismas necesidades y ten\u00edan el deseo de crecer en el sector vitivin\u00edcola.<\/p>\n\n\n\n<p><strong>Mar\u00eda Elena Salom\u00f3n<\/strong>, en representaci\u00f3n de las Mujeres de la Vi\u00f1a, explic\u00f3 orgullosa c\u00f3mo finalizar\u00e1 la primera exportaci\u00f3n: <em>\u201cConocimos al importador hace unos meses y hemos ido trabajando juntos para poder exportar haciendo todo lo necesario para internacionalizar nuestro vino. Este pr\u00f3ximo 23 de febrero sale el vino rumbo a Houston, donde vamos a completar nuestra primera exportaci\u00f3n, y esperamos que sea nuestra punta de lanza para crecer en el mundo\u201d.<\/em><\/p>\n\n\n\n<div style=\"height:19px\" aria-hidden=\"true\" class=\"wp-block-spacer\"><\/div>\n\n\n\n<p class=\"has-medium-font-size\"><strong>El programa de financiamiento \u00c1gil NEX<\/strong><\/p>\n\n\n\n<p>En mayo de 2023, ProMendoza cre\u00f3 el programa piloto <strong>\u00c1gil NEX<\/strong>, una versi\u00f3n actualizada del tradicional programa <strong>NEX<\/strong>. Con este programa las empresas acceden al mismo cofinanciamiento de <strong>50%<\/strong> que ofrec\u00eda el tradicional NEX, pero siguiendo metodolog\u00edas \u00e1giles basadas en la entrega temprana y frecuente de valor para nutrir y consolidar sus estrategias de exportaci\u00f3n a trav\u00e9s de la colaboraci\u00f3n con el cliente.<\/p>\n\n\n\n<div style=\"height:32px\" aria-hidden=\"true\" class=\"wp-block-spacer\"><\/div>\n","protected":false},"excerpt":{"rendered":"<p>La agrupaci\u00f3n de productoras autogestionadas que se form\u00f3 en 2018 logr\u00f3 vender al exterior su&hellip;<\/p>\n","protected":false},"author":3,"featured_media":110925,"comment_status":"open","ping_status":"open","sticky":false,"template":"","format":"standard","meta":{"footnotes":""},"categories":[9],"tags":[],"class_list":["post-110909","post","type-post","status-publish","format-standard","has-post-thumbnail","hentry","category-negocios"],"_links":{"self":[{"href":"https:\/\/enolife.com.ar\/es\/wp-json\/wp\/v2\/posts\/110909","targetHints":{"allow":["GET"]}}],"collection":[{"href":"https:\/\/enolife.com.ar\/es\/wp-json\/wp\/v2\/posts"}],"about":[{"href":"https:\/\/enolife.com.ar\/es\/wp-json\/wp\/v2\/types\/post"}],"author":[{"embeddable":true,"href":"https:\/\/enolife.com.ar\/es\/wp-json\/wp\/v2\/users\/3"}],"replies":[{"embeddable":true,"href":"https:\/\/enolife.com.ar\/es\/wp-json\/wp\/v2\/comments?post=110909"}],"version-history":[{"count":0,"href":"https:\/\/enolife.com.ar\/es\/wp-json\/wp\/v2\/posts\/110909\/revisions"}],"wp:featuredmedia":[{"embeddable":true,"href":"https:\/\/enolife.com.ar\/es\/wp-json\/wp\/v2\/media\/110925"}],"wp:attachment":[{"href":"https:\/\/enolife.com.ar\/es\/wp-json\/wp\/v2\/media?parent=110909"}],"wp:term":[{"taxonomy":"category","embeddable":true,"href":"https:\/\/enolife.com.ar\/es\/wp-json\/wp\/v2\/categories?post=110909"},{"taxonomy":"post_tag","embeddable":true,"href":"https:\/\/enolife.com.ar\/es\/wp-json\/wp\/v2\/tags?post=110909"}],"curies":[{"name":"wp","href":"https:\/\/api.w.org\/{rel}","templated":true}]}}