{"id":110691,"date":"2024-02-14T12:30:44","date_gmt":"2024-02-14T12:30:44","guid":{"rendered":"https:\/\/enolife.com.ar\/es\/?p=110691"},"modified":"2024-02-15T14:54:50","modified_gmt":"2024-02-15T14:54:50","slug":"la-patrona-de-los-vinedos-empezo-a-caminar-por-las-fincas-bodegas-y-parroquias-de-mendoza","status":"publish","type":"post","link":"https:\/\/enolife.com.ar\/es\/la-patrona-de-los-vinedos-empezo-a-caminar-por-las-fincas-bodegas-y-parroquias-de-mendoza\/","title":{"rendered":"La Patrona de los Vi\u00f1edos empez\u00f3 a caminar por las fincas, bodegas y parroquias de Mendoza"},"content":{"rendered":"\n<h4 class=\"wp-block-heading\"><em><strong>Como cada a\u00f1o para esta \u00e9poca de Vendimia, la Virgen de la Carrodilla comienza su tradicional peregrinaci\u00f3n por las zonas vitivin\u00edcolas de Mendoza. Esta original procesi\u00f3n, de antigua raigambre en la provincia, es organizada por la Iglesia local con la colaboraci\u00f3n del gobierno provincial, ya que constituye un atractivo para el turismo religioso y vitivin\u00edcola. La idea tambi\u00e9n es que los creyentes en la Patrona de los Vi\u00f1edos reciban su bendici\u00f3n y augurios de buena cosecha. Desde ayer 13\/2 la imagen est\u00e1 en exposici\u00f3n en la Iglesia de la Carrodilla, Luj\u00e1n, y ma\u00f1ana 15\/2 parte hacia Luj\u00e1n, para luego seguir hacia Maip\u00fa y Guaymall\u00e9n y terminar su periplo el domingo 25 de febrero en el Predio de la Virgen de este \u00faltimo departamento, donde se realizar\u00e1 la Bendici\u00f3n de los Frutos.  <\/strong><\/em><\/h4>\n\n\n\n<div style=\"height:35px\" aria-hidden=\"true\" class=\"wp-block-spacer\"><\/div>\n\n\n<a href=\"https:\/\/www.linkedin.com\/company\/agrinet-sa\/?originalSubdomain=ar\" aria-label=\"1700X500\"><img loading=\"lazy\" decoding=\"async\" src=\"https:\/\/enolife.com.ar\/es\/wp-content\/uploads\/2021\/11\/1700X500.gif\" alt=\"\"  width=\"1700\" height=\"500\"   \/><\/a>\n\n\n<div style=\"height:45px\" aria-hidden=\"true\" class=\"wp-block-spacer\"><\/div>\n\n\n\n<p>La <strong>Virgen de la Carrodilla Peregrina<\/strong> recorrer\u00e1 fincas, bodegas e iglesias, para culminar su camino en la Bendici\u00f3n de los Frutos, acto ecum\u00e9nico que re\u00fane el arte y la fe y que da inicio a las celebraciones oficiales de la <strong>Fiesta Nacional de la Vendimia 2024.<\/strong><\/p>\n\n\n\n<p>El recorrido de la <strong>Patrona de los Vi\u00f1edos<\/strong> comenz\u00f3 ayer 13 de febrero en la <strong>Parroquia de la Carrodilla<\/strong>, con motivo de celebrar el aniversario de la coronaci\u00f3n de la advocaci\u00f3n y est\u00e1 all\u00ed hasta ma\u00f1ana 15 de febrero. Cabe recordar que la Virgen de la Carrodilla fue declarada <strong>en 1938<\/strong> Patrona de los vi\u00f1edos.<\/p>\n\n\n\n<p>La procesi\u00f3n tiene como objetivo que la imagen salga al encuentro de los creyentes, para extender su bendici\u00f3n sobre sus familias y trabajos, sus preocupaciones y esperanzas, recorriendo distintas zonas de la provincia durante las semanas previas a la Fiesta Nacional de la Vendimia.<\/p>\n\n\n\n<p>Al respecto, <strong>Gabriela Testa<\/strong>, presidenta del <strong>Ente Mendoza Turismo (Emetur)<\/strong> record\u00f3 que esta actividad naci\u00f3 en 2006, como una iniciativa de la entonces Subsecretar\u00eda de Turismo. <em>\u201cEl objetivo era dar respuesta a los trabajadores de la tierra, protagonistas fundamentales de la Vendimia, y acercar a la Virgen de la Carrodilla a sus lugares de trabajo. De este modo, la fe de nuestros hombres y mujeres se pone de manifiesto en una actividad que cuenta con el apoyo de cada uno de los municipios, el Ej\u00e9rcito y, por supuesto el Arzobispado\u201d.<\/em><\/p>\n\n\n\n<p>Esta actividad, organizada por la <strong>Pastoral de Turismo del Arzobispado de Mendoza y el Ente Mendoza Turismo<\/strong>, con el apoyo del <strong>Ej\u00e9rcito Argentino<\/strong> y los <strong>municipios participantes<\/strong>, ya ha recorrido los 18 departamentos, dejando a su paso postales de esperanza y trabajo.<\/p>\n\n\n\n<div style=\"height:30px\" aria-hidden=\"true\" class=\"wp-block-spacer\"><\/div>\n\n\n<div class=\"wp-block-image\">\n<figure class=\"aligncenter size-large is-resized\"><a href=\"https:\/\/enolife.com.ar\/es\/wp-content\/uploads\/2024\/02\/Peregrinacion-Virgen-de-la-Carrodilla.jpg\" data-rel=\"penci-gallery-image-content\" ><img loading=\"lazy\" decoding=\"async\" src=\"https:\/\/enolife.com.ar\/es\/wp-content\/uploads\/2024\/02\/Peregrinacion-Virgen-de-la-Carrodilla-1024x611.jpg\" alt=\"\" class=\"wp-image-110698\" width=\"720\" height=\"429\" srcset=\"https:\/\/enolife.com.ar\/es\/wp-content\/uploads\/2024\/02\/Peregrinacion-Virgen-de-la-Carrodilla-1024x611.jpg 1024w, https:\/\/enolife.com.ar\/es\/wp-content\/uploads\/2024\/02\/Peregrinacion-Virgen-de-la-Carrodilla-300x179.jpg 300w, https:\/\/enolife.com.ar\/es\/wp-content\/uploads\/2024\/02\/Peregrinacion-Virgen-de-la-Carrodilla-768x458.jpg 768w, https:\/\/enolife.com.ar\/es\/wp-content\/uploads\/2024\/02\/Peregrinacion-Virgen-de-la-Carrodilla-1170x698.jpg 1170w, https:\/\/enolife.com.ar\/es\/wp-content\/uploads\/2024\/02\/Peregrinacion-Virgen-de-la-Carrodilla-585x349.jpg 585w, https:\/\/enolife.com.ar\/es\/wp-content\/uploads\/2024\/02\/Peregrinacion-Virgen-de-la-Carrodilla.jpg 1200w\" sizes=\"auto, (max-width: 720px) 100vw, 720px\" \/><\/a><figcaption class=\"wp-element-caption\"><em><strong>Peregrinaci\u00f3n Virgen de la Carrodilla<\/strong><\/em><\/figcaption><\/figure><\/div>\n\n\n<div style=\"height:35px\" aria-hidden=\"true\" class=\"wp-block-spacer\"><\/div>\n\n\n\n<p class=\"has-medium-font-size\"><strong>La Virgen Peregrina hoy, como en 1811<\/strong><\/p>\n\n\n\n<p>En 2006, a pedido del Emetur, el artista <strong>Humberto Capella<\/strong> cre\u00f3 la figura escult\u00f3rica actual de la Virgen. La imagen que recorre la provincia y que este a\u00f1o, como el anterior, dir\u00e1 presente en los actos de la Fiesta Nacional de la Vendimia, tiene similares caracter\u00edsticas a la ubicada en la I<strong>glesia de la Carrodilla, en Luj\u00e1n de Cuyo, que data de 1811.<\/strong><\/p>\n\n\n\n<p>La imagen se forj\u00f3 en resina y fibra de vidrio, naci\u00f3 de la mirada del escultor y tambi\u00e9n de los diferentes detalles de la imagen original, desde la corona a distintos ornamentos. Actualmente, la Virgen posee una mantilla que en la espalda tiene el escudo de Mendoza, y en ese caso el trabajo artesanal fue realizado por una religiosa, la <strong>Hermana Nazarena.<\/strong><\/p>\n\n\n\n<p>La imagen actual de la Virgen de la Carrodilla fue bendecida por quien fue obispo de Mendoza, monse\u00f1or <strong>Jos\u00e9 Mar\u00eda Arancibia<\/strong>, en 2006, y desde entonces preside la <strong>Bendici\u00f3n de los Frutos<\/strong>, ic\u00f3nica celebraci\u00f3n religiosa vendimial.<\/p>\n\n\n\n<p>Cabe destacar que esta imagen de la Virgen de la Carrodilla Peregrina pertenece al Emetur y est\u00e1 en custodia de la Pastoral de Turismo del Arzobispado, que organiza cada a\u00f1o, junto al Gobierno de Mendoza, el recorrido de la imagen por diversos puntos de la provincia.<\/p>\n\n\n\n<div style=\"height:35px\" aria-hidden=\"true\" class=\"wp-block-spacer\"><\/div>\n\n\n\n<p class=\"has-medium-font-size\"><strong>Cronograma del recorrido de la Patrona<\/strong><\/p>\n\n\n\n<p><strong>15\/2 Luj\u00e1n de Cuyo<\/strong><\/p>\n\n\n\n<ul class=\"wp-block-list\">\n<li>08:00: Parroquia La Carrodilla (para preparar la imagen).<\/li>\n\n\n\n<li>08:40: Partida hacia la Municipalidad de Luj\u00e1n.<\/li>\n\n\n\n<li>09:00: Municipalidad de Luj\u00e1n. Acto protocolar.<\/li>\n\n\n\n<li>10:00: Finca Giannaccari (Olavarr\u00eda 1335, Perdriel).<\/li>\n\n\n\n<li>11:00: Finca Guti\u00e9rrez (Terrada 4016, Perdriel).<\/li>\n\n\n\n<li>12:00: Bodega Bonfanti (Terrada 2024, Perdriel).<\/li>\n\n\n\n<li>13:00: Capilla Santa Cecilia (Terrada 2485 entre Olavarr\u00eda y Quintana, Perdriel).<\/li>\n\n\n\n<li>15:30: Bodega Cabrini (Ruta Prov. 15, km 22, Perdriel).<\/li>\n\n\n\n<li>16:30: Bodega Foster (Brandsen 1039, Perdriel).<\/li>\n\n\n\n<li>17:30: Bodega Carmine Granata (Alberti 570, Mayor Drummond).<\/li>\n\n\n\n<li>18:30: Bas\u00edlica de Nuestra Se\u00f1ora de Luj\u00e1n de Cuyo. Guarda hasta la pr\u00f3xima salida (19\/02).<\/li>\n<\/ul>\n\n\n\n<div style=\"height:20px\" aria-hidden=\"true\" class=\"wp-block-spacer\"><\/div>\n\n\n\n<p><strong>19\/02 Maip\u00fa<\/strong><\/p>\n\n\n\n<ul class=\"wp-block-list\">\n<li>10:00: Bodega Domain St. Diego. Hasta las 11:00.<\/li>\n\n\n\n<li>11:15: Bodega Bombal. Hasta las 12:00.<\/li>\n\n\n\n<li>12:15: Oliv\u00edcola Laur. Hasta las 13:00.<\/li>\n\n\n\n<li>13:10: Unidad Policial de Asistencia al Turista. Bendici\u00f3n de oficinas.<\/li>\n\n\n\n<li>13:30: Oliv\u00edcola Centenario. Hasta las 14:00.<\/li>\n\n\n\n<li>14:15: Bodega Atilio Avena. Hasta las 15:30.<\/li>\n\n\n\n<li>17:00: Plaza de Maip\u00fa.<\/li>\n\n\n\n<li>18:15: Parroquia La Candelaria. Guarda hasta la pr\u00f3xima salida (22\/02).<\/li>\n<\/ul>\n\n\n\n<div style=\"height:20px\" aria-hidden=\"true\" class=\"wp-block-spacer\"><\/div>\n\n\n\n<p><strong>22\/02 Guaymall\u00e9n<\/strong><\/p>\n\n\n\n<ul class=\"wp-block-list\">\n<li>10:00: Feria del Este. Hasta las 11:00.<\/li>\n\n\n\n<li>11:15: Finca Dina. Hasta las 12:00.<\/li>\n\n\n\n<li>12:15: Finca Roma. Hasta las 13:00<\/li>\n\n\n\n<li>13:15: Bodega Uva Negra. Hasta las 14:00.<\/li>\n\n\n\n<li>14:15: Bodega SMS. Hasta las 16:30.<\/li>\n\n\n\n<li>16:45: Bodega Barberis. Hasta las 17:30.<\/li>\n\n\n\n<li>18:00: Parroquia San Jos\u00e9, previo recibimiento. Guarda hasta la Bendici\u00f3n de los Frutos del 25\/02, en el Predio de la Virgen.<\/li>\n<\/ul>\n\n\n\n<div style=\"height:32px\" aria-hidden=\"true\" class=\"wp-block-spacer\"><\/div>\n","protected":false},"excerpt":{"rendered":"<p>Como cada a\u00f1o para esta \u00e9poca de Vendimia, la Virgen de la Carrodilla comienza su&hellip;<\/p>\n","protected":false},"author":3,"featured_media":110697,"comment_status":"open","ping_status":"open","sticky":false,"template":"","format":"standard","meta":{"footnotes":""},"categories":[47],"tags":[],"class_list":["post-110691","post","type-post","status-publish","format-standard","has-post-thumbnail","hentry","category-agenda"],"_links":{"self":[{"href":"https:\/\/enolife.com.ar\/es\/wp-json\/wp\/v2\/posts\/110691","targetHints":{"allow":["GET"]}}],"collection":[{"href":"https:\/\/enolife.com.ar\/es\/wp-json\/wp\/v2\/posts"}],"about":[{"href":"https:\/\/enolife.com.ar\/es\/wp-json\/wp\/v2\/types\/post"}],"author":[{"embeddable":true,"href":"https:\/\/enolife.com.ar\/es\/wp-json\/wp\/v2\/users\/3"}],"replies":[{"embeddable":true,"href":"https:\/\/enolife.com.ar\/es\/wp-json\/wp\/v2\/comments?post=110691"}],"version-history":[{"count":0,"href":"https:\/\/enolife.com.ar\/es\/wp-json\/wp\/v2\/posts\/110691\/revisions"}],"wp:featuredmedia":[{"embeddable":true,"href":"https:\/\/enolife.com.ar\/es\/wp-json\/wp\/v2\/media\/110697"}],"wp:attachment":[{"href":"https:\/\/enolife.com.ar\/es\/wp-json\/wp\/v2\/media?parent=110691"}],"wp:term":[{"taxonomy":"category","embeddable":true,"href":"https:\/\/enolife.com.ar\/es\/wp-json\/wp\/v2\/categories?post=110691"},{"taxonomy":"post_tag","embeddable":true,"href":"https:\/\/enolife.com.ar\/es\/wp-json\/wp\/v2\/tags?post=110691"}],"curies":[{"name":"wp","href":"https:\/\/api.w.org\/{rel}","templated":true}]}}