{"id":110656,"date":"2024-02-13T18:09:49","date_gmt":"2024-02-13T18:09:49","guid":{"rendered":"https:\/\/enolife.com.ar\/es\/?p=110656"},"modified":"2024-02-14T00:00:23","modified_gmt":"2024-02-14T00:00:23","slug":"atencion-periodistas-del-12-al-18-2-hay-que-acreditarse-para-cubrir-todos-los-actos-de-vendimia","status":"publish","type":"post","link":"https:\/\/enolife.com.ar\/es\/atencion-periodistas-del-12-al-18-2-hay-que-acreditarse-para-cubrir-todos-los-actos-de-vendimia\/","title":{"rendered":"\u00a1Atenci\u00f3n periodistas: del 12 al 18\/2 hay que acreditarse para cubrir todos los actos de Vendimia!"},"content":{"rendered":"\n<h4 class=\"wp-block-heading\"><em><strong>El Gobierno de Mendoza comunic\u00f3 que ya est\u00e1 disponible el formulario para que los medios de prensa interesados de toda Argentina puedan cubrir los actos oficiales del calendario de la Fiesta Nacional de la Vendimia 2024. El sistema est\u00e1 habilitado del 12 al 18 de febrero, sin excepci\u00f3n. Todos los detalles y el link al formulario en esta nota.<\/strong><\/em><\/h4>\n\n\n\n<div style=\"height:35px\" aria-hidden=\"true\" class=\"wp-block-spacer\"><\/div>\n\n\n\n\n\n<div style=\"height:45px\" aria-hidden=\"true\" class=\"wp-block-spacer\"><\/div>\n\n\n\n<p>La <strong>Subsecretar\u00eda de Comunicaci\u00f3n Social<\/strong>, Prensa y Protocolo del <strong>Gobierno de Mendoza<\/strong> inform\u00f3 que se habilit\u00f3 el proceso de preacreditaciones para periodistas y medios de comunicaci\u00f3n interesados en cubrir los actos oficiales.<\/p>\n\n\n\n<div style=\"height:35px\" aria-hidden=\"true\" class=\"wp-block-spacer\"><\/div>\n\n\n\n<p class=\"has-medium-font-size\"><strong>Fechas de actos oficiales de Vendimia 2024<\/strong><\/p>\n\n\n\n<ul class=\"wp-block-list\">\n<li>25\/02: Bendici\u00f3n de los Frutos. Ubicaci\u00f3n: Predio de la Virgen, Guaymall\u00e9n<\/li>\n\n\n\n<li>01\/03: V\u00eda Blanca<\/li>\n\n\n\n<li>02\/03: Carrusel<\/li>\n\n\n\n<li>02\/03: Fiesta Nacional de la Vendimia 2024<\/li>\n\n\n\n<li>03\/03: Primera repetici\u00f3n Fiesta Nacional de la Vendimia 2024<\/li>\n\n\n\n<li>04\/03: Segunda repetici\u00f3n Fiesta Nacional de la Vendimia 2024 y Vendimia para Todos<\/li>\n<\/ul>\n\n\n\n<div style=\"height:35px\" aria-hidden=\"true\" class=\"wp-block-spacer\"><\/div>\n\n\n\n<p class=\"has-medium-font-size\"><strong>Informaci\u00f3n importante sobre acreditaciones<\/strong><\/p>\n\n\n\n<p>Para\u00a0<strong>Bendici\u00f3n de los Frutos, V\u00eda Blanca y Carrusel<\/strong>\u00a0es acreditaci\u00f3n directa mediante este<strong>\u00a0<a href=\"https:\/\/forms.gle\/d5t6JPchtqQ9XcTj8\">formulario<\/a><\/strong>. Los precintos deber\u00e1n retirarse en la Subsecretar\u00eda de Comunicaci\u00f3n Social, Prensa y Protocolo, tercer piso de la Casa de Gobierno, el 22 y 23 de febrero de 9 a 19. Sin excepci\u00f3n.<\/p>\n\n\n\n<div style=\"height:35px\" aria-hidden=\"true\" class=\"wp-block-spacer\"><\/div>\n\n\n\n<p class=\"has-medium-font-size\"><strong>Preacreditaci\u00f3n para Acto Central y repeticiones<\/strong><\/p>\n\n\n\n<p>Para\u00a0<strong>Acto Central y repeticiones<\/strong>, los medios de comunicaci\u00f3n interesados en cubrir las actividades deben pre acreditarse en el siguiente\u00a0<a href=\"https:\/\/forms.gle\/gyD7bFYejWDBmzUr9\"><strong>formulario<\/strong><\/a>. Es importante mencionar que el hecho de\u00a0<strong>completar este formulario no garantiza la acreditaci\u00f3n<\/strong>.<\/p>\n\n\n\n<p>El&nbsp;<strong>proceso de acreditaciones est\u00e1 sujeto a la capacidad del palco de prensa del Teatro Griego Frank Romero Day<\/strong>, para brindar comodidad y seguridad para trabajar.<\/p>\n\n\n\n<p>En una siguiente instancia,&nbsp;<strong>las personas queden acreditadas recibir\u00e1n la notificaci\u00f3n el 21 de febrero mediante correo electr\u00f3nico<\/strong>. All\u00ed se les informar\u00e1 sobre c\u00f3mo sigue el proceso de preacreditaciones y d\u00f3nde retirar los pases para acceder a los eventos. Se recomienda revisar que la direcci\u00f3n de correo electr\u00f3nico no tenga errores antes de enviar el formulario.<\/p>\n\n\n\n<div style=\"height:35px\" aria-hidden=\"true\" class=\"wp-block-spacer\"><\/div>\n\n\n\n<p class=\"has-medium-font-size\"><strong>Palco de Prensa en el Teatro Griego<\/strong><\/p>\n\n\n\n<ul class=\"wp-block-list\">\n<li>No podr\u00e1n ingresar al Palco de Prensa personas menores de 18 a\u00f1os.<\/li>\n\n\n\n<li>No se podr\u00e1 ingresar con canastos, heladeras y elementos de camping, teniendo en cuenta la capacidad del espacio.<\/li>\n<\/ul>\n\n\n\n<p class=\"has-background\" style=\"background-color:#abb7c24a\"><strong>Ante cualquier duda, los interesados en cubrir la Fiesta Nacional de la Vendimia 2024 deben escribir a\u00a0<a href=\"mailto:prensa.gob.mza@gmail.com\">prensa.gob.mza@gmail.com<\/a>.<\/strong><\/p>\n\n\n\n<div style=\"height:30px\" aria-hidden=\"true\" class=\"wp-block-spacer\"><\/div>\n","protected":false},"excerpt":{"rendered":"<p>El Gobierno de Mendoza comunic\u00f3 que ya est\u00e1 disponible el formulario para que los medios&hellip;<\/p>\n","protected":false},"author":3,"featured_media":110674,"comment_status":"open","ping_status":"open","sticky":false,"template":"","format":"standard","meta":{"footnotes":""},"categories":[14],"tags":[],"class_list":["post-110656","post","type-post","status-publish","format-standard","has-post-thumbnail","hentry","category-news"],"_links":{"self":[{"href":"https:\/\/enolife.com.ar\/es\/wp-json\/wp\/v2\/posts\/110656","targetHints":{"allow":["GET"]}}],"collection":[{"href":"https:\/\/enolife.com.ar\/es\/wp-json\/wp\/v2\/posts"}],"about":[{"href":"https:\/\/enolife.com.ar\/es\/wp-json\/wp\/v2\/types\/post"}],"author":[{"embeddable":true,"href":"https:\/\/enolife.com.ar\/es\/wp-json\/wp\/v2\/users\/3"}],"replies":[{"embeddable":true,"href":"https:\/\/enolife.com.ar\/es\/wp-json\/wp\/v2\/comments?post=110656"}],"version-history":[{"count":0,"href":"https:\/\/enolife.com.ar\/es\/wp-json\/wp\/v2\/posts\/110656\/revisions"}],"wp:featuredmedia":[{"embeddable":true,"href":"https:\/\/enolife.com.ar\/es\/wp-json\/wp\/v2\/media\/110674"}],"wp:attachment":[{"href":"https:\/\/enolife.com.ar\/es\/wp-json\/wp\/v2\/media?parent=110656"}],"wp:term":[{"taxonomy":"category","embeddable":true,"href":"https:\/\/enolife.com.ar\/es\/wp-json\/wp\/v2\/categories?post=110656"},{"taxonomy":"post_tag","embeddable":true,"href":"https:\/\/enolife.com.ar\/es\/wp-json\/wp\/v2\/tags?post=110656"}],"curies":[{"name":"wp","href":"https:\/\/api.w.org\/{rel}","templated":true}]}}