{"id":110591,"date":"2024-02-11T15:12:14","date_gmt":"2024-02-11T15:12:14","guid":{"rendered":"https:\/\/enolife.com.ar\/es\/?p=110591"},"modified":"2024-02-12T15:22:58","modified_gmt":"2024-02-12T15:22:58","slug":"el-agasajo-de-bodegas-de-argentina-sera-el-2-de-marzo-a-las-13-hs-en-el-espacio-arizu-de-mendoza","status":"publish","type":"post","link":"https:\/\/enolife.com.ar\/es\/el-agasajo-de-bodegas-de-argentina-sera-el-2-de-marzo-a-las-13-hs-en-el-espacio-arizu-de-mendoza\/","title":{"rendered":"El Agasajo de Bodegas de Argentina ser\u00e1 el 2 de marzo a las 13 hs en el Espacio Arizu de Mendoza"},"content":{"rendered":"\n<h4 class=\"wp-block-heading\"><em><strong>Este cl\u00e1sico encuentro empresarial, que se realiza desde 1936 organizado a trav\u00e9s del tiempo por las entidades vitivin\u00edcolas m\u00e1s representativas del sector, este a\u00f1o, como en las \u00faltimas dos d\u00e9cadas, est\u00e1 convocado por Bodegas de Argentina, la C\u00e1mara que nuclea a unas 250 bodegas argentinas, en su mayor\u00eda exportadoras. En el marco de los festejos de Vendimia, reunir\u00e1 a referentes de la vitivinicultura, empresarios, funcionarios de gobierno, periodistas y p\u00fablico en general.<\/strong><\/em><\/h4>\n\n\n\n<div style=\"height:35px\" aria-hidden=\"true\" class=\"wp-block-spacer\"><\/div>\n\n\n<a href=\"https:\/\/www.parsecsrl.net\/es\/extraccion-selectiva-tintos\/\" aria-label=\"banner1700x500-rev-9\"><img loading=\"lazy\" decoding=\"async\" src=\"https:\/\/enolife.com.ar\/es\/wp-content\/uploads\/2022\/04\/banner1700x500-rev-9.gif\" alt=\"\"  width=\"1700\" height=\"500\"   \/><\/a>\n\n\n<div style=\"height:45px\" aria-hidden=\"true\" class=\"wp-block-spacer\"><\/div>\n\n\n\n<p>El <strong>Agasajo de Bodegas de Argentina<\/strong> se realizar\u00e1 en el <strong>Espacio Arizu de Godoy Cruz, Mendoza,<\/strong> el s\u00e1bado 2 de marzo a las 13 horas. Como cada a\u00f1o, el tradicional evento de la c\u00e1mara nacional empresaria del vino tendr\u00e1 lugar en el marco del calendario oficial de la <strong>Fiesta Nacional de la Vendimia.<\/strong><\/p>\n\n\n\n<p>El almuerzo empresarial de los s\u00e1bados de la Vendimia se caracteriza por contar con la presencia no s\u00f3lo de referentes institucionales de la vitivinicultura provincial y nacional sino tambi\u00e9n con empresarios de distintos rubros, funcionarios pol\u00edticos y p\u00fablico en general.<\/p>\n\n\n\n<p>En este tradicional agasajo, m\u00e1s de 700 empresarios, autoridades municipales, provinciales y nacionales y referentes de la industria comparten las experiencias, noticias y sensaciones de una nueva vendimia y el trabajo realizado en el a\u00f1o, en un espacio de networking. Tambi\u00e9n se re\u00fanen para analizar e intercambiar opiniones sobre el futuro del sector.<\/p>\n\n\n\n<p>As\u00ed, cada marzo, Bodegas de Argentina, la c\u00e1mara l\u00edder de la vitivinicultura de Argentina, aprovecha este encuentro empresarial para ahondar en las \u00e1reas en las que trabaja a trav\u00e9s de sus m\u00e1s de 250 asociados, tales como sustentabilidad, enoturismo, consumo responsable, riesgos de trabajo, comunicaci\u00f3n, pymes, mercado interno, comercio exterior, entre otras.<\/p>\n\n\n\n<div style=\"height:30px\" aria-hidden=\"true\" class=\"wp-block-spacer\"><\/div>\n\n\n<div class=\"wp-block-image\">\n<figure class=\"aligncenter size-full is-resized\"><a href=\"https:\/\/enolife.com.ar\/es\/wp-content\/uploads\/2024\/02\/AGASAJO-VENDIMIA-2018-9358-1-800x428-1.jpg\" data-rel=\"penci-gallery-image-content\" ><img loading=\"lazy\" decoding=\"async\" src=\"https:\/\/enolife.com.ar\/es\/wp-content\/uploads\/2024\/02\/AGASAJO-VENDIMIA-2018-9358-1-800x428-1.jpg\" alt=\"\" class=\"wp-image-110610\" width=\"578\" height=\"329\" srcset=\"https:\/\/enolife.com.ar\/es\/wp-content\/uploads\/2024\/02\/AGASAJO-VENDIMIA-2018-9358-1-800x428-1.jpg 876w, https:\/\/enolife.com.ar\/es\/wp-content\/uploads\/2024\/02\/AGASAJO-VENDIMIA-2018-9358-1-800x428-1-300x171.jpg 300w, https:\/\/enolife.com.ar\/es\/wp-content\/uploads\/2024\/02\/AGASAJO-VENDIMIA-2018-9358-1-800x428-1-768x438.jpg 768w, https:\/\/enolife.com.ar\/es\/wp-content\/uploads\/2024\/02\/AGASAJO-VENDIMIA-2018-9358-1-800x428-1-585x334.jpg 585w\" sizes=\"auto, (max-width: 578px) 100vw, 578px\" \/><\/a><\/figure><\/div>\n\n\n<div style=\"height:35px\" aria-hidden=\"true\" class=\"wp-block-spacer\"><\/div>\n\n\n\n<p class=\"has-medium-font-size\"><strong>Historia del Agasajo de Bodegas de Argentina<\/strong><\/p>\n\n\n\n<p>Con el inicio de la <strong>Fiesta Nacional de la Vendimia, en 1936,<\/strong> comenz\u00f3 a realizarse en Mendoza un almuerzo organizado por empresarios de la industria vitivin\u00edcola que, en aquel entonces, formaban parte del <strong>Centro de Bodegueros de Mendoza<\/strong>. El primero de ellos se hizo en la <strong>Bodega Escorihuela<\/strong> y asisti\u00f3 el <strong>Presidente Agust\u00edn Pedro Justo.<\/strong><\/p>\n\n\n\n<p>Por muchos a\u00f1os se denomin\u00f3 <strong>\u201cAlmuerzo de las Fuerzas Vivas\u201d<\/strong> y en otras oportunidades <strong>\u201cBanquete de la Vendimia\u201d.<\/strong> Asist\u00edan gobernantes, invitados y empresarios. Durante una \u00e9poca el presidente del Centro de Bodegueros reflejaba la opini\u00f3n de los distintos sectores de la econom\u00eda provincial, no s\u00f3lo del vitivin\u00edcola, por ello era llamado de las <strong>Fuerzas Vivas.<\/strong><\/p>\n\n\n\n<div style=\"height:35px\" aria-hidden=\"true\" class=\"wp-block-spacer\"><\/div>\n\n\n\n<p class=\"has-medium-font-size\"><strong>Evoluci\u00f3n en el tiempo<\/strong><\/p>\n\n\n\n<p>En los primeros a\u00f1os de la d\u00e9cada de 1980, el Centro de Bodegueros de Mendoza comenz\u00f3 a expresar su propia opini\u00f3n y el \u201cAlmuerzo de las Fuerzas Vivas\u201d pas\u00f3 a ser el \u201cAlmuerzo del Centro de Bodegueros de Mendoza\u00bb o \u00abde la Vitivinicultura\u201d. Con el transcurrir del tiempo, la reuni\u00f3n del s\u00e1bado de la Vendimia qued\u00f3 a cargo de Bodegas de Argentina (continuadora del Centro de Bodegueros), que hoy nuclea a m\u00e1s de 250 empresas, entre bodegas y proveedores, de las 19 provincias vitivin\u00edcolas del pa\u00eds.<\/p>\n\n\n\n<p>En la actualidad, el Agasajo de Bodegas de Argentina que este 2024 se har\u00e1 el s\u00e1bado 2 de marzo a las 13 horas, adem\u00e1s de un importante evento empresarial, pol\u00edtico y social, es un gran acto de promoci\u00f3n de la vitivinicultura argentina. Su trascendencia se refleja en la representatividad de sus asistentes y en la cobertura de medios de comunicaci\u00f3n provinciales, nacionales e, incluso, internacionales.<\/p>\n\n\n\n<div style=\"height:35px\" aria-hidden=\"true\" class=\"wp-block-spacer\"><\/div>\n\n\n\n<p class=\"has-medium-font-size\"><strong>El Espacio Arizu, patrimonio vitivin\u00edcola, arquitect\u00f3nico y comercial<\/strong><\/p>\n\n\n\n<p>Cabe subrayar que, dentro del patrimonio arquitect\u00f3nico de <strong>Mendoza<\/strong>, el <strong>Espacio Arizu <\/strong>representa una tipolog\u00eda de grandes conjuntos agroindustriales vitivin\u00edcolas de fines del siglo XIX. La <strong>Bodega Arizu se fund\u00f3 en 1888<\/strong> y fue el primer gran establecimiento de la empresa familiar.<\/p>\n\n\n\n<p>Fue propiedad de la familia Arizu por 90 a\u00f1os y cerr\u00f3 definitivamente sus puertas en 1991. En 1999, fue declarado <strong>Monumento Hist\u00f3rico Nacional<\/strong> y en 2017, de inter\u00e9s municipal. En 2019 la <strong>Municipalidad de Godoy Cruz<\/strong> comenz\u00f3 a realizar trabajos de puesta en valor del edificio junto a profesionales de la Junta de Estudios Hist\u00f3ricos de la comuna y de la Provincia de Mendoza. Actualmente, es un lugar de encuentro tur\u00edstico y art\u00edstico, relacionado a la vitivinicultura.<\/p>\n\n\n\n<div style=\"height:30px\" aria-hidden=\"true\" class=\"wp-block-spacer\"><\/div>\n","protected":false},"excerpt":{"rendered":"<p>Este cl\u00e1sico encuentro empresarial, que se realiza desde 1936 organizado a trav\u00e9s del tiempo por&hellip;<\/p>\n","protected":false},"author":3,"featured_media":110609,"comment_status":"open","ping_status":"open","sticky":false,"template":"","format":"standard","meta":{"footnotes":""},"categories":[47],"tags":[],"class_list":["post-110591","post","type-post","status-publish","format-standard","has-post-thumbnail","hentry","category-agenda"],"_links":{"self":[{"href":"https:\/\/enolife.com.ar\/es\/wp-json\/wp\/v2\/posts\/110591","targetHints":{"allow":["GET"]}}],"collection":[{"href":"https:\/\/enolife.com.ar\/es\/wp-json\/wp\/v2\/posts"}],"about":[{"href":"https:\/\/enolife.com.ar\/es\/wp-json\/wp\/v2\/types\/post"}],"author":[{"embeddable":true,"href":"https:\/\/enolife.com.ar\/es\/wp-json\/wp\/v2\/users\/3"}],"replies":[{"embeddable":true,"href":"https:\/\/enolife.com.ar\/es\/wp-json\/wp\/v2\/comments?post=110591"}],"version-history":[{"count":0,"href":"https:\/\/enolife.com.ar\/es\/wp-json\/wp\/v2\/posts\/110591\/revisions"}],"wp:featuredmedia":[{"embeddable":true,"href":"https:\/\/enolife.com.ar\/es\/wp-json\/wp\/v2\/media\/110609"}],"wp:attachment":[{"href":"https:\/\/enolife.com.ar\/es\/wp-json\/wp\/v2\/media?parent=110591"}],"wp:term":[{"taxonomy":"category","embeddable":true,"href":"https:\/\/enolife.com.ar\/es\/wp-json\/wp\/v2\/categories?post=110591"},{"taxonomy":"post_tag","embeddable":true,"href":"https:\/\/enolife.com.ar\/es\/wp-json\/wp\/v2\/tags?post=110591"}],"curies":[{"name":"wp","href":"https:\/\/api.w.org\/{rel}","templated":true}]}}