{"id":110559,"date":"2024-02-11T14:21:07","date_gmt":"2024-02-11T14:21:07","guid":{"rendered":"https:\/\/enolife.com.ar\/es\/?p=110559"},"modified":"2024-02-13T13:28:14","modified_gmt":"2024-02-13T13:28:14","slug":"pablo-perri-director-vendimial-a-los-9-anos-me-regalaron-una-patineta-y-arme-un-carro-con-reinas","status":"publish","type":"post","link":"https:\/\/enolife.com.ar\/es\/pablo-perri-director-vendimial-a-los-9-anos-me-regalaron-una-patineta-y-arme-un-carro-con-reinas\/","title":{"rendered":"Pablo Perri, director vendimial: \u00abA los 9 a\u00f1os me regalaron una patineta y arm\u00e9 un carro con reinas\u00bb"},"content":{"rendered":"\n<h4 class=\"wp-block-heading\"><em><strong>El joven escen\u00f3grafo y docente oriundo de San Mart\u00edn debutar\u00e1 como director general del Acto Central de la Fiesta de la Vendimia, \u00abCoronados de historia y futuro\u00bb, el 2 de marzo en el Anfiteatro Frank Romero Day de Mendoza. Ya antes, en 2017 dirigi\u00f3 la Fiesta de la Vendimia de Maip\u00fa, pero es su primera experiencia en el escenario mayor, honor ganado en el concurso de directores para Vendimia organizado por el Gobierno de Mendoza. <\/strong><\/em><\/h4>\n\n\n\n<div style=\"height:35px\" aria-hidden=\"true\" class=\"wp-block-spacer\"><\/div>\n\n\n\n\n\n<div style=\"height:45px\" aria-hidden=\"true\" class=\"wp-block-spacer\"><\/div>\n\n\n\n<p><strong>Pablo Mariano Perri<\/strong> es el director de&nbsp;<strong>\u00abCoronados de historia y futuro\u00bb<\/strong><em>,&nbsp;<\/em>la propuesta que cuenta con gui\u00f3n de <strong>Silvia Moyano<\/strong> y subir\u00e1 a escena en el <strong>Acto Central de la Fiesta Nacional de la Vendimia 2024, <\/strong>los d\u00edas s\u00e1bado 2, domingo 3 y lunes 4 de marzo en el Teatro Griego Frank Romero Day.<\/p>\n\n\n\n<p>Pablo es escen\u00f3grafo de profesi\u00f3n y profesor de escuelas secundarias y su gran pasi\u00f3n siempre fue la Vendimia. <em>\u201cCreo que empec\u00e9 a hacer Vendimia desde mis 9 a\u00f1os. En un concurso me gan\u00e9 una patineta. Todos mis amigos andaban en ella y yo armaba carros vendimiales en la patineta con reinas y bailarines. Desde chico empec\u00e9 a hacer Vendimia. Una vez, en el patio de mi casa, met\u00ed casi 100 personas porque arm\u00e9 una fiesta. Cuando mi mam\u00e1 vio eso, casi se desmaya\u2026 Una vez me preguntaron qu\u00e9 quer\u00eda ser de grande y no dud\u00e9 en responder que mi sue\u00f1o era ser director de la Fiesta de la Vendimia. Es incre\u00edble e insisto, creo que es un sue\u00f1o del que voy a despertar\u201d,<\/em> cuenta emocionado, Perri. <\/p>\n\n\n\n<p><em>\u201cY s\u00ed, pasaron los a\u00f1os y el camino siempre estuvo claro, todos los senderos, todos los esfuerzos me conduc\u00edan a pisar este espacio lleno de magia en medio de los cerros\u201d<\/em>, agrega.<\/p>\n\n\n\n<p>Pablo es tan fan\u00e1tico de la Fiesta Mayor de los mendocinos que, durante a\u00f1os, fue quien lider\u00f3 la fila para la compra de entradas f\u00edsicas y hasta lleg\u00f3 a ser el gestor de la elecci\u00f3n de la \u201cReina de la fila\u201d.<\/p>\n\n\n\n<p>\u201c<em>Alguien me dijo una vez: \u2018Ojo con los sue\u00f1os, porque muchos se convierten en realidad\u2019. La verdad que me sucedi\u00f3. Me parece mentira estar trabajando con un excelente equipo de profesionales, respondiendo a la prensa y decidiendo cuestiones mano a mano con el \u00e1rea de Cultura\u201d<\/em>, destaca el artista.<\/p>\n\n\n\n<div style=\"height:19px\" aria-hidden=\"true\" class=\"wp-block-spacer\"><\/div>\n\n\n\n<blockquote class=\"wp-block-quote is-layout-flow wp-block-quote-is-layout-flow\">\n<p>El persona principal del gui\u00f3n de la Fiesta es Pedro, es el que cuenta la historia, es un orfebre al que le encomiendan crear una joya que represente al pueblo&#8230; Hay que prestarle mucha atenci\u00f3n a Pedro\u00bb<\/p>\n<cite>Pablo Perri, director general de Vendimia<\/cite><\/blockquote>\n\n\n\n<div style=\"height:17px\" aria-hidden=\"true\" class=\"wp-block-spacer\"><\/div>\n\n\n\n<p><em>\u201cDesde hace un mes estoy en un mundo distinto, estoy viendo lo que pasar\u00e1 en la fiesta\u201d<\/em>, indica Pablo, y agrega: \u201c<em>Siempre estuve ansioso por este instante. Imagino momentos especiales, en donde la gente tenga la necesidad de aplaudir o de pararse o de revolear los pa\u00f1uelos. Escuchando los ensayos musicales me nace esa sensaci\u00f3n de pararme y aplaudir y espero que la gente tambi\u00e9n sienta esa necesidad\u201d.<\/em><\/p>\n\n\n\n<div style=\"height:20px\" aria-hidden=\"true\" class=\"wp-block-spacer\"><\/div>\n\n\n\n<p class=\"has-medium-font-size\"><strong>La historia vista desde un personaje de pueblo<\/strong><\/p>\n\n\n\n<p>Respecto de la obra, el director dice que, si bien no puede adelantar mayores detalles, se enfocar\u00e1 en un personaje a quien se le encomienda una tarea muy especial: <em>\u201cSe trata de la historia de Pedro, un orfebre que debe armar un elemento que representa al pueblo\u201d<\/em>. Adem\u00e1s, dice que aunque la obra contar\u00e1 con todos los condimentos, no dejar\u00e1 de tener la cuota tradicional que todos los mendocinos esperan para el mayor espect\u00e1culo del teatro griego.<\/p>\n\n\n\n<p>\u201c<em>Siempre pens\u00e9 que la Fiesta deb\u00eda tener personajes que contar\u00e1n una historia que podr\u00eda ser la de cualquiera de uno de nosotros y esta es una historia que nos har\u00e1 sentir identificados. Hay que prestar atenci\u00f3n a los textos, a los vestuarios, a los personajes y a Pedro, el principal de la historia\u201d<\/em>, destaca Pablo. Y  agrega: <em>\u201cQuiero que todos disfrutemos la Vendimia, porque es parte de nuestra historia, de nuestra idiosincrasia. Quiero que la gente salga de la Vendimia pensando c\u00f3mo coronamos nosotros ese momento\u201d.<\/em><\/p>\n\n\n\n<div style=\"height:24px\" aria-hidden=\"true\" class=\"wp-block-spacer\"><\/div>\n\n\n\n<p class=\"has-medium-font-size\"><strong>El gui\u00f3n de la fiesta seg\u00fan sus autores<\/strong><\/p>\n\n\n\n<p>Seg\u00fan explican los guionistas y el director de la Fiesta,<em> \u00abCoronados de historia y futuro&nbsp;es una invitaci\u00f3n para reflexionar sobre \u00e9stos y otros interrogantes. Para ello se vale de un orfebre, quien, desde peque\u00f1o, ha sido llamado a cumplir un destino muy particular. Ser\u00e1 desafiado a construir un objeto que represente a su pueblo. Emprender\u00e1 un viaje hacia el pasado y el futuro en busca de los elementos necesarios para concretar su obra\u00bb.<\/em><\/p>\n\n\n\n<p>Y contin\u00faan: <em>\u00abProfundizar\u00e1 en sus ra\u00edces vendimiales y en las posibilidades infinitas de su gente. En su recorrido, ser\u00e1 acompa\u00f1ado por el insomnio, la incertidumbre y la inspiraci\u00f3n, quienes lo interpelar\u00e1n acerca de la necesidad de perseverar frente a las dificultades y acerca de la vigencia de los valores populares. Es all\u00ed cuando se produce el quiebre: la aparici\u00f3n de un cuarto personaje, que simboliza la desesperanza y la oscuridad\u00bb.<\/em><\/p>\n\n\n\n<p><em>\u00abFinalmente, el protagonista de esta historia recupera la fe y las fuerzas necesarias para terminar su trabajo y designar\u00e1 al pueblo, digno portador de la corona que, en definitiva, simboliza la soberan\u00eda con que sus habitantes se posicionan frente al mundo\u00bb<\/em>, concluyen.<\/p>\n\n\n\n<div style=\"height:28px\" aria-hidden=\"true\" class=\"wp-block-spacer\"><\/div>\n","protected":false},"excerpt":{"rendered":"<p>El joven escen\u00f3grafo y docente oriundo de San Mart\u00edn debutar\u00e1 como director general del Acto&hellip;<\/p>\n","protected":false},"author":3,"featured_media":110601,"comment_status":"open","ping_status":"open","sticky":false,"template":"","format":"standard","meta":{"footnotes":""},"categories":[4],"tags":[],"class_list":["post-110559","post","type-post","status-publish","format-standard","has-post-thumbnail","hentry","category-protagonistas"],"_links":{"self":[{"href":"https:\/\/enolife.com.ar\/es\/wp-json\/wp\/v2\/posts\/110559","targetHints":{"allow":["GET"]}}],"collection":[{"href":"https:\/\/enolife.com.ar\/es\/wp-json\/wp\/v2\/posts"}],"about":[{"href":"https:\/\/enolife.com.ar\/es\/wp-json\/wp\/v2\/types\/post"}],"author":[{"embeddable":true,"href":"https:\/\/enolife.com.ar\/es\/wp-json\/wp\/v2\/users\/3"}],"replies":[{"embeddable":true,"href":"https:\/\/enolife.com.ar\/es\/wp-json\/wp\/v2\/comments?post=110559"}],"version-history":[{"count":0,"href":"https:\/\/enolife.com.ar\/es\/wp-json\/wp\/v2\/posts\/110559\/revisions"}],"wp:featuredmedia":[{"embeddable":true,"href":"https:\/\/enolife.com.ar\/es\/wp-json\/wp\/v2\/media\/110601"}],"wp:attachment":[{"href":"https:\/\/enolife.com.ar\/es\/wp-json\/wp\/v2\/media?parent=110559"}],"wp:term":[{"taxonomy":"category","embeddable":true,"href":"https:\/\/enolife.com.ar\/es\/wp-json\/wp\/v2\/categories?post=110559"},{"taxonomy":"post_tag","embeddable":true,"href":"https:\/\/enolife.com.ar\/es\/wp-json\/wp\/v2\/tags?post=110559"}],"curies":[{"name":"wp","href":"https:\/\/api.w.org\/{rel}","templated":true}]}}