{"id":110475,"date":"2024-02-08T23:09:43","date_gmt":"2024-02-08T23:09:43","guid":{"rendered":"https:\/\/enolife.com.ar\/es\/?p=110475"},"modified":"2024-02-15T14:55:23","modified_gmt":"2024-02-15T14:55:23","slug":"desayuno-de-coviar-2024-sera-el-2-3-desde-las-8-hs-y-ya-esta-abierta-la-acreditacion-de-periodistas","status":"publish","type":"post","link":"https:\/\/enolife.com.ar\/es\/desayuno-de-coviar-2024-sera-el-2-3-desde-las-8-hs-y-ya-esta-abierta-la-acreditacion-de-periodistas\/","title":{"rendered":"Desayuno de Coviar 2024: ser\u00e1 el 2\/3 desde las 8 hs. y ya est\u00e1 abierta la acreditaci\u00f3n de periodistas"},"content":{"rendered":"\n<h4 class=\"wp-block-heading\"><em><strong>La Corporaci\u00f3n Vitivin\u00edcola Argentina (Coviar) confirm\u00f3 la fecha de realizaci\u00f3n del tradicional Desayuno, que cada a\u00f1o re\u00fane a dirigentes de la industria, funcionarios de gobierno, vi\u00f1ateros, bodegueros, empresarios y periodistas. Ser\u00e1 el mismo d\u00eda 2\/3 en que tiene lugar el Carrusel, al mediod\u00eda, y el Acto Central, por la noche en el Anfiteatro Frank Romero Day. Coviar public\u00f3 en su web una gu\u00eda sobre c\u00f3mo los periodistas y la prensa institucional deben acreditarse hasta el 26 de febrero a las 12 hs., la que a continuaci\u00f3n reproducimos.<\/strong><\/em><\/h4>\n\n\n\n<div style=\"height:35px\" aria-hidden=\"true\" class=\"wp-block-spacer\"><\/div>\n\n\n<a href=\"https:\/\/www.dellatoffola.com.ar\/es\/home\" aria-label=\"Banner Filtro Omnia_1700x500\"><img loading=\"lazy\" decoding=\"async\" src=\"https:\/\/enolife.com.ar\/es\/wp-content\/uploads\/2023\/10\/Banner-Filtro-Omnia_1700x500.png\" alt=\"\"  srcset=\"https:\/\/enolife.com.ar\/es\/wp-content\/uploads\/2023\/10\/Banner-Filtro-Omnia_1700x500.png 1699w, https:\/\/enolife.com.ar\/es\/wp-content\/uploads\/2023\/10\/Banner-Filtro-Omnia_1700x500-300x88.png 300w, https:\/\/enolife.com.ar\/es\/wp-content\/uploads\/2023\/10\/Banner-Filtro-Omnia_1700x500-1024x301.png 1024w, https:\/\/enolife.com.ar\/es\/wp-content\/uploads\/2023\/10\/Banner-Filtro-Omnia_1700x500-768x226.png 768w, https:\/\/enolife.com.ar\/es\/wp-content\/uploads\/2023\/10\/Banner-Filtro-Omnia_1700x500-1536x452.png 1536w, https:\/\/enolife.com.ar\/es\/wp-content\/uploads\/2023\/10\/Banner-Filtro-Omnia_1700x500-1170x344.png 1170w, https:\/\/enolife.com.ar\/es\/wp-content\/uploads\/2023\/10\/Banner-Filtro-Omnia_1700x500-585x172.png 585w\" sizes=\"auto, (max-width: 1699px) 100vw, 1699px\" width=\"1699\" height=\"500\"   \/><\/a>\n\n\n<div style=\"height:45px\" aria-hidden=\"true\" class=\"wp-block-spacer\"><\/div>\n\n\n<div class=\"wp-block-image\">\n<figure class=\"alignleft size-full is-resized\"><a href=\"https:\/\/enolife.com.ar\/es\/wp-content\/uploads\/2024\/02\/Imagen1-10.jpg\" data-rel=\"penci-gallery-image-content\" ><img loading=\"lazy\" decoding=\"async\" src=\"https:\/\/enolife.com.ar\/es\/wp-content\/uploads\/2024\/02\/Imagen1-10.jpg\" alt=\"\" class=\"wp-image-110479\" width=\"281\" height=\"287\" srcset=\"https:\/\/enolife.com.ar\/es\/wp-content\/uploads\/2024\/02\/Imagen1-10.jpg 391w, https:\/\/enolife.com.ar\/es\/wp-content\/uploads\/2024\/02\/Imagen1-10-293x300.jpg 293w\" sizes=\"auto, (max-width: 281px) 100vw, 281px\" \/><\/a><\/figure><\/div>\n\n\n<p>Se viene una nueva edici\u00f3n del <strong>Visi\u00f3n Estrat\u00e9gica de la Vitivinicultura Argentina Desayuno de Coviar 2024. &nbsp;<\/strong>El <strong>s\u00e1bado 2 de marzo a las 8hs<\/strong> se llevar\u00e1 a cabo una nueva edici\u00f3n de este encuentro anual que re\u00fane a los protagonistas del sector a nivel nacional, contando con la presencia de productores, bodegueros, empresarios, dirigentes y funcionarios nacionales, provinciales y municipales.<\/p>\n\n\n\n<p>Como cada a\u00f1o, estar\u00e1 abierto el evento a la cobertura de&nbsp;medios de comunicaci\u00f3n y prensa institucional, brindando acceso a toda la informaci\u00f3n que se desarrolle durante la jornada.<\/p>\n\n\n\n<p>Como la&nbsp;<strong>capacidad de aforo es limitada<\/strong>, su acreditaci\u00f3n estar\u00e1 sujeta al cupo disponible establecido por la organizaci\u00f3n del evento.<\/p>\n\n\n\n<p>Los medios de comunicaci\u00f3n e instituciones que quieran participar y acreditar a sus&nbsp;<strong>periodistas y responsables de comunicaci\u00f3n institucional<\/strong>&nbsp;pueden hacerlo siguiendo, a continuaci\u00f3n, los pasos que se describen para realizar la acreditaci\u00f3n como Prensa al Desayuno:<\/p>\n\n\n\n<p class=\"has-background\" style=\"background-color:#abb7c270\"><strong>Primero, se debe ingresar al siguiente link: <a href=\"https:\/\/congresstools.com.ar\/coviar\/prensa.html\" target=\"_blank\" rel=\"noreferrer noopener\">https:\/\/congresstools.com.ar\/coviar\/prensa.html<\/a><\/strong><\/p>\n\n\n\n<p>Despu\u00e9s, se abrir\u00e1 un formulario con los siguientes datos a completar de forma obligatoria:<\/p>\n\n\n\n<p>-Apellido<br>-Nombre<br>-E-Mail<br>-Medio de Comunicaci\u00f3n\/Instituci\u00f3n\/funcionario:<br>-Tel\u00e9fono<br>-Funci\u00f3n:<br>-Fot\u00f3grafo y camar\u00f3grafo<br>-Periodista<\/p>\n\n\n\n<p>Una vez hecha la registraci\u00f3n, se mostrar\u00e1 una ventana que dir\u00e1:<\/p>\n\n\n\n<p>\u201cGracias por registrarse. Su participaci\u00f3n est\u00e1 sujeta a confirmaci\u00f3n dependiendo cupo disponible\u201d.<\/p>\n\n\n\n<p>En caso de ser confirmada la registraci\u00f3n,&nbsp;al inscripto le<strong> llegar\u00e1 un email con la informaci\u00f3n necesaria.<\/strong><\/p>\n\n\n\n<p>A los acreditados se les entregar\u00e1 una&nbsp;<strong>credencial f\u00edsica<\/strong>&nbsp;donde figurar\u00e1 el nombre del periodista, el medio o instituci\u00f3n donde cumplen funciones y el c\u00f3digo que ser\u00e1 escaneado en el ingreso al Hotel Park Hyatt de Mendoza.<\/p>\n\n\n\n<p>Los que reciban la confirmaci\u00f3n de su participaci\u00f3n en el evento,&nbsp;<strong>podr\u00e1n retirar las credenciales del 28 de febrero al 1 de marzo en Sarmiento 199, 4to. Piso, Oficina 451<\/strong>&nbsp;Ciudad de Mendoza.<\/p>\n\n\n\n<p>Es importante tener la&nbsp;<strong>credencial en mano<\/strong>&nbsp;al momento del ingreso, lo cual agilizar\u00e1 el proceso de entrada.<\/p>\n\n\n\n<p>El plazo para realizar tu registraci\u00f3n es hasta el d\u00eda&nbsp;<strong>26 de febrero a la 12hs<\/strong>.<\/p>\n\n\n\n<p class=\"has-background\" style=\"background-color:#abb7c24d\"><strong>Para m\u00e1s informaci\u00f3n, comunicarse al siguiente email: <a href=\"mailto:comunicacion@coviar.com.ar\">comunicacion@coviar.com.ar<\/a> o al tel\u00e9fono: (261) 4203877 int. 36.<\/strong><\/p>\n\n\n\n<div style=\"height:26px\" aria-hidden=\"true\" class=\"wp-block-spacer\"><\/div>\n","protected":false},"excerpt":{"rendered":"<p>La Corporaci\u00f3n Vitivin\u00edcola Argentina (Coviar) confirm\u00f3 la fecha de realizaci\u00f3n del tradicional Desayuno, que cada&hellip;<\/p>\n","protected":false},"author":3,"featured_media":110480,"comment_status":"open","ping_status":"open","sticky":false,"template":"","format":"standard","meta":{"footnotes":""},"categories":[47],"tags":[],"class_list":["post-110475","post","type-post","status-publish","format-standard","has-post-thumbnail","hentry","category-agenda"],"_links":{"self":[{"href":"https:\/\/enolife.com.ar\/es\/wp-json\/wp\/v2\/posts\/110475","targetHints":{"allow":["GET"]}}],"collection":[{"href":"https:\/\/enolife.com.ar\/es\/wp-json\/wp\/v2\/posts"}],"about":[{"href":"https:\/\/enolife.com.ar\/es\/wp-json\/wp\/v2\/types\/post"}],"author":[{"embeddable":true,"href":"https:\/\/enolife.com.ar\/es\/wp-json\/wp\/v2\/users\/3"}],"replies":[{"embeddable":true,"href":"https:\/\/enolife.com.ar\/es\/wp-json\/wp\/v2\/comments?post=110475"}],"version-history":[{"count":0,"href":"https:\/\/enolife.com.ar\/es\/wp-json\/wp\/v2\/posts\/110475\/revisions"}],"wp:featuredmedia":[{"embeddable":true,"href":"https:\/\/enolife.com.ar\/es\/wp-json\/wp\/v2\/media\/110480"}],"wp:attachment":[{"href":"https:\/\/enolife.com.ar\/es\/wp-json\/wp\/v2\/media?parent=110475"}],"wp:term":[{"taxonomy":"category","embeddable":true,"href":"https:\/\/enolife.com.ar\/es\/wp-json\/wp\/v2\/categories?post=110475"},{"taxonomy":"post_tag","embeddable":true,"href":"https:\/\/enolife.com.ar\/es\/wp-json\/wp\/v2\/tags?post=110475"}],"curies":[{"name":"wp","href":"https:\/\/api.w.org\/{rel}","templated":true}]}}