{"id":110440,"date":"2024-02-07T22:23:19","date_gmt":"2024-02-07T22:23:19","guid":{"rendered":"https:\/\/enolife.com.ar\/es\/?p=110440"},"modified":"2024-02-08T23:10:06","modified_gmt":"2024-02-08T23:10:06","slug":"entradas-para-la-fiesta-de-la-vendimia-se-venden-desde-el-12-2-al-3-3-entre-5-500-y-30-000","status":"publish","type":"post","link":"https:\/\/enolife.com.ar\/es\/entradas-para-la-fiesta-de-la-vendimia-se-venden-desde-el-12-2-al-3-3-entre-5-500-y-30-000\/","title":{"rendered":"Entradas para la Fiesta de la Vendimia: se venden desde el 12\/2 al 3\/3, entre $5.500 y $30.000"},"content":{"rendered":"\n<h4 class=\"wp-block-heading\"><em><strong>Seg\u00fan comunic\u00f3 la Subsecretar\u00eda de Cultura de Mendoza, la venta ser\u00e1 exclusivamente a trav\u00e9s de la plataforma www.entradaweb.com.ar\u00a0y se podr\u00e1n adquirir hasta 4 entradas por persona. Para el p\u00fablico mendocino saldr\u00e1n la mitad que para los turistas nacionales y extranjeros. Una vez compradas online, el p\u00fablico deber\u00e1 retirar las entradas impresas en los puntos de canje a partir del lunes 26 de febrero y hasta el lunes 4 de marzo, de 9 a 18.<\/strong><\/em><\/h4>\n\n\n\n<div style=\"height:35px\" aria-hidden=\"true\" class=\"wp-block-spacer\"><\/div>\n\n\n<a href=\"https:\/\/www.instagram.com\/agroconciencia_\" aria-label=\"BANNER AGROCONCIENCIA 1700X500\"><img loading=\"lazy\" decoding=\"async\" src=\"https:\/\/enolife.com.ar\/es\/wp-content\/uploads\/2019\/07\/BANNER-AGROCONCIENCIA-1700X500-1.jpg\" alt=\"\"  srcset=\"https:\/\/enolife.com.ar\/es\/wp-content\/uploads\/2019\/07\/BANNER-AGROCONCIENCIA-1700X500-1.jpg 1700w, https:\/\/enolife.com.ar\/es\/wp-content\/uploads\/2019\/07\/BANNER-AGROCONCIENCIA-1700X500-1-300x88.jpg 300w, https:\/\/enolife.com.ar\/es\/wp-content\/uploads\/2019\/07\/BANNER-AGROCONCIENCIA-1700X500-1-1024x301.jpg 1024w, https:\/\/enolife.com.ar\/es\/wp-content\/uploads\/2019\/07\/BANNER-AGROCONCIENCIA-1700X500-1-768x226.jpg 768w, https:\/\/enolife.com.ar\/es\/wp-content\/uploads\/2019\/07\/BANNER-AGROCONCIENCIA-1700X500-1-1536x452.jpg 1536w, https:\/\/enolife.com.ar\/es\/wp-content\/uploads\/2019\/07\/BANNER-AGROCONCIENCIA-1700X500-1-1170x344.jpg 1170w, https:\/\/enolife.com.ar\/es\/wp-content\/uploads\/2019\/07\/BANNER-AGROCONCIENCIA-1700X500-1-585x172.jpg 585w\" sizes=\"auto, (max-width: 1700px) 100vw, 1700px\" width=\"1700\" height=\"500\"   \/><\/a>\n\n\n<div style=\"height:45px\" aria-hidden=\"true\" class=\"wp-block-spacer\"><\/div>\n\n\n\n<p>Durante 3 noches, el <strong>Teatro Griego Frank Romero Day de Mendoza<\/strong> ser\u00e1 el escenario de la <strong>Fiesta Nacional de la Vendimia.<\/strong> All\u00ed, el espect\u00e1culo&nbsp;titulado <strong>\u00abCoronados de historia y futuro\u00bb<\/strong>&nbsp;tendr\u00e1 su estreno el s\u00e1bado <strong>2 de marzo,<\/strong> noche en la que tambi\u00e9n se llevar\u00e1 a cabo la elecci\u00f3n y coronaci\u00f3n de la soberana nacional. Las siguientes dos noches, 3 y 4 de marzo respectivamente y posterior a la puesta en escena del espect\u00e1culo&nbsp;art\u00edstico, como es habitual, actuar\u00e1n m\u00fasicos mendocinos y, en el cierre, bandas nacionales de mucha convocatoria.<\/p>\n\n\n\n<div style=\"height:24px\" aria-hidden=\"true\" class=\"wp-block-spacer\"><\/div>\n\n\n\n<p class=\"has-medium-font-size\"><strong>Venta para turismo nacional y extranjero<\/strong><\/p>\n\n\n\n<p>Ser\u00e1 desde el lunes 12 de febrero a las 9 hs- y hasta el viernes 16 febrero a las 12 hs, y estar\u00e1 destinado al turismo nacional y extranjero.<\/p>\n\n\n\n<p>Los valores del Acto Central ser\u00e1n: sector Malbec 1, 2, 3, 4 y 5, <strong>$30.000<\/strong>; Tempranillo 2, 3 y 4, <strong>$25.000<\/strong>; Tempranillo 1 y 5, <strong>$15.000<\/strong>; Cabernet Sauvignon, <strong>$15.000<\/strong>; Chardonnay 1 y 2, <strong>$12.000<\/strong> y para el sector Bonarda 1,2 y 3, <strong>$12.000.<\/strong><\/p>\n\n\n\n<p>En tanto, para la Primera y Segunda Repetici\u00f3n el costo de las entradas ser\u00e1: para el sector Malbec 1, 2, 3, 4 y 5, $20.000; Tempranillo 2, 3 y 4, $15.000; Tempranillo 1 y 5, $10.000; Cabernet Sauvignon, $10.000; Chardonnay 1 y 2, $8.000 y para el sector Bonarda 1, 2 y 3, $8.000.<\/p>\n\n\n\n<div style=\"height:30px\" aria-hidden=\"true\" class=\"wp-block-spacer\"><\/div>\n\n\n<div class=\"wp-block-image\">\n<figure class=\"aligncenter size-full is-resized\"><a href=\"https:\/\/enolife.com.ar\/es\/wp-content\/uploads\/2024\/02\/Venta-entradas-turismo-extranjero-y-nacional-700x700-1.jpeg\" data-rel=\"penci-gallery-image-content\" ><img loading=\"lazy\" decoding=\"async\" src=\"https:\/\/enolife.com.ar\/es\/wp-content\/uploads\/2024\/02\/Venta-entradas-turismo-extranjero-y-nacional-700x700-1.jpeg\" alt=\"\" class=\"wp-image-110448\" width=\"538\" height=\"538\" srcset=\"https:\/\/enolife.com.ar\/es\/wp-content\/uploads\/2024\/02\/Venta-entradas-turismo-extranjero-y-nacional-700x700-1.jpeg 700w, https:\/\/enolife.com.ar\/es\/wp-content\/uploads\/2024\/02\/Venta-entradas-turismo-extranjero-y-nacional-700x700-1-300x300.jpeg 300w, https:\/\/enolife.com.ar\/es\/wp-content\/uploads\/2024\/02\/Venta-entradas-turismo-extranjero-y-nacional-700x700-1-150x150.jpeg 150w, https:\/\/enolife.com.ar\/es\/wp-content\/uploads\/2024\/02\/Venta-entradas-turismo-extranjero-y-nacional-700x700-1-585x585.jpeg 585w\" sizes=\"auto, (max-width: 538px) 100vw, 538px\" \/><\/a><\/figure><\/div>\n\n\n<div style=\"height:35px\" aria-hidden=\"true\" class=\"wp-block-spacer\"><\/div>\n\n\n\n<p class=\"has-medium-font-size\"><strong>Venta de entradas para p\u00fablico mendocino<\/strong><\/p>\n\n\n\n<p>Las entradas para el p\u00fablico local estar\u00e1n habilitadas desde el martes 20 de febrero a las 9 hasta el lunes 4 de marzo a las 18.<\/p>\n\n\n\n<p>Los valores del Acto Central ser\u00e1n: sector Malbec 1, 2, 3, 4 y 5, <strong>$15.000<\/strong>; Tempranillo 2, 3 y 4, <strong>$12.500;<\/strong> Tempranillo 1 y 5, <strong>$7.500;<\/strong> Cabernet Sauvignon, <strong>$7.500;<\/strong> Chardonnay 1 y 2, <strong>$5.500<\/strong> y para el sector Bonarda 1, 2 y 3, <strong>$5.500.<\/strong><\/p>\n\n\n\n<p>Los valores para la Primera y Segunda Repetici\u00f3n ser\u00e1n: para el sector Malbec 1, 2, 3, 4 y 5, $10.000; Tempranillo 2,3 y 4, $7.500; Tempranillo 1 y 5, $5.000; Cabernet Sauvignon, $5.000; Chardonnay 1 y 2, $3.000 y para el sector Bonarda 1, 2 y 3, $3.000.<\/p>\n\n\n\n<p>Cabe aclarar que, como cada a\u00f1o, las entradas del sector Torront\u00e9s no se comercializan, ya que est\u00e1n reservadas a personas con discapacidad. En breve se anunciar\u00e1 la metodolog\u00eda para acceder a los tickets correspondientes.<\/p>\n\n\n\n<div style=\"height:30px\" aria-hidden=\"true\" class=\"wp-block-spacer\"><\/div>\n\n\n<div class=\"wp-block-image\">\n<figure class=\"aligncenter size-full is-resized\"><a href=\"https:\/\/enolife.com.ar\/es\/wp-content\/uploads\/2024\/02\/Venta-entradas-mendocinos-700x700-1.jpeg\" data-rel=\"penci-gallery-image-content\" ><img loading=\"lazy\" decoding=\"async\" src=\"https:\/\/enolife.com.ar\/es\/wp-content\/uploads\/2024\/02\/Venta-entradas-mendocinos-700x700-1.jpeg\" alt=\"\" class=\"wp-image-110449\" width=\"508\" height=\"508\" srcset=\"https:\/\/enolife.com.ar\/es\/wp-content\/uploads\/2024\/02\/Venta-entradas-mendocinos-700x700-1.jpeg 700w, https:\/\/enolife.com.ar\/es\/wp-content\/uploads\/2024\/02\/Venta-entradas-mendocinos-700x700-1-300x300.jpeg 300w, https:\/\/enolife.com.ar\/es\/wp-content\/uploads\/2024\/02\/Venta-entradas-mendocinos-700x700-1-150x150.jpeg 150w, https:\/\/enolife.com.ar\/es\/wp-content\/uploads\/2024\/02\/Venta-entradas-mendocinos-700x700-1-585x585.jpeg 585w\" sizes=\"auto, (max-width: 508px) 100vw, 508px\" \/><\/a><\/figure><\/div>\n\n\n<div style=\"height:35px\" aria-hidden=\"true\" class=\"wp-block-spacer\"><\/div>\n\n\n\n<p class=\"has-medium-font-size\"><strong>Canje de entradas<\/strong>&nbsp;<\/p>\n\n\n\n<p>Es importante destacar que, en primer lugar, deben adquirirse las entradas a trav\u00e9s de la plataforma de venta digital www.entradaweb.com.ar. A partir del lunes 26 de febrero hasta el lunes 4 de marzo, de 9 a 18 hs, el p\u00fablico deber\u00e1 retirar las entradas impresas en los puntos de canje.<\/p>\n\n\n\n<p>Pronto se anunciar\u00e1n puntos para el interior de la provincia.<\/p>\n\n\n\n<p><strong>Puntos de canje habilitados<\/strong><\/p>\n\n\n\n<ul class=\"wp-block-list\">\n<li>Subsecretar\u00eda de Cultura. Guti\u00e9rrez y Espa\u00f1a. Ciudad de Mendoza.<\/li>\n\n\n\n<li>Auditorio \u00c1ngel Bustelo. Virgen del Carmen de Cuyo 610. Ciudad de Mendoza.<\/li>\n\n\n\n<li>Teatro Independencia. Chile y Espejo. Ciudad de Mendoza.<\/li>\n\n\n\n<li>Espacio Cultural Julio Le Parc. Mitre y Godoy Cruz. Guaymall\u00e9n.<\/li>\n<\/ul>\n\n\n\n<div style=\"height:30px\" aria-hidden=\"true\" class=\"wp-block-spacer\"><\/div>\n","protected":false},"excerpt":{"rendered":"<p>Seg\u00fan comunic\u00f3 la Subsecretar\u00eda de Cultura de Mendoza, la venta ser\u00e1 exclusivamente a trav\u00e9s de&hellip;<\/p>\n","protected":false},"author":3,"featured_media":110452,"comment_status":"open","ping_status":"open","sticky":false,"template":"","format":"standard","meta":{"footnotes":""},"categories":[14],"tags":[],"class_list":["post-110440","post","type-post","status-publish","format-standard","has-post-thumbnail","hentry","category-news"],"_links":{"self":[{"href":"https:\/\/enolife.com.ar\/es\/wp-json\/wp\/v2\/posts\/110440","targetHints":{"allow":["GET"]}}],"collection":[{"href":"https:\/\/enolife.com.ar\/es\/wp-json\/wp\/v2\/posts"}],"about":[{"href":"https:\/\/enolife.com.ar\/es\/wp-json\/wp\/v2\/types\/post"}],"author":[{"embeddable":true,"href":"https:\/\/enolife.com.ar\/es\/wp-json\/wp\/v2\/users\/3"}],"replies":[{"embeddable":true,"href":"https:\/\/enolife.com.ar\/es\/wp-json\/wp\/v2\/comments?post=110440"}],"version-history":[{"count":0,"href":"https:\/\/enolife.com.ar\/es\/wp-json\/wp\/v2\/posts\/110440\/revisions"}],"wp:featuredmedia":[{"embeddable":true,"href":"https:\/\/enolife.com.ar\/es\/wp-json\/wp\/v2\/media\/110452"}],"wp:attachment":[{"href":"https:\/\/enolife.com.ar\/es\/wp-json\/wp\/v2\/media?parent=110440"}],"wp:term":[{"taxonomy":"category","embeddable":true,"href":"https:\/\/enolife.com.ar\/es\/wp-json\/wp\/v2\/categories?post=110440"},{"taxonomy":"post_tag","embeddable":true,"href":"https:\/\/enolife.com.ar\/es\/wp-json\/wp\/v2\/tags?post=110440"}],"curies":[{"name":"wp","href":"https:\/\/api.w.org\/{rel}","templated":true}]}}