{"id":110389,"date":"2024-02-06T14:13:18","date_gmt":"2024-02-06T14:13:18","guid":{"rendered":"https:\/\/enolife.com.ar\/es\/?p=110389"},"modified":"2024-02-07T22:23:39","modified_gmt":"2024-02-07T22:23:39","slug":"por-1-vez-en-sus-28-anos-la-vendimia-para-todos-coronara-sus-3-reyes-en-el-teatro-griego-de-mendoza","status":"publish","type":"post","link":"https:\/\/enolife.com.ar\/es\/por-1-vez-en-sus-28-anos-la-vendimia-para-todos-coronara-sus-3-reyes-en-el-teatro-griego-de-mendoza\/","title":{"rendered":"Por 1\u00b0 vez en sus 28 a\u00f1os, la Vendimia para Todos coronar\u00e1 sus 3 reyes en el teatro griego de Mendoza"},"content":{"rendered":"\n<h4 class=\"wp-block-heading\"><em><strong>La Vendimia para Todos, en sus inicios conocida como \u00abVendimia Gay\u00bb, se realiz\u00f3 por primera vez en 1996 en la discoteca Queen de Mendoza. Desde entonces, ha pasado por diversos escenarios hasta llegar en 2024 al plat\u00f3 mayor del Anfiteatro Griego Frank Romero Day. Desde 2003, el gobierno de Mendoza incorpor\u00f3 esta singular fiesta al calendario provincial de Vendimia. En 2013, el gobierno nacional hizo lo propio, incorpor\u00e1ndola a la agenda de fiestas importantes del pa\u00eds. Y ahora, en una acci\u00f3n que combina austeridad con voluntad integradora e inclusiva, el gobierno la lleva a la misma sede de la Vendimia mayor, junto con la segunda repetici\u00f3n del Acto Central, el lunes 4 de marzo. All\u00ed, en votaci\u00f3n p\u00fablica, se elegir\u00e1n al rey, la reina y la reina drag.<\/strong><\/em><\/h4>\n\n\n\n<div style=\"height:35px\" aria-hidden=\"true\" class=\"wp-block-spacer\"><\/div>\n\n\n\n\n\n<div style=\"height:45px\" aria-hidden=\"true\" class=\"wp-block-spacer\"><\/div>\n\n\n\n<p>El subsecretario de Cultura de Mendoza, <strong>Diego Gareca<\/strong>, anunci\u00f3 ayer lunes 5\/2, que en la segunda repetici\u00f3n de la <strong>Fiesta Nacional de la Vendimia 2024<\/strong> se realizar\u00e1 la elecci\u00f3n del rey y la reina de la <strong>Vendimia para Todos <\/strong>en el escenario del <strong>Teatro Griego Frank Romero Day<\/strong>. La Vendimia para Todos elige al rey, la reina y la reina drag.<\/p>\n\n\n\n<p>La elecci\u00f3n ser\u00e1 p\u00fablica y en los pr\u00f3ximos d\u00edas se dar\u00e1n m\u00e1s precisiones al respecto.<\/p>\n\n\n\n<p><strong>Gabriel Canci<\/strong>, el productor de Vendimia para Todos, destac\u00f3: <em>\u201cTengo que agradecer al Gobierno de Mendoza el apoyo constante y en esta oportunidad queda plasmado incorporando la celebraci\u00f3n en el teatro griego\u201d.<\/em><\/p>\n\n\n\n<div style=\"height:30px\" aria-hidden=\"true\" class=\"wp-block-spacer\"><\/div>\n\n\n<div class=\"wp-block-image\">\n<figure class=\"aligncenter size-full is-resized\"><a href=\"https:\/\/enolife.com.ar\/es\/wp-content\/uploads\/2024\/02\/Imagen1-6.jpg\" data-rel=\"penci-gallery-image-content\" ><img loading=\"lazy\" decoding=\"async\" src=\"https:\/\/enolife.com.ar\/es\/wp-content\/uploads\/2024\/02\/Imagen1-6.jpg\" alt=\"\" class=\"wp-image-110399\" width=\"451\" height=\"305\" srcset=\"https:\/\/enolife.com.ar\/es\/wp-content\/uploads\/2024\/02\/Imagen1-6.jpg 438w, https:\/\/enolife.com.ar\/es\/wp-content\/uploads\/2024\/02\/Imagen1-6-300x203.jpg 300w\" sizes=\"auto, (max-width: 451px) 100vw, 451px\" \/><\/a><figcaption class=\"wp-element-caption\"><em><strong>Gabriel Canci y Diego Gareca<\/strong><\/em><\/figcaption><\/figure><\/div>\n\n\n<div style=\"height:35px\" aria-hidden=\"true\" class=\"wp-block-spacer\"><\/div>\n\n\n\n<p class=\"has-medium-font-size\"><strong>El 31 de marzo, la fiesta con los reyes electos<\/strong><\/p>\n\n\n\n<p>La Vendimia para Todos integra desde hace varios a\u00f1os el calendario de la agenda provincial y nacional como uno de los espect\u00e1culos centrales dentro de los festejos vendimiales. Desde 2003, el Gobierno de Mendoza la oficializ\u00f3 declar\u00e1ndola de Inter\u00e9s Tur\u00edstico y Cultural de la Provincia y en el 2013 el Ministerio de Turismo de la Naci\u00f3n expuso a la Vendimia para Todos de Inter\u00e9s Tur\u00edstico Nacional.<\/p>\n\n\n\n<p>El espect\u00e1culo&nbsp;<strong>\u00abCoronados de historia y futuro\u00bb<\/strong>&nbsp;de la Fiesta Nacional de la Vendimia se realizar\u00e1 el s\u00e1bado 2 de marzo. La primera repetici\u00f3n se har\u00e1 el domingo 3 de marzo, y la segunda, donde se incluir\u00e1 la elecci\u00f3n de la Vendimia para Todos, ser\u00e1 el lunes 4 de marzo.<\/p>\n\n\n\n<p>La Vendimia para Todos tendr\u00e1 su propia fiesta, que se llevar\u00e1 a cabo el domingo 31 de marzo en el boliche <strong>Wabi Fun Club<\/strong>, ubicado en la lateral Este del Acceso Sur. Las entradas se venden por <strong>www.entradaweb.com.ar. <\/strong>Promete ser una atractiva fiesta, con la participaci\u00f3n de DJ nacionales e internacionales junto a diferentes artistas distribuidos en cuatro escenarios.<\/p>\n\n\n\n<div style=\"height:30px\" aria-hidden=\"true\" class=\"wp-block-spacer\"><\/div>\n","protected":false},"excerpt":{"rendered":"<p>La Vendimia para Todos, en sus inicios conocida como \u00abVendimia Gay\u00bb, se realiz\u00f3 por primera&hellip;<\/p>\n","protected":false},"author":3,"featured_media":110402,"comment_status":"open","ping_status":"open","sticky":false,"template":"","format":"standard","meta":{"footnotes":""},"categories":[14],"tags":[],"class_list":["post-110389","post","type-post","status-publish","format-standard","has-post-thumbnail","hentry","category-news"],"_links":{"self":[{"href":"https:\/\/enolife.com.ar\/es\/wp-json\/wp\/v2\/posts\/110389","targetHints":{"allow":["GET"]}}],"collection":[{"href":"https:\/\/enolife.com.ar\/es\/wp-json\/wp\/v2\/posts"}],"about":[{"href":"https:\/\/enolife.com.ar\/es\/wp-json\/wp\/v2\/types\/post"}],"author":[{"embeddable":true,"href":"https:\/\/enolife.com.ar\/es\/wp-json\/wp\/v2\/users\/3"}],"replies":[{"embeddable":true,"href":"https:\/\/enolife.com.ar\/es\/wp-json\/wp\/v2\/comments?post=110389"}],"version-history":[{"count":0,"href":"https:\/\/enolife.com.ar\/es\/wp-json\/wp\/v2\/posts\/110389\/revisions"}],"wp:featuredmedia":[{"embeddable":true,"href":"https:\/\/enolife.com.ar\/es\/wp-json\/wp\/v2\/media\/110402"}],"wp:attachment":[{"href":"https:\/\/enolife.com.ar\/es\/wp-json\/wp\/v2\/media?parent=110389"}],"wp:term":[{"taxonomy":"category","embeddable":true,"href":"https:\/\/enolife.com.ar\/es\/wp-json\/wp\/v2\/categories?post=110389"},{"taxonomy":"post_tag","embeddable":true,"href":"https:\/\/enolife.com.ar\/es\/wp-json\/wp\/v2\/tags?post=110389"}],"curies":[{"name":"wp","href":"https:\/\/api.w.org\/{rel}","templated":true}]}}