{"id":109823,"date":"2024-01-27T13:25:59","date_gmt":"2024-01-27T13:25:59","guid":{"rendered":"https:\/\/enolife.com.ar\/es\/?p=109823"},"modified":"2024-01-28T13:48:35","modified_gmt":"2024-01-28T13:48:35","slug":"feria-de-enoturismo-valladolid-13-y-14-3-con-la-oferta-mediterranea-y-100-compradores-de-20-paises","status":"publish","type":"post","link":"https:\/\/enolife.com.ar\/es\/feria-de-enoturismo-valladolid-13-y-14-3-con-la-oferta-mediterranea-y-100-compradores-de-20-paises\/","title":{"rendered":"Feria de Enoturismo Valladolid: 13 y 14\/3, con la oferta mediterr\u00e1nea y 100 compradores de 20 pa\u00edses"},"content":{"rendered":"\n<h4 class=\"wp-block-heading\"><em><strong>La 5ta. edici\u00f3n de la Feria Internacional de Enoturismo (FINE), a realizarse los d\u00edas 13 y 14 de marzo de 2024 en Valladolid, Espa\u00f1a, es un evento en el que bodegas y rutas de Espa\u00f1a, Portugal e Italia presentan sus propuestas enotur\u00edsticas a touroperadores y agencias de viajes nacionales e internacionales. Este a\u00f1o ser\u00e1n unos 100 compradores los que participen en el mercado de contrataci\u00f3n, procedentes de m\u00e1s de unos 20 pa\u00edses de Europa, Am\u00e9rica, Asia y Ocean\u00eda. Participar\u00e1 como ponente el estadounidense Paul Wagner, especialista en el an\u00e1lisis de modelos enotur\u00edsticos.<\/strong><\/em><\/h4>\n\n\n\n<div style=\"height:35px\" aria-hidden=\"true\" class=\"wp-block-spacer\"><\/div>\n\n\n<a href=\"https:\/\/www.instagram.com\/vinventions.sudamerica\/\" aria-label=\"Banner_Subr_1700x500\"><img loading=\"lazy\" decoding=\"async\" src=\"https:\/\/enolife.com.ar\/es\/wp-content\/uploads\/2019\/07\/Banner_Subr_1700x500.gif\" alt=\"\"  width=\"1700\" height=\"501\"   \/><\/a>\n\n\n<div style=\"height:45px\" aria-hidden=\"true\" class=\"wp-block-spacer\"><\/div>\n\n\n\n<p>La Feria de Valladolid contin\u00faa preparando la 5ta. edici\u00f3n de la <strong>Feria Internacional de Enoturismo (FINE).<\/strong> El evento tiene un formato orientado a la comercializaci\u00f3n y desarrollo de negocio entre bodegas, territorios, agencias de viajes y touroperadores internacionales.<\/p>\n\n\n\n<p>La 5ta edici\u00f3n se celebrar\u00e1 los d\u00edas <strong>13 y 14 de marzo de 2024<\/strong>, y a ella se incorporan nuevas bodegas y territorios nacionales espa\u00f1oles e internacionales. Entre quienes participan por primera vez se encuentran alrededor de una veintena de bodegas ubicadas en territorios como el <strong>Ampurd\u00e1n, Pened\u00e9s, Bages, Ribera del Duero, Rioja Alavesa, R\u00edas Baixas, Navarra, Castilla-La Mancha, C\u00e1ceres o Ribeira Sacra.<\/strong><\/p>\n\n\n\n<div style=\"height:21px\" aria-hidden=\"true\" class=\"wp-block-spacer\"><\/div>\n\n\n\n<h3 class=\"wp-block-heading has-vivid-red-color has-text-color has-medium-font-size\">Unos 100 tour-operadores de al menos 20 pa\u00edses participar\u00e1n en FINE, la feria internacional de enoturismo, en Valladolid. All\u00ed se expondr\u00e1 y comercializar\u00e1 la oferta enotur\u00edstica de bodegas, terru\u00f1os y rutas del vino de Espa\u00f1a, Portugal e Italia.<\/h3>\n\n\n\n<div style=\"height:20px\" aria-hidden=\"true\" class=\"wp-block-spacer\"><\/div>\n\n\n\n<p>Se ampl\u00eda as\u00ed el mapa de zonas enotur\u00edsticas y el abanico de opciones que encontrar\u00e1n los compradores que acuden al mercado de contrataci\u00f3n de FINE. A la oferta de cada una de las bodegas se a\u00f1aden las propuestas presentadas por las rutas de territorios como<strong> Canarias, Catalu\u00f1a, Castilla-La Mancha, Comunitat Valenciana, Murcia, Ronda y M\u00e1laga, C\u00e1diz, Cerrato Palentino, R\u00edas Baixas o la guipuzcoana Sagardoa<\/strong>, cuya protagonista es la sidra.<\/p>\n\n\n\n<div style=\"height:30px\" aria-hidden=\"true\" class=\"wp-block-spacer\"><\/div>\n\n\n<div class=\"wp-block-image\">\n<figure class=\"aligncenter size-full is-resized\"><a href=\"https:\/\/enolife.com.ar\/es\/wp-content\/uploads\/2024\/01\/52719995143_15a2d2d2bf_k.jpg\" data-rel=\"penci-gallery-image-content\" ><img loading=\"lazy\" decoding=\"async\" src=\"https:\/\/enolife.com.ar\/es\/wp-content\/uploads\/2024\/01\/52719995143_15a2d2d2bf_k.jpg\" alt=\"\" class=\"wp-image-109849\" width=\"591\" height=\"427\" srcset=\"https:\/\/enolife.com.ar\/es\/wp-content\/uploads\/2024\/01\/52719995143_15a2d2d2bf_k.jpg 693w, https:\/\/enolife.com.ar\/es\/wp-content\/uploads\/2024\/01\/52719995143_15a2d2d2bf_k-300x216.jpg 300w, https:\/\/enolife.com.ar\/es\/wp-content\/uploads\/2024\/01\/52719995143_15a2d2d2bf_k-585x422.jpg 585w\" sizes=\"auto, (max-width: 591px) 100vw, 591px\" \/><\/a><figcaption class=\"wp-element-caption\"><em><strong>Se present\u00f3 la Feria de Enoturismo de Valladolid (Espa\u00f1a)<\/strong><\/em>.<\/figcaption><\/figure><\/div>\n\n\n<div style=\"height:30px\" aria-hidden=\"true\" class=\"wp-block-spacer\"><\/div>\n\n\n\n<p><em>\u201cEn definitiva, el mapa de FINE en esta quinta edici\u00f3n es m\u00e1s extenso, m\u00e1s variado y por ello m\u00e1s atractivo para los touroperadores y agencias, que van a encontrar aqu\u00ed los mejores contenidos para elaborar los paquetes tur\u00edsticos de la pr\u00f3xima temporada, viajes y escapadas que llegar\u00e1n al p\u00fablico en los pr\u00f3ximos meses\u201d,<\/em> explic\u00f3 el director general de Feria de Valladolid, <strong>Alberto Alonso.<\/strong><\/p>\n\n\n\n<div style=\"height:16px\" aria-hidden=\"true\" class=\"wp-block-spacer\"><\/div>\n\n\n\n<blockquote class=\"wp-block-quote is-layout-flow wp-block-quote-is-layout-flow\">\n<p>El enoturismo no existe, s\u00f3lo existe el turismo\u00bb.<\/p>\n<cite>Paul Wagner, analista global de enoturismo, quien abrir\u00e1 la FINE<\/cite><\/blockquote>\n\n\n\n<div style=\"height:17px\" aria-hidden=\"true\" class=\"wp-block-spacer\"><\/div>\n\n\n\n<p>En cuanto a la participaci\u00f3n internacional, <strong>Portugal<\/strong> mantiene una importante presencia a trav\u00e9s de una treintena de bodegas que asisten de la mano de <strong>Viniportugal<\/strong> y las rutas de la regi\u00f3n Centro, Porto e Norte.<\/p>\n\n\n\n<p>Y a esa oferta se suma este a\u00f1o la regi\u00f3n italiana de las <strong>Marcas<\/strong>, un territorio del centro de ese pa\u00eds con unas 25.000 hect\u00e1reas de vi\u00f1edos y una veintena de sellos de calidad para sus vinos.<\/p>\n\n\n\n<div style=\"height:26px\" aria-hidden=\"true\" class=\"wp-block-spacer\"><\/div>\n\n\n\n<p class=\"has-medium-font-size\"><strong>Compradores de 20 pa\u00edses<\/strong><\/p>\n\n\n\n<p>FINE articula sus contenidos en torno a un mercado de contrataci\u00f3n al que ya han confirmado su asistencia agencias y touroperadores enotur\u00edsticos de unos 20 pa\u00edses de <strong>Am\u00e9rica, Europa, Ocean\u00eda y Asia<\/strong>, de mercados consolidados y emergentes.<\/p>\n\n\n\n<p>Por otra parte, el programa de conferencias arrancar\u00e1 con la ponencia de <strong>Paul Wagner,<\/strong> reconocido analista sobre enoturismo mundial, autor de la frase <em>\u201cel enoturismo no existe, solo existe el turismo\u201d,<\/em> que hablar\u00e1, entre otras cuestiones, sobre tendencias y modelos de \u00e9xito en diferentes regiones del mundo.<\/p>\n\n\n\n<div style=\"height:30px\" aria-hidden=\"true\" class=\"wp-block-spacer\"><\/div>\n\n\n<div class=\"wp-block-image\">\n<figure class=\"aligncenter size-full is-resized\"><a href=\"https:\/\/enolife.com.ar\/es\/wp-content\/uploads\/2024\/01\/52719929625_d880d1ef78_c.jpg\" data-rel=\"penci-gallery-image-content\" ><img loading=\"lazy\" decoding=\"async\" src=\"https:\/\/enolife.com.ar\/es\/wp-content\/uploads\/2024\/01\/52719929625_d880d1ef78_c.jpg\" alt=\"\" class=\"wp-image-109848\" width=\"627\" height=\"393\" srcset=\"https:\/\/enolife.com.ar\/es\/wp-content\/uploads\/2024\/01\/52719929625_d880d1ef78_c.jpg 759w, https:\/\/enolife.com.ar\/es\/wp-content\/uploads\/2024\/01\/52719929625_d880d1ef78_c-300x189.jpg 300w, https:\/\/enolife.com.ar\/es\/wp-content\/uploads\/2024\/01\/52719929625_d880d1ef78_c-585x368.jpg 585w\" sizes=\"auto, (max-width: 627px) 100vw, 627px\" \/><\/a><figcaption class=\"wp-element-caption\"><em><strong>Networking y marketplace con agencias y touroperadores enotur\u00edsticos de 20 pa\u00edses de Am\u00e9rica, Europa, Ocean\u00eda y Asia<\/strong><\/em>.<\/figcaption><\/figure><\/div>\n\n\n<div style=\"height:30px\" aria-hidden=\"true\" class=\"wp-block-spacer\"><\/div>\n\n\n\n<p>El comit\u00e9 asesor de FINE est\u00e1 constituido por reconocidos expertos y por las bodegas fundadoras del proyecto, Abad\u00eda Retuerta, Dehesa de los Can\u00f3nigos y Protos, junto a las incorporaciones del grupo Ferrer Miranda, Bodegas Alvear y la Federaci\u00f3n Espa\u00f1ola del Vino.<\/p>\n\n\n\n<p>FINE est\u00e1 organizada por la Feria de Valladolid y cuenta con el apoyo de empresas e instituciones como Turespa\u00f1a, Ayuntamiento de Valladolid, Diputaci\u00f3n de Valladolid, las mencionadas bodegas pioneras, la FEV, Acevin y CEAV.<\/p>\n\n\n\n<p><strong>Los interesados en obtener m\u00e1s informaci\u00f3n pueden visitar la p\u00e1gina web <a href=\"http:\/\/www.fine-expo.com\">www.fine-expo.com<\/a><\/strong><\/p>\n\n\n\n<div style=\"height:30px\" aria-hidden=\"true\" class=\"wp-block-spacer\"><\/div>\n\n\n\n<div style=\"height:28px\" aria-hidden=\"true\" class=\"wp-block-spacer\"><\/div>\n","protected":false},"excerpt":{"rendered":"<p>La 5ta. edici\u00f3n de la Feria Internacional de Enoturismo (FINE), a realizarse los d\u00edas 13&hellip;<\/p>\n","protected":false},"author":3,"featured_media":109847,"comment_status":"open","ping_status":"open","sticky":false,"template":"","format":"standard","meta":{"footnotes":""},"categories":[10],"tags":[],"class_list":["post-109823","post","type-post","status-publish","format-standard","has-post-thumbnail","hentry","category-ferias"],"_links":{"self":[{"href":"https:\/\/enolife.com.ar\/es\/wp-json\/wp\/v2\/posts\/109823","targetHints":{"allow":["GET"]}}],"collection":[{"href":"https:\/\/enolife.com.ar\/es\/wp-json\/wp\/v2\/posts"}],"about":[{"href":"https:\/\/enolife.com.ar\/es\/wp-json\/wp\/v2\/types\/post"}],"author":[{"embeddable":true,"href":"https:\/\/enolife.com.ar\/es\/wp-json\/wp\/v2\/users\/3"}],"replies":[{"embeddable":true,"href":"https:\/\/enolife.com.ar\/es\/wp-json\/wp\/v2\/comments?post=109823"}],"version-history":[{"count":0,"href":"https:\/\/enolife.com.ar\/es\/wp-json\/wp\/v2\/posts\/109823\/revisions"}],"wp:featuredmedia":[{"embeddable":true,"href":"https:\/\/enolife.com.ar\/es\/wp-json\/wp\/v2\/media\/109847"}],"wp:attachment":[{"href":"https:\/\/enolife.com.ar\/es\/wp-json\/wp\/v2\/media?parent=109823"}],"wp:term":[{"taxonomy":"category","embeddable":true,"href":"https:\/\/enolife.com.ar\/es\/wp-json\/wp\/v2\/categories?post=109823"},{"taxonomy":"post_tag","embeddable":true,"href":"https:\/\/enolife.com.ar\/es\/wp-json\/wp\/v2\/tags?post=109823"}],"curies":[{"name":"wp","href":"https:\/\/api.w.org\/{rel}","templated":true}]}}