{"id":109816,"date":"2024-01-26T18:22:31","date_gmt":"2024-01-26T18:22:31","guid":{"rendered":"https:\/\/enolife.com.ar\/es\/?p=109816"},"modified":"2024-01-29T01:00:37","modified_gmt":"2024-01-29T01:00:37","slug":"la-vendimia-no-se-mancha-como-cada-ano-arrancan-los-ensayos-el-29-1-para-la-fiesta-del-2-3","status":"publish","type":"post","link":"https:\/\/enolife.com.ar\/es\/la-vendimia-no-se-mancha-como-cada-ano-arrancan-los-ensayos-el-29-1-para-la-fiesta-del-2-3\/","title":{"rendered":"La Vendimia no se mancha: como cada a\u00f1o, arrancan los ensayos el 29\/1 para la Fiesta del 2\/3"},"content":{"rendered":"\n<h4 class=\"wp-block-heading\"><em><strong>La m\u00e1xima celebraci\u00f3n popular del vino en Argentina, y una de las m\u00e1s importantes del mundo en su tipo, sigue vigente y con buena salud. Pese a las dificultades econ\u00f3micas del pa\u00eds y a las reducciones de presupuesto o cancelaciones en algunas fiestas populares de otras provincias, el gobierno de Mendoza comunic\u00f3 que desde el pr\u00f3ximo lunes 29\/1\/24, bailarines, actores y actrices seleccionados para el acto central de la Fiesta Nacional de la Vendimia -el 2 de marzo en el anfiteatro Frank Romero Day-, comenzar\u00e1n sus ensayos, divididos por disciplina art\u00edstica, en distintas locaciones. Traspuntes y traspuntes utileros ya tienen fecha para la firma de contratos: el 15 de febrero.<\/strong><\/em><\/h4>\n\n\n\n<div style=\"height:35px\" aria-hidden=\"true\" class=\"wp-block-spacer\"><\/div>\n\n\n\n\n\n<div style=\"height:45px\" aria-hidden=\"true\" class=\"wp-block-spacer\"><\/div>\n\n\n\n<p>La <strong>Subsecretar\u00eda de Cultura<\/strong> del <strong>Gobierno de Mendoza<\/strong>, a trav\u00e9s de la Direcci\u00f3n de Vendimia y Producci\u00f3n Art\u00edstica , inform\u00f3 el cronograma para el inicio de ensayos de los artistas participantes de eventos oficiales de la <strong>Vendimia 2024<\/strong>, como tambi\u00e9n del acto central de la Fiesta Nacional de la Vendimia, este a\u00f1o llamada <strong>\u00abCoronados de historia y futuro\u00bb,<\/strong>&nbsp;con direcci\u00f3n de <strong>Pablo Perri<\/strong>.<\/p>\n\n\n\n<p>Los ensayos se practicar\u00e1n a partir del lunes 29 de enero, de 20.30 a 24, seg\u00fan el siguiente detalle:<\/p>\n\n\n\n<div style=\"height:30px\" aria-hidden=\"true\" class=\"wp-block-spacer\"><\/div>\n\n\n\n<p class=\"has-medium-font-size\"><strong>Artistas Fiesta Nacional de la Vendimia<\/strong><\/p>\n\n\n\n<p>El lunes 29 de enero pr\u00f3ximo, de 20.30 a 24, se realizar\u00e1 la presentaci\u00f3n de la Fiesta y se desarrollar\u00e1 una charla informativa sobre accesibilidad y g\u00e9nero. La convocatoria es para artistas de todas las disciplinas art\u00edsticas. Ser\u00e1 en el Complejo Nave Cultural, B\u00e1scula de calle Las Cubas 201, Ciudad de Mendoza.<\/p>\n\n\n\n<p>A partir del martes 30 de enero, las locaciones se asignar\u00e1n seg\u00fan las distintas disciplinas:<\/p>\n\n\n\n<p><strong>Bailarinas\/es folclore<\/strong>, folclore adulto y folclore con discapacidad. <strong>Nave Cultural y B\u00e1scul<\/strong>a, calle Las Cubas 201, Ciudad de Mendoza.<\/p>\n\n\n\n<p><strong>Bailarinas\/es contempor\u00e1neos<\/strong> y contempor\u00e1neos adultos. Club Banco Previsi\u00f3n Social, Salta 2739, Ciudad de Mendoza.<\/p>\n\n\n\n<p><strong>Actrices y actores titulares<\/strong> y con discapacidad. <strong>Estadio Cubierto Vicente Polimeni<\/strong>, en J. A. Roca 401, Las Heras.<\/p>\n\n\n\n<p>En tanto, el <strong>ensamble art\u00edstico<\/strong> para todas las disciplinas art\u00edsticas se realizar\u00e1 desde el lunes 19 al viernes 23 de febrero, de 20.30 a 24, en el <strong>Estadio Aconcagua Arena<\/strong>, Av. Libertador S\/N, Parque General San Mart\u00edn.<\/p>\n\n\n\n<div style=\"height:30px\" aria-hidden=\"true\" class=\"wp-block-spacer\"><\/div>\n\n\n\n<p class=\"has-medium-font-size\"><strong>Artistas de eventos oficiales<\/strong><\/p>\n\n\n\n<p><strong>Todas las disciplinas<\/strong> art\u00edsticas se concentrar\u00e1n en el <strong>Espacio Cultural Julio Le Parc<\/strong>, desde el lunes 29 de enero, de 20.30 a 24, en calle Mitre y Godoy Cruz, de Guaymall\u00e9n. All\u00ed concurrir\u00e1n para coordinar estilos y movimientos los bailarines de folclore, los bailarines contempor\u00e1neos, las actrices y los actores, junto a sus directores.<\/p>\n\n\n\n<div style=\"height:30px\" aria-hidden=\"true\" class=\"wp-block-spacer\"><\/div>\n\n\n\n<p class=\"has-medium-font-size\"><strong>Firma de contratos para traspuntes y traspuntes utileros<\/strong><\/p>\n\n\n\n<p>La Direcci\u00f3n de Producci\u00f3n Cultural y Vendimia de la Subsecretar\u00eda de Cultura inform\u00f3 la fecha asignada para la <strong>firma de contratos<\/strong> de traspuntes y traspuntes utileros participantes en el acto central de la Fiesta Nacional de la Vendimia 2024, <strong>\u00abCoronados de historia y futuro\u00bb.<\/strong> La firma se realizar\u00e1 el <strong>jueves 15 de febrero<\/strong>, de 8.30 a 16, en la <strong>Sala Elina Alba<\/strong> del Edificio de la Subsecretar\u00eda de Cultura, Guti\u00e9rrez 204, Ciudad de Mendoza.<\/p>\n\n\n\n<p>Se recuerd\u00f3 a los artistas seleccionados que es requisito excluyente presentarse el d\u00eda y horario establecido para la firma de contratos. El tr\u00e1mite es personal y es obligatorio asistir con el DNI original. De lo contrario, se proceder\u00e1 al r\u00e9gimen de bajas y altas siguiendo los listados seg\u00fan orden de m\u00e9rito para cubrir las vacantes que correspondan.<\/p>\n\n\n\n<div style=\"height:30px\" aria-hidden=\"true\" class=\"wp-block-spacer\"><\/div>\n","protected":false},"excerpt":{"rendered":"<p>La m\u00e1xima celebraci\u00f3n popular del vino en Argentina, y una de las m\u00e1s importantes del&hellip;<\/p>\n","protected":false},"author":3,"featured_media":109822,"comment_status":"open","ping_status":"open","sticky":false,"template":"","format":"standard","meta":{"footnotes":""},"categories":[14],"tags":[],"class_list":["post-109816","post","type-post","status-publish","format-standard","has-post-thumbnail","hentry","category-news"],"_links":{"self":[{"href":"https:\/\/enolife.com.ar\/es\/wp-json\/wp\/v2\/posts\/109816","targetHints":{"allow":["GET"]}}],"collection":[{"href":"https:\/\/enolife.com.ar\/es\/wp-json\/wp\/v2\/posts"}],"about":[{"href":"https:\/\/enolife.com.ar\/es\/wp-json\/wp\/v2\/types\/post"}],"author":[{"embeddable":true,"href":"https:\/\/enolife.com.ar\/es\/wp-json\/wp\/v2\/users\/3"}],"replies":[{"embeddable":true,"href":"https:\/\/enolife.com.ar\/es\/wp-json\/wp\/v2\/comments?post=109816"}],"version-history":[{"count":0,"href":"https:\/\/enolife.com.ar\/es\/wp-json\/wp\/v2\/posts\/109816\/revisions"}],"wp:featuredmedia":[{"embeddable":true,"href":"https:\/\/enolife.com.ar\/es\/wp-json\/wp\/v2\/media\/109822"}],"wp:attachment":[{"href":"https:\/\/enolife.com.ar\/es\/wp-json\/wp\/v2\/media?parent=109816"}],"wp:term":[{"taxonomy":"category","embeddable":true,"href":"https:\/\/enolife.com.ar\/es\/wp-json\/wp\/v2\/categories?post=109816"},{"taxonomy":"post_tag","embeddable":true,"href":"https:\/\/enolife.com.ar\/es\/wp-json\/wp\/v2\/tags?post=109816"}],"curies":[{"name":"wp","href":"https:\/\/api.w.org\/{rel}","templated":true}]}}