{"id":109744,"date":"2024-01-25T17:18:58","date_gmt":"2024-01-25T17:18:58","guid":{"rendered":"https:\/\/enolife.com.ar\/es\/?p=109744"},"modified":"2024-01-25T17:21:46","modified_gmt":"2024-01-25T17:21:46","slug":"el-ingeniero-agronomo-carlos-tizio-ya-esta-confirmado-como-presidente-del-inv","status":"publish","type":"post","link":"https:\/\/enolife.com.ar\/es\/el-ingeniero-agronomo-carlos-tizio-ya-esta-confirmado-como-presidente-del-inv\/","title":{"rendered":"El ingeniero agr\u00f3nomo Carlos Tizio ya est\u00e1 confirmado como presidente del INV"},"content":{"rendered":"\n<h4 class=\"wp-block-heading\"><em><strong>En el Bolet\u00edn Oficial de la Rep\u00fablica Argentina se public\u00f3 el lunes 22\/1 el decreto firmado por el presidente Milei que designa al ingeniero agr\u00f3nomo Carlos Ra\u00fal Tizio Mayer como presidente el Instituto Nacional de Vitivinicultura (INV). Ya hab\u00eda estado en ese cargo durante la presidencia de Mauricio Macri.<\/strong><\/em><\/h4>\n\n\n\n<div style=\"height:35px\" aria-hidden=\"true\" class=\"wp-block-spacer\"><\/div>\n\n\n<a href=\"https:\/\/jmzeballos.com\/\" aria-label=\"PUBLICIDAD ENOLIFE 2023_\u00c1NFORAS 1700 x 500\"><img loading=\"lazy\" decoding=\"async\" src=\"https:\/\/enolife.com.ar\/es\/wp-content\/uploads\/2020\/12\/PUBLICIDAD-ENOLIFE-2023_ANFORAS-1700-x-500.jpg\" alt=\"\"  srcset=\"https:\/\/enolife.com.ar\/es\/wp-content\/uploads\/2020\/12\/PUBLICIDAD-ENOLIFE-2023_ANFORAS-1700-x-500.jpg 1700w, https:\/\/enolife.com.ar\/es\/wp-content\/uploads\/2020\/12\/PUBLICIDAD-ENOLIFE-2023_ANFORAS-1700-x-500-300x88.jpg 300w, https:\/\/enolife.com.ar\/es\/wp-content\/uploads\/2020\/12\/PUBLICIDAD-ENOLIFE-2023_ANFORAS-1700-x-500-1024x301.jpg 1024w, https:\/\/enolife.com.ar\/es\/wp-content\/uploads\/2020\/12\/PUBLICIDAD-ENOLIFE-2023_ANFORAS-1700-x-500-768x226.jpg 768w, https:\/\/enolife.com.ar\/es\/wp-content\/uploads\/2020\/12\/PUBLICIDAD-ENOLIFE-2023_ANFORAS-1700-x-500-1536x452.jpg 1536w, https:\/\/enolife.com.ar\/es\/wp-content\/uploads\/2020\/12\/PUBLICIDAD-ENOLIFE-2023_ANFORAS-1700-x-500-1170x344.jpg 1170w, https:\/\/enolife.com.ar\/es\/wp-content\/uploads\/2020\/12\/PUBLICIDAD-ENOLIFE-2023_ANFORAS-1700-x-500-585x172.jpg 585w\" sizes=\"auto, (max-width: 1700px) 100vw, 1700px\" width=\"1700\" height=\"500\"   \/><\/a>\n\n\n<div style=\"height:45px\" aria-hidden=\"true\" class=\"wp-block-spacer\"><\/div>\n\n\n\n<p>En el decreto 66\/2024 con fecha del 19 de enero y publicado el 22\/1, se nombra a <strong>Carlos Tizio<\/strong>, quien ocup\u00f3 el cargo entre 2016 y 2020.&nbsp;El antiguo director t\u00e9cnico de <strong>Bodega Norton <\/strong>vuelve a asumir un rol en el organismo que encabez\u00f3 durante la administraci\u00f3n de <strong>Mauricio Macri.<\/strong> La designaci\u00f3n de este regreso fue formalizada mediante el decreto firmado por el presidente <strong>Javier Milei<\/strong>.<\/p>\n\n\n\n<p>La designaci\u00f3n explicita que el cargo de Tizio es efectivo retroactivamente desde el 11 de diciembre, fecha en la que <strong>Mart\u00edn Hinojosa<\/strong> dej\u00f3 el cargo.<\/p>\n\n\n\n<p>Tizio naci\u00f3 en <strong>La Plata<\/strong> pero se afinc\u00f3 en <strong>Mendoza<\/strong>, donde desempe\u00f1\u00f3 distintos cargos vinculados con la vitivinicultura. Su regreso se atribuye a su experiencia previa, su participaci\u00f3n en el \u00e1mbito pol\u00edtico asesorando al Partido Dem\u00f3crata, y el respaldo del gobernador de Mendoza, <strong>Alfredo Cornejo<\/strong>.<\/p>\n\n\n\n<p>En cuanto al legado dejado por su predecesor Hinojosa, se destaca la integraci\u00f3n de organismos internacionales como el Comit\u00e9 Cient\u00edfico y T\u00e9cnico de la OIV, el Grupo Mundial del Comercio del Vino, y el Consejo P\u00fablico Privado para la promoci\u00f3n de exportaciones. Tambi\u00e9n se implement\u00f3 con \u00e9xito el Programa de Apoyo para Peque\u00f1os Productores Vitivin\u00edcolas de Argentina (Proviar II), que distribuy\u00f3 50 millones de d\u00f3lares beneficiando a m\u00e1s de 2.000 productores, m\u00e1s de 300 bodegas, y otros 350 proyectos rurales vinculados al vino. Desde el sector vitivin\u00edcola, se solicita a la nueva administraci\u00f3n que contin\u00fae con estas iniciativas.<\/p>\n\n\n\n<div style=\"height:36px\" aria-hidden=\"true\" class=\"wp-block-spacer\"><\/div>\n","protected":false},"excerpt":{"rendered":"<p>En el Bolet\u00edn Oficial de la Rep\u00fablica Argentina se public\u00f3 el lunes 22\/1 el decreto&hellip;<\/p>\n","protected":false},"author":3,"featured_media":109800,"comment_status":"open","ping_status":"open","sticky":false,"template":"","format":"standard","meta":{"footnotes":""},"categories":[14],"tags":[],"class_list":["post-109744","post","type-post","status-publish","format-standard","has-post-thumbnail","hentry","category-news"],"_links":{"self":[{"href":"https:\/\/enolife.com.ar\/es\/wp-json\/wp\/v2\/posts\/109744","targetHints":{"allow":["GET"]}}],"collection":[{"href":"https:\/\/enolife.com.ar\/es\/wp-json\/wp\/v2\/posts"}],"about":[{"href":"https:\/\/enolife.com.ar\/es\/wp-json\/wp\/v2\/types\/post"}],"author":[{"embeddable":true,"href":"https:\/\/enolife.com.ar\/es\/wp-json\/wp\/v2\/users\/3"}],"replies":[{"embeddable":true,"href":"https:\/\/enolife.com.ar\/es\/wp-json\/wp\/v2\/comments?post=109744"}],"version-history":[{"count":0,"href":"https:\/\/enolife.com.ar\/es\/wp-json\/wp\/v2\/posts\/109744\/revisions"}],"wp:featuredmedia":[{"embeddable":true,"href":"https:\/\/enolife.com.ar\/es\/wp-json\/wp\/v2\/media\/109800"}],"wp:attachment":[{"href":"https:\/\/enolife.com.ar\/es\/wp-json\/wp\/v2\/media?parent=109744"}],"wp:term":[{"taxonomy":"category","embeddable":true,"href":"https:\/\/enolife.com.ar\/es\/wp-json\/wp\/v2\/categories?post=109744"},{"taxonomy":"post_tag","embeddable":true,"href":"https:\/\/enolife.com.ar\/es\/wp-json\/wp\/v2\/tags?post=109744"}],"curies":[{"name":"wp","href":"https:\/\/api.w.org\/{rel}","templated":true}]}}