{"id":109688,"date":"2024-01-20T23:53:07","date_gmt":"2024-01-20T23:53:07","guid":{"rendered":"https:\/\/enolife.com.ar\/es\/?p=109688"},"modified":"2024-01-24T19:25:03","modified_gmt":"2024-01-24T19:25:03","slug":"presentan-en-madrid-la-1er-cumbre-global-de-enoturismo-que-se-hara-del-19-al-21-3-en-uruguay","status":"publish","type":"post","link":"https:\/\/enolife.com.ar\/es\/presentan-en-madrid-la-1er-cumbre-global-de-enoturismo-que-se-hara-del-19-al-21-3-en-uruguay\/","title":{"rendered":"Presentan en Madrid la 1er Cumbre Global de Enoturismo que se har\u00e1 del 19 al 21\/3 en Uruguay"},"content":{"rendered":"\n<h4 class=\"wp-block-heading\"><em><strong>Del 24 al 28 de enero se realizar\u00e1 en Madrid, Espa\u00f1a, la Feria Internacional de Turismo (FITUR), de la que participar\u00e1n 8.500 empresas expositoras, 136.000 profesionales del \u00e1rea tur\u00edstica y 86.000 visitantes. En ese contexto, el d\u00eda 25\/1 se presentar\u00e1 la 1er Cumbre Global de Enoturismo Responsable -a realizarse en Punta del Este del 19 al 21\/3- en el Stand de Uruguay con la presencia del ministro de Turismo de ese pa\u00eds Tabar\u00e9 Vieira Duarte y el presidente de la Organizaci\u00f3n Mundial del Enoturismo (OMET) -entidad organizadora de la cumbre- Jos\u00e9 Antonio Vidal. <\/strong><\/em><\/h4>\n\n\n\n<div style=\"height:35px\" aria-hidden=\"true\" class=\"wp-block-spacer\"><\/div>\n\n\n\n\n\n<div style=\"height:45px\" aria-hidden=\"true\" class=\"wp-block-spacer\"><\/div>\n\n\n<div class=\"wp-block-image\">\n<figure class=\"alignleft size-full is-resized\"><a href=\"https:\/\/enolife.com.ar\/es\/wp-content\/uploads\/2024\/01\/Imagen1-16.jpg\" data-rel=\"penci-gallery-image-content\" ><img loading=\"lazy\" decoding=\"async\" src=\"https:\/\/enolife.com.ar\/es\/wp-content\/uploads\/2024\/01\/Imagen1-16.jpg\" alt=\"\" class=\"wp-image-109689\" width=\"330\" height=\"467\" srcset=\"https:\/\/enolife.com.ar\/es\/wp-content\/uploads\/2024\/01\/Imagen1-16.jpg 508w, https:\/\/enolife.com.ar\/es\/wp-content\/uploads\/2024\/01\/Imagen1-16-212x300.jpg 212w\" sizes=\"auto, (max-width: 330px) 100vw, 330px\" \/><\/a><\/figure><\/div>\n\n\n<p>La <strong>Organizaci\u00f3n Mundial del Enoturismo (OMET) <\/strong>es una red de pa\u00edses y empresas con cultura vitivin\u00edcola y tur\u00edstica, creada para favorecer la colaboraci\u00f3n entre naciones, a trav\u00e9s de sus gobiernos y sus sectores privados, en todos sus niveles, en el marco de los Objetivos para el Desarrollo Sostenible (ODS) de la Agenda 2030 de Naciones Unidas. Naci\u00f3 en 2020 en plena pandemia de la mano de<strong> <\/strong>Jos\u00e9 Antonio Vidal, fundador, presidente y CEO de la Asociaci\u00f3n Espa\u00f1ola de Enoturismo (AEE).<\/p>\n\n\n\n<p>Sus objetivos clave son participar como interlocutor de referencia en los procesos de influencia, negociaci\u00f3n y decisi\u00f3n, con estados, organizaciones internacionales y entidades territoriales, al tiempo de mantener una visi\u00f3n integral para el desarrollo del \u2018nuevo\u2019 enoturismo, como una prioridad pol\u00edtica, en un marco de gobernanza inclusivo, generando procesos y servicios accesibles, responsables y receptivos que involucren a todos los ciudadanos, y en especial a los residentes en los destinos.<\/p>\n\n\n\n<p>En este contexto ha organizado la <strong>1er Cumbre de Enoturismo Responsable<\/strong> que se realizar\u00e1 <strong>en Punta del Este, Uruguay del 19 al 21 de marzo, en el Hotel Enjoy.<\/strong><\/p>\n\n\n\n<p>Con la finalidad de mostrar la importancia del&nbsp;enoturismo&nbsp;como dinamizador econ\u00f3mico, social, y del patrimonio cultural y ambiental de las regiones en las que se ubica la tradici\u00f3n vin\u00edcola, la cumbre se enfocar\u00e1 en la importancia de la innovaci\u00f3n y sobre todo en las pr\u00e1cticas responsables y accesibles para un futuro sostenible: sedes, proveedores y patrocinadores comprometidos con la gesti\u00f3n de residuos, la huella de carbono, la gastronom\u00eda local y, c\u00f3mo no, con la formaci\u00f3n y concientizaci\u00f3n sobre enoturismo responsable con tem\u00e1ticas y oradores de primer nivel internacional. Adem\u00e1s presentar\u00e1 al mundo los casos de \u00e9xito de destinos y empresas, servir\u00e1 para intercambiar experinecias en sectores acad\u00e9mico, empresarial y gubernamental, tendr\u00e1 un \u00e1rea expositiva y rondas de negocios B2B.<\/p>\n\n\n\n<p>Para quienes est\u00e9n interesados en conocer m\u00e1s al respecto, y participen de la FITUR 2024 de Madrid, el <strong>ministro de Turismo de Uruguay, Tabar\u00e9 Vieira Duarte<\/strong> y el <strong>presidente de la OMET, Jos\u00e9 Antonio Vidal <\/strong>invitan el <strong>jueves 25\/1 a las 16 hs<\/strong> a participar de la presentaci\u00f3n de la Cumbre Global de Enoturismo Responsable en el <strong>stand de Uruguay<\/strong> (Pabell\u00f3n Am\u00e9rica B13 de FITUR Madrid).<\/p>\n","protected":false},"excerpt":{"rendered":"<p>Del 24 al 28 de enero se realizar\u00e1 en Madrid, Espa\u00f1a, la Feria Internacional de&hellip;<\/p>\n","protected":false},"author":3,"featured_media":109713,"comment_status":"open","ping_status":"open","sticky":false,"template":"","format":"standard","meta":{"footnotes":""},"categories":[10],"tags":[],"class_list":["post-109688","post","type-post","status-publish","format-standard","has-post-thumbnail","hentry","category-ferias"],"_links":{"self":[{"href":"https:\/\/enolife.com.ar\/es\/wp-json\/wp\/v2\/posts\/109688","targetHints":{"allow":["GET"]}}],"collection":[{"href":"https:\/\/enolife.com.ar\/es\/wp-json\/wp\/v2\/posts"}],"about":[{"href":"https:\/\/enolife.com.ar\/es\/wp-json\/wp\/v2\/types\/post"}],"author":[{"embeddable":true,"href":"https:\/\/enolife.com.ar\/es\/wp-json\/wp\/v2\/users\/3"}],"replies":[{"embeddable":true,"href":"https:\/\/enolife.com.ar\/es\/wp-json\/wp\/v2\/comments?post=109688"}],"version-history":[{"count":0,"href":"https:\/\/enolife.com.ar\/es\/wp-json\/wp\/v2\/posts\/109688\/revisions"}],"wp:featuredmedia":[{"embeddable":true,"href":"https:\/\/enolife.com.ar\/es\/wp-json\/wp\/v2\/media\/109713"}],"wp:attachment":[{"href":"https:\/\/enolife.com.ar\/es\/wp-json\/wp\/v2\/media?parent=109688"}],"wp:term":[{"taxonomy":"category","embeddable":true,"href":"https:\/\/enolife.com.ar\/es\/wp-json\/wp\/v2\/categories?post=109688"},{"taxonomy":"post_tag","embeddable":true,"href":"https:\/\/enolife.com.ar\/es\/wp-json\/wp\/v2\/tags?post=109688"}],"curies":[{"name":"wp","href":"https:\/\/api.w.org\/{rel}","templated":true}]}}