{"id":109482,"date":"2024-01-18T13:11:52","date_gmt":"2024-01-18T13:11:52","guid":{"rendered":"https:\/\/enolife.com.ar\/es\/?p=109482"},"modified":"2024-01-20T00:04:57","modified_gmt":"2024-01-20T00:04:57","slug":"desastre-agropecuario-en-mendoza-los-productores-tendran-creditos-y-no-pagaran-impuestos-y-riego","status":"publish","type":"post","link":"https:\/\/enolife.com.ar\/es\/desastre-agropecuario-en-mendoza-los-productores-tendran-creditos-y-no-pagaran-impuestos-y-riego\/","title":{"rendered":"Desastre agropecuario en Mendoza: los productores tendr\u00e1n cr\u00e9ditos y no pagar\u00e1n impuestos y riego"},"content":{"rendered":"\n<h4 class=\"wp-block-heading\"><em><strong>Seg\u00fan confirmaron el gobernador Alfredo Cornejo y el ministro de Producci\u00f3n Rodolfo Vargas Arizu, Mendoza declarar\u00e1 el desastre y la emergencia agropecuaria en los cuatro oasis productivos. Abarcar\u00e1 el per\u00edodo entre el 1 de diciembre del 2023 y el 31 de marzo del 2025. El decreto se publicar\u00e1 en los pr\u00f3ximos d\u00edas en el Bolet\u00edn Oficial. De acuerdo a lo establecido en la ley provincial 9.083, este estado de excepci\u00f3n otorgar\u00e1 a los productores afectados facilidades financieras, reducci\u00f3n o cancelaci\u00f3n de impuesto y derechos de riego y otras ventajas relativas, para mitigar el impacto de los importantes da\u00f1os causados en cultivos por heladas tard\u00edas, granizo, viento zonda y fuertes lluvias.<\/strong><\/em><\/h4>\n\n\n\n<div style=\"height:35px\" aria-hidden=\"true\" class=\"wp-block-spacer\"><\/div>\n\n\n\n\n\n<div style=\"height:45px\" aria-hidden=\"true\" class=\"wp-block-spacer\"><\/div>\n\n\n\n<p>El&nbsp;<strong>Gobierno de Mendoza<\/strong>&nbsp;publicar\u00e1 en los pr\u00f3ximos d\u00edas un decreto en el&nbsp;<strong>Bolet\u00edn Oficial<\/strong>&nbsp;que declara el&nbsp;<strong>desastre&nbsp;<\/strong>y la&nbsp;<strong>emergencia agropecuaria<\/strong>&nbsp;en los cuatro oasis productivos de la provincia.<\/p>\n\n\n\n<p>Seg\u00fan el Ejecutivo, incluir\u00e1 a las zonas que se vieron afectadas por las heladas tard\u00edas, viento zonda y granizo registrados durante el periodo agr\u00edcola 2023\/24&nbsp;y buscar\u00e1 mitigar el impacto negativo que esto genera en las econom\u00edas familiares.<\/p>\n\n\n\n<p>La ley 9.083 indica que el estado de emergencia agropecuaria comprende a las propiedades ubicadas en distritos en el que las contingencias clim\u00e1ticas hayan generado un da\u00f1o del 50% y hasta el 79% de la producci\u00f3n, mientras que en el estado de desastre agropecuario es para aquellas que las p\u00e9rdidas van del 80% al 10%.<\/p>\n\n\n\n<div style=\"height:35px\" aria-hidden=\"true\" class=\"wp-block-spacer\"><\/div>\n\n\n\n<p class=\"has-medium-font-size\"><strong>Los distritos que estar\u00e1n bajo emergencia agropecuaria<\/strong><\/p>\n\n\n\n<p><strong>Regi\u00f3n Centro<\/strong><\/p>\n\n\n\n<ul class=\"wp-block-list\">\n<li><strong>San Carlos:<\/strong>&nbsp;Chilecito, Eugenio Bustos, La Consulta, Pareditas y Villa San Carlos.<\/li>\n\n\n\n<li><strong>Tunuy\u00e1n:&nbsp;<\/strong>Campo Los Andes, Colonia Las Rosas, El Algarrobo, El Totoral, La Primavera, Las Pintadas, Los \u00c1rboles, Los Chacayes, Los Sauces, Tunuy\u00e1n, Villa Seca y Vista Flores.<\/li>\n\n\n\n<li><strong>Tupungato<\/strong>: Cord\u00f3n del Plata, El Peral, El Zampal, El Zampalito, Gualtallary, La Arboleda, La Carrera, San Jos\u00e9, Tupungato y Villa Bastias.<\/li>\n<\/ul>\n\n\n\n<div style=\"height:30px\" aria-hidden=\"true\" class=\"wp-block-spacer\"><\/div>\n\n\n\n<p><strong>Regi\u00f3n Este<\/strong><\/p>\n\n\n\n<ul class=\"wp-block-list\">\n<li><strong>Jun\u00edn:<\/strong>&nbsp;Algarrobo Grande, Alto Verde, Jun\u00edn, La Colonia, Los Barriales, Medrano, Mundo Nuevo, Phillips y Rodr\u00edguez Pe\u00f1a.<\/li>\n\n\n\n<li><strong>Rivadavia:&nbsp;<\/strong>Andrade, El Mirador, La Central, La Libertad, Los \u00c1rboles, Los Campamentos, Medrano, Mundo Nuevo, Reducci\u00f3n, Rivadavia y Santa Mar\u00eda de Oro.<\/li>\n\n\n\n<li><strong>San Mart\u00edn:<\/strong>&nbsp;Alto Salvador, Alto Verde, Buen Orden, Chapanay, Chivilcoy, El Divisadero, El Espino, El Rambl\u00f3n, Las Chimbas, Montecaseros, Nueva California, Palmira, San Mart\u00edn y Tres Porte\u00f1as.<\/li>\n\n\n\n<li><strong>Santa Rosa:<\/strong>&nbsp;12 de Octubre, La Dormida, Las Catitas y Santa Rosa.<\/li>\n<\/ul>\n\n\n\n<div style=\"height:30px\" aria-hidden=\"true\" class=\"wp-block-spacer\"><\/div>\n\n\n\n<p><strong>Regi\u00f3n Norte<\/strong><\/p>\n\n\n\n<ul class=\"wp-block-list\">\n<li><strong>Guaymall\u00e9n<\/strong>: Buena Nueva y Km 11.<\/li>\n\n\n\n<li><strong>Las Heras:<\/strong>&nbsp;Capdevilla, El Algarrobal y Las Heras.<\/li>\n\n\n\n<li><strong>Lavalle:&nbsp;<\/strong>Costa de Araujo, El Carmen, El Chilcal, El Plumero, El Vergel, Ing. Gustavo Andr\u00e9, Jocol\u00ed, Jocol\u00ed Viejo, La Palmera, La Pega, Las Violetas, Paramillo, San Francisco, Tres de Mayo y Tulumaya.<\/li>\n\n\n\n<li><strong>Luj\u00e1n de Cuyo:<\/strong>&nbsp;Agrelo, Carrizal, Perdriel, Ugarteche y Vistalba.<\/li>\n\n\n\n<li><strong>Maip\u00fa:<\/strong>&nbsp;Barrancas, Coquimbito, Cruz de Piedra, Fray Luis Beltr\u00e1n, Lunlunta y San Roque.<\/li>\n<\/ul>\n\n\n\n<div style=\"height:30px\" aria-hidden=\"true\" class=\"wp-block-spacer\"><\/div>\n\n\n\n<p><strong>Regi\u00f3n Sur<\/strong><\/p>\n\n\n\n<ul class=\"wp-block-list\">\n<li><strong>General Alvear:<\/strong>&nbsp;Alvear Oeste, Bowen, Gral. Alvear y San Pedro de Atuel.<\/li>\n\n\n\n<li><strong>San Rafael:<\/strong>&nbsp;Ca\u00f1ada Seca, Cuadro Benegas, Cuadro Nacional, El Cerrito, Goudge, Jaime Prats, La Llave, Las Paredes, Monte Com\u00e1n, Rama Ca\u00edda, Real del Padre, San Rafael y Villa Atuel.<\/li>\n<\/ul>\n\n\n\n<div style=\"height:35px\" aria-hidden=\"true\" class=\"wp-block-spacer\"><\/div>\n\n\n\n<p class=\"has-medium-font-size\"><strong>Beneficios a los que podr\u00e1n acceder los productores<\/strong><\/p>\n\n\n\n<p><\/p>\n\n\n\n<ul class=\"wp-block-list\">\n<li>Eximici\u00f3n de pago del impuesto inmobiliario.<\/li>\n\n\n\n<li>Eximici\u00f3n de los c\u00e1nones de riego (superficial y subterr\u00e1neo) por un valor igual al 50% de la factura correspondiente.<\/li>\n\n\n\n<li>Pr\u00f3rroga de hasta 90 d\u00edas h\u00e1biles para los vencimientos de cuotas correspondientes a cr\u00e9ditos otorgados por organismos financieros, oficiales o mixtos.<\/li>\n\n\n\n<li>Las instituciones financieras oficiales o mixtas provinciales deber\u00e1n establecer l\u00edneas de cr\u00e9ditos con tasas de inter\u00e9s bonificadas, un a\u00f1o de gracia y plazo de pago que no podr\u00e1 ser inferior a los tres a\u00f1os.<\/li>\n\n\n\n<li>Las empresas y cooperativas distribuidoras de energ\u00eda el\u00e9ctrica deber\u00e1n establecer una bonificaci\u00f3n del 25% en las facturas de la energ\u00eda el\u00e9ctrica utilizada para riego agr\u00edcola.<\/li>\n\n\n\n<li>Suspensi\u00f3n de hasta 90 d\u00edas h\u00e1biles de juicios y procedimientos por cobros de acreencias referidas \u00fanicamente a los impuestos y servicios contemplados en la ley.<\/li>\n\n\n\n<li>Suspensi\u00f3n de hasta 90 d\u00edas h\u00e1biles de la obligatoriedad de validaci\u00f3n prevista en el art\u00edculo 185 inciso x) del C\u00f3digo Fiscal de la Provincia de Mendoza.<\/li>\n<\/ul>\n\n\n\n<div style=\"height:30px\" aria-hidden=\"true\" class=\"wp-block-spacer\"><\/div>\n","protected":false},"excerpt":{"rendered":"<p>Seg\u00fan confirmaron el gobernador Alfredo Cornejo y el ministro de Producci\u00f3n Rodolfo Vargas Arizu, Mendoza&hellip;<\/p>\n","protected":false},"author":3,"featured_media":109488,"comment_status":"open","ping_status":"open","sticky":false,"template":"","format":"standard","meta":{"footnotes":""},"categories":[14],"tags":[],"class_list":["post-109482","post","type-post","status-publish","format-standard","has-post-thumbnail","hentry","category-news"],"_links":{"self":[{"href":"https:\/\/enolife.com.ar\/es\/wp-json\/wp\/v2\/posts\/109482","targetHints":{"allow":["GET"]}}],"collection":[{"href":"https:\/\/enolife.com.ar\/es\/wp-json\/wp\/v2\/posts"}],"about":[{"href":"https:\/\/enolife.com.ar\/es\/wp-json\/wp\/v2\/types\/post"}],"author":[{"embeddable":true,"href":"https:\/\/enolife.com.ar\/es\/wp-json\/wp\/v2\/users\/3"}],"replies":[{"embeddable":true,"href":"https:\/\/enolife.com.ar\/es\/wp-json\/wp\/v2\/comments?post=109482"}],"version-history":[{"count":0,"href":"https:\/\/enolife.com.ar\/es\/wp-json\/wp\/v2\/posts\/109482\/revisions"}],"wp:featuredmedia":[{"embeddable":true,"href":"https:\/\/enolife.com.ar\/es\/wp-json\/wp\/v2\/media\/109488"}],"wp:attachment":[{"href":"https:\/\/enolife.com.ar\/es\/wp-json\/wp\/v2\/media?parent=109482"}],"wp:term":[{"taxonomy":"category","embeddable":true,"href":"https:\/\/enolife.com.ar\/es\/wp-json\/wp\/v2\/categories?post=109482"},{"taxonomy":"post_tag","embeddable":true,"href":"https:\/\/enolife.com.ar\/es\/wp-json\/wp\/v2\/tags?post=109482"}],"curies":[{"name":"wp","href":"https:\/\/api.w.org\/{rel}","templated":true}]}}