{"id":109137,"date":"2024-01-11T22:23:00","date_gmt":"2024-01-11T22:23:00","guid":{"rendered":"https:\/\/enolife.com.ar\/es\/?p=109137"},"modified":"2024-01-14T23:52:31","modified_gmt":"2024-01-14T23:52:31","slug":"coviar-le-pidio-a-legisladores-que-rechacen-la-ley-que-aplica-8-de-retencion-a-la-exportacion-de-vino","status":"publish","type":"post","link":"https:\/\/enolife.com.ar\/es\/coviar-le-pidio-a-legisladores-que-rechacen-la-ley-que-aplica-8-de-retencion-a-la-exportacion-de-vino\/","title":{"rendered":"Coviar le pidi\u00f3 a legisladores que rechacen la ley que aplica 8% de retenci\u00f3n a la exportaci\u00f3n de vino"},"content":{"rendered":"\n<h4 class=\"wp-block-heading\"><em><strong>Los principales dirigentes de la Corporaci\u00f3n Vitivin\u00edcola Argentina (Coviar) se reunieron el 10\/1\/24 con diputados y senadores de las provincias vitivin\u00edcolas argentinas para solicitarles que no apoyen el art\u00edculo 205 del \u201cProyecto de Ley de Bases y Puntos de Partida para la Libertad de los Argentinos\u201d (m\u00e1s conocido como \u201cLey \u00d3mnibus\u201d), que propone gravar las ventas de vino al exterior con un 8% de la facturaci\u00f3n. Consideran que con ese impuesto se perder\u00eda una parte del ingreso de divisas, se perjudicar\u00eda la generaci\u00f3n de empleo y se provocar\u00eda desarraigo de viticultores en las zonas productivas. <\/strong><\/em><\/h4>\n\n\n\n<hr class=\"wp-block-separator has-alpha-channel-opacity\"\/>\n\n\n\n<h4 class=\"wp-block-heading\"><em><strong>En la foto principal (autor\u00eda de La Naci\u00f3n): Mario Gonz\u00e1lez, presidente de Coviar; Jos\u00e9 Zuccardi, vicepresidente de Coviar y director de la Familia Zuccardi; Jos\u00e9 Mayans, diputado UXP, por Formosa, Anabel Fern\u00e1ndez Sagasti, por Mendoza y Fernando Rejal, por La Rioja.<\/strong><\/em><\/h4>\n\n\n\n<div style=\"height:35px\" aria-hidden=\"true\" class=\"wp-block-spacer\"><\/div>\n\n\n<a href=\"https:\/\/www.dellatoffola.com.ar\/es\/home\" aria-label=\"Banner Filtro Omnia_1700x500\"><img loading=\"lazy\" decoding=\"async\" src=\"https:\/\/enolife.com.ar\/es\/wp-content\/uploads\/2023\/10\/Banner-Filtro-Omnia_1700x500.png\" alt=\"\"  srcset=\"https:\/\/enolife.com.ar\/es\/wp-content\/uploads\/2023\/10\/Banner-Filtro-Omnia_1700x500.png 1699w, https:\/\/enolife.com.ar\/es\/wp-content\/uploads\/2023\/10\/Banner-Filtro-Omnia_1700x500-300x88.png 300w, https:\/\/enolife.com.ar\/es\/wp-content\/uploads\/2023\/10\/Banner-Filtro-Omnia_1700x500-1024x301.png 1024w, https:\/\/enolife.com.ar\/es\/wp-content\/uploads\/2023\/10\/Banner-Filtro-Omnia_1700x500-768x226.png 768w, https:\/\/enolife.com.ar\/es\/wp-content\/uploads\/2023\/10\/Banner-Filtro-Omnia_1700x500-1536x452.png 1536w, https:\/\/enolife.com.ar\/es\/wp-content\/uploads\/2023\/10\/Banner-Filtro-Omnia_1700x500-1170x344.png 1170w, https:\/\/enolife.com.ar\/es\/wp-content\/uploads\/2023\/10\/Banner-Filtro-Omnia_1700x500-585x172.png 585w\" sizes=\"auto, (max-width: 1699px) 100vw, 1699px\" width=\"1699\" height=\"500\"   \/><\/a>\n\n\n<div style=\"height:45px\" aria-hidden=\"true\" class=\"wp-block-spacer\"><\/div>\n\n\n\n<p>En medio del tratamiento en la <strong>C\u00e1mara de Diputados del Congreso de la Naci\u00f3n Argentina<\/strong> del llamado&nbsp;<strong>\u201cProyecto de Ley de Bases y Puntos de Partida para la Libertad de los Argentinos\u201d<\/strong>, miembros del Directorio de la&nbsp;<strong>Corporaci\u00f3n Vitivin\u00edcola Argentina (Coviar)<\/strong>&nbsp;se reunieron el mi\u00e9rcoles 10\/1\/24 en Buenos Aires con legisladores nacionales de las provincias vitivin\u00edcolas, para dialogar y manifestar su preocupaci\u00f3n frente a la posible aplicaci\u00f3n de derechos de exportaci\u00f3n al sector y su impacto negativo para toda la cadena vitivin\u00edcola argentina.<\/p>\n\n\n\n<p>En el art\u00edculo 205 del mencionado proyecto, se propone fijar en un&nbsp;<strong>8% la al\u00edcuota de derecho de exportaci\u00f3n<\/strong>&nbsp;<em>\u201cpara todas las mercader\u00edas correspondientes al complejo vitivin\u00edcola y al aceite esencial del lim\u00f3n\u201d<\/em>. Como principal argumento para el rechazo a esa idea, desde la Coviar se\u00f1alan que <em>\u00abla vitivinicultura es una actividad de alto valor agregado, que es marca pa\u00eds para la Argentina, generadora de divisas, empleo y arraigo en 18 provincias\u00bb.<\/em><\/p>\n\n\n\n<p>El objetivo de la reuni\u00f3n fue informar a los legisladores de las distintas fuerzas pol\u00edticas sobre el impacto negativo que estos derechos de exportaci\u00f3n tendr\u00edan sobre toda la oferta exportable de Argentina, y solicitarles que no acompa\u00f1en este art\u00edculo y mantengan como hasta ahora a la vitivinicultura sin tener que pagar derechos de exportaci\u00f3n.<\/p>\n\n\n\n<div style=\"height:30px\" aria-hidden=\"true\" class=\"wp-block-spacer\"><\/div>\n\n\n<div class=\"wp-block-image\">\n<figure class=\"aligncenter size-full is-resized\"><a href=\"https:\/\/enolife.com.ar\/es\/wp-content\/uploads\/2024\/01\/311899w790h593c.jpg.webp\"><img loading=\"lazy\" decoding=\"async\" src=\"https:\/\/enolife.com.ar\/es\/wp-content\/uploads\/2024\/01\/311899w790h593c.jpg.webp\" alt=\"\" class=\"wp-image-109147\" width=\"541\" height=\"406\" srcset=\"https:\/\/enolife.com.ar\/es\/wp-content\/uploads\/2024\/01\/311899w790h593c.jpg.webp 790w, https:\/\/enolife.com.ar\/es\/wp-content\/uploads\/2024\/01\/311899w790h593c.jpg-300x225.webp 300w, https:\/\/enolife.com.ar\/es\/wp-content\/uploads\/2024\/01\/311899w790h593c.jpg-768x576.webp 768w, https:\/\/enolife.com.ar\/es\/wp-content\/uploads\/2024\/01\/311899w790h593c.jpg-585x439.webp 585w\" sizes=\"auto, (max-width: 541px) 100vw, 541px\" \/><\/a><figcaption class=\"wp-element-caption\"><strong><em>Legisladores de las 18 provincias vitivin\u00edcolas escucharon atentamente la presentaci\u00f3n de la Coviar<\/em><\/strong><\/figcaption><\/figure><\/div>\n\n\n<div style=\"height:30px\" aria-hidden=\"true\" class=\"wp-block-spacer\"><\/div>\n\n\n\n<p>Del encuentro, que cont\u00f3 con una amplia convocatoria, participaron, por parte de Coviar, su presidente\u00a0<strong>Mario Gonz\u00e1lez<\/strong>; el vicepresidente\u00a0<strong>Jos\u00e9 Alberto Zuccardi<\/strong>; <strong>Jos\u00e9 Molina<\/strong>, presidente de la C\u00e1mara de Productores Vit\u00edcolas de San Juan y miembro del Directorio, y el gerente general de la instituci\u00f3n vitivin\u00edcola, <strong>Carlos Fiochetta<\/strong>. Por parte de los legisladores, asistieron representantes de las provincias de\u00a0<strong>Mendoza, San Juan, Catamarca, La Rioja Neuqu\u00e9n, C\u00f3rdoba, Formosa, La Pampa y Tierra del Fuego<\/strong>. Ellos fueron\u00a0<strong>Juan Carlos Pagotto<\/strong>\u00a0(LLA La Rioja);\u00a0<strong>Fernando Rejal<\/strong>\u00a0(UP La Rioja);\u00a0<strong>Luis Picat<\/strong>\u00a0(UCR C\u00f3rdoba);\u00a0<strong>Anabel Fern\u00e1ndez Sagasti<\/strong>\u00a0(UP Mendoza);\u00a0<strong>Adolfo Bermejo<\/strong>\u00a0(UP Mendoza);\u00a0<strong>Pamela Verasay y Lisandro Nieri<\/strong>\u00a0(UCR Mendoza);\u00a0<strong>Mariana Juri<\/strong>\u00a0(Cambia Mendoza);\u00a0<strong>Pablo Cervi<\/strong>\u00a0(UCR Neuqu\u00e9n);\u00a0<strong>Oscar Parrilli<\/strong>\u00a0(FdT Neuqu\u00e9n);\u00a0<strong>Celeste Gim\u00e9nez Navarro<\/strong>\u00a0(FdT San Juan); Jorge Chica (UxP San Juan);\u00a0<strong>Walberto Allende<\/strong>\u00a0(PJ San Juan);\u00a0<strong>Daniel Bensus\u00e1n<\/strong>\u00a0(PJ La Pampa);\u00a0<strong>Cristina L\u00f3pez<\/strong>\u00a0(PJ Tierra del Fuego);\u00a0<strong>Guillermo Andrada<\/strong>\u00a0(UxP Catamarca);\u00a0<strong>Jos\u00e9 Mayans<\/strong>\u00a0(FdT Formosa). Adem\u00e1s estuvieron presentes los senadores y los ex gobernadores\u00a0<strong>Sergio Casas<\/strong>\u00a0(La Rioja);\u00a0<strong>Luc\u00eda Corpacci<\/strong>\u00a0(Catamarca); y\u00a0<strong>Sergio U\u00f1ac<\/strong>\u00a0(San Juan).<\/p>\n\n\n\n<p><em>\u00a0\u201cLa aplicaci\u00f3n de derechos de exportaci\u00f3n al sector afectar\u00eda directamente a toda la cadena vitivin\u00edcola, principalmente al sector primario atentando contra la generaci\u00f3n de empleos, la competitividad externa y la atracci\u00f3n de inversiones de una industria presente hoy en 18 provincias\u201d<\/em>, sostuvo\u00a0<strong>Mario Gonz\u00e1lez<\/strong>, presidente de Coviar<strong>.\u00a0<\/strong>Y agreg\u00f3:\u00a0<em>\u201cSomos la industria que mayor valor agregado genera por hect\u00e1rea en produccion y la que mayor mano de obra genuina genera por hect\u00e1rea para todo el pa\u00eds, entre otros fundamentos que nos llevan a estar convencidos de que la vitivinicultura debe tener un 0% de derechos de expotaci\u00f3n Tenemos todo para crecer, todas las cualidades para producir y poder exportar al mundo\u201d.<\/em><\/p>\n\n\n\n<div style=\"height:20px\" aria-hidden=\"true\" class=\"wp-block-spacer\"><\/div>\n\n\n\n<p class=\"has-background\" style=\"background-color:#7bdbb578\">La <strong>Corporaci\u00f3n Vitivin\u00edcola Argentina (Coviar)<\/strong> es un organismo p\u00fablico-privado que gestiona y articula las acciones necesarias para cumplir con los objetivos del\u00a0<strong>Plan Estrat\u00e9gico Argentina Vitivin\u00edcola 2030 (PEVI)<\/strong>. La integran 13 c\u00e1maras empresarias y productivas de todo el pa\u00eds, el Instituto Nacional de Tecnolog\u00eda Agropecuaria (INTA) y el Instituto Nacional de Vitivinicultura (INV) en representaci\u00f3n del gobierno nacional y los gobiernos de las provincias vitivin\u00edcolas.<\/p>\n\n\n\n<div style=\"height:20px\" aria-hidden=\"true\" class=\"wp-block-spacer\"><\/div>\n\n\n\n<p>Por su parte, Daniel Rada, director del <strong>Observatorio Vitivin\u00edcola Argentino<\/strong>, explic\u00f3 a los legisladores presentes el impacto real de los derechos de exportaci\u00f3n sobre el vino y su cadena productiva en el caso de que la ley de apruebe.<\/p>\n\n\n\n<div style=\"height:30px\" aria-hidden=\"true\" class=\"wp-block-spacer\"><\/div>\n\n\n<div class=\"wp-block-image\">\n<figure class=\"aligncenter size-full is-resized\"><a href=\"https:\/\/enolife.com.ar\/es\/wp-content\/uploads\/2024\/01\/Daniel-Rada-presentacion-Observatorio-Vitivinicola-Argentino-reunion-con-Legisladores-768x680-1.jpeg\" data-rel=\"penci-gallery-image-content\" ><img loading=\"lazy\" decoding=\"async\" src=\"https:\/\/enolife.com.ar\/es\/wp-content\/uploads\/2024\/01\/Daniel-Rada-presentacion-Observatorio-Vitivinicola-Argentino-reunion-con-Legisladores-768x680-1.jpeg\" alt=\"\" class=\"wp-image-109148\" width=\"628\" height=\"338\" srcset=\"https:\/\/enolife.com.ar\/es\/wp-content\/uploads\/2024\/01\/Daniel-Rada-presentacion-Observatorio-Vitivinicola-Argentino-reunion-con-Legisladores-768x680-1.jpeg 584w, https:\/\/enolife.com.ar\/es\/wp-content\/uploads\/2024\/01\/Daniel-Rada-presentacion-Observatorio-Vitivinicola-Argentino-reunion-con-Legisladores-768x680-1-300x161.jpeg 300w\" sizes=\"auto, (max-width: 628px) 100vw, 628px\" \/><\/a><figcaption class=\"wp-element-caption\"><strong><em>Daniel Rada, director del Observatorio Vitivin\u00edcola Argentino<\/em><\/strong><\/figcaption><\/figure><\/div>\n\n\n<div style=\"height:30px\" aria-hidden=\"true\" class=\"wp-block-spacer\"><\/div>\n\n\n\n<p><strong>Juan Carlos Pagotto<\/strong>, senador por La Rioja de LLA, sostuvo que existen defasajes del mercado de los cuales no es ajeno el Estado:&nbsp;<em>\u201cLa presi\u00f3n tributaria que tiene este pa\u00eds es terrible y es uno de los problemas que debemos atacar por encima de todo. Argentina, que tiene una industria vitivin\u00edcola fuerte y que podr\u00eda haber sido mucho mejor, no ha tenido las ventajas comparativas necesarias y cuando hubo fondos para crearlas no se crearon. Aspiro a que todos los argentinos podamos trabajar, crear y salir adelante, por lo que cuenten con mi compromiso para trabajar este tema\u201d.<\/em><\/p>\n\n\n\n<p>Por su parte, el diputado por C\u00f3rdoba de la UCR,&nbsp;<strong>Luis Picat<\/strong>, se\u00f1al\u00f3:&nbsp;<em>\u201cEstamos en contra de cualquier impuesto distorsivo y aumento de nuevos impuestos a los productos incluidos en el art\u00edculo presentado por el Ejecutivo, que nos saca del mercado. Creemos que no se han visto los da\u00f1os colaterales y que la intenci\u00f3n de colocar impuestos va en contra de lo que pareciera que buscan, que es abrir mercados, exportar m\u00e1s y traer m\u00e1s d\u00f3lares a la Argentina\u201d.<\/em><\/p>\n\n\n\n<p><strong>Anabel Fern\u00e1ndez Sagasti<\/strong>, senadora por Mendoza de UP, reafirm\u00f3 por su parte el compromiso de trabajar intensamente y generar los consensos para que se modifique este art\u00edculo y agreg\u00f3:&nbsp;<em>\u201cEl sentido com\u00fan nos dice que las econom\u00edas regionales no tienen que estar grabadas. Quienes somos de provincias vitivin\u00edcolas sabemos lo que esto significa, ya que para nosotros es defender, b\u00e1sicamente, nuestra cultura\u201d.<\/em><\/p>\n\n\n\n<p>Por \u00faltimo, senador y ex gobernador de San Juan<strong>, Sergio U\u00f1ac,&nbsp;<\/strong>afirm\u00f3:&nbsp;<em>\u201cEs muy importante que nosotros escuchemos al sector y nos ilustremos sobre la realidad actual. Por ello si bien se ha hecho mucho hincapi\u00e9 en los derechos de exportaci\u00f3n, que nosotros queremos defender, creemos que tambi\u00e9n debemos trabajar sobre los derechos de importaci\u00f3n. Nos llevamos el compromiso de generar el justo equilibrio para proteger al productor y al industrial en todo sentido\u201d.<\/em><\/p>\n\n\n\n<div style=\"height:19px\" aria-hidden=\"true\" class=\"wp-block-spacer\"><\/div>\n\n\n\n<p class=\"has-medium-font-size\"><strong>\u00bfC\u00f3mo afecta el derecho de exportaci\u00f3n?<\/strong><\/p>\n\n\n\n<p>En el informe preparado por el <strong>Observatorio Vitivin\u00edcola Argentino (OVA)<\/strong> para informar a los legisladores se consigna que, si se toman los valores a diciembre del 2023, el precio promedio del litro de vino embotellado exportador es de 4,20 d\u00f3lares FOB; el cambio al que accede el exportador es aproximadamente de $836 pesos por d\u00f3lar (correspondi\u00e9ndose con un 80% del de MULC y 20% del d\u00f3lar MEP). As\u00ed, el precio del vino en pesos para el exportador es de $3.510).<\/p>\n\n\n\n<div style=\"height:30px\" aria-hidden=\"true\" class=\"wp-block-spacer\"><\/div>\n\n\n<div class=\"wp-block-image\">\n<figure class=\"aligncenter size-full is-resized\"><a href=\"https:\/\/enolife.com.ar\/es\/wp-content\/uploads\/2024\/01\/image-7.png\" data-rel=\"penci-gallery-image-content\" ><img loading=\"lazy\" decoding=\"async\" src=\"https:\/\/enolife.com.ar\/es\/wp-content\/uploads\/2024\/01\/image-7.png\" alt=\"\" class=\"wp-image-109138\" width=\"444\" height=\"555\" srcset=\"https:\/\/enolife.com.ar\/es\/wp-content\/uploads\/2024\/01\/image-7.png 768w, https:\/\/enolife.com.ar\/es\/wp-content\/uploads\/2024\/01\/image-7-240x300.png 240w, https:\/\/enolife.com.ar\/es\/wp-content\/uploads\/2024\/01\/image-7-585x731.png 585w\" sizes=\"auto, (max-width: 444px) 100vw, 444px\" \/><\/a><\/figure><\/div>\n\n\n<div style=\"height:30px\" aria-hidden=\"true\" class=\"wp-block-spacer\"><\/div>\n\n\n\n<p>De acuerdo a lo analizado por el OVA, el vino, como insumo, representa un 11% del valor final de una botella exportada en promedio; y lo restante se compone de mano de obra, excedente de explotaci\u00f3n, impuestos, capsula, tap\u00f3n, etiqueta, botella, caja, entre otros insumos, por lo que el derecho de exportaci\u00f3n sobre el vino del 8% propuesto (que actualmente es de 0%) pasar\u00eda a representar el 71,3% de lo que se cobra espec\u00edficamente por litro de vino exportado.<\/p>\n\n\n\n<p>Pagar derechos de exportaci\u00f3n del 8% para la vitivinicultura -seg\u00fan argumenta la Coviar- implica una p\u00e9rdida de competitividad y de mercados, ca\u00edda en las ventas al exterior, especialmente por parte de pymes que dejar\u00e1n de exportar, y mayores excedentes de producci\u00f3n que se orientar\u00e1n al mercado interno frente a la imposibilidad de poder venderlos en los mercados externos, generando una mayor oferta que presionar\u00e1 a la baja sobre los precios, afectando a los productores de uva y a las pymes.<\/p>\n\n\n\n<div style=\"height:30px\" aria-hidden=\"true\" class=\"wp-block-spacer\"><\/div>\n","protected":false},"excerpt":{"rendered":"<p>Los principales dirigentes de la Corporaci\u00f3n Vitivin\u00edcola Argentina (Coviar) se reunieron el 10\/1\/24 con diputados&hellip;<\/p>\n","protected":false},"author":3,"featured_media":109151,"comment_status":"open","ping_status":"open","sticky":false,"template":"","format":"standard","meta":{"footnotes":""},"categories":[14],"tags":[],"class_list":["post-109137","post","type-post","status-publish","format-standard","has-post-thumbnail","hentry","category-news"],"_links":{"self":[{"href":"https:\/\/enolife.com.ar\/es\/wp-json\/wp\/v2\/posts\/109137","targetHints":{"allow":["GET"]}}],"collection":[{"href":"https:\/\/enolife.com.ar\/es\/wp-json\/wp\/v2\/posts"}],"about":[{"href":"https:\/\/enolife.com.ar\/es\/wp-json\/wp\/v2\/types\/post"}],"author":[{"embeddable":true,"href":"https:\/\/enolife.com.ar\/es\/wp-json\/wp\/v2\/users\/3"}],"replies":[{"embeddable":true,"href":"https:\/\/enolife.com.ar\/es\/wp-json\/wp\/v2\/comments?post=109137"}],"version-history":[{"count":0,"href":"https:\/\/enolife.com.ar\/es\/wp-json\/wp\/v2\/posts\/109137\/revisions"}],"wp:featuredmedia":[{"embeddable":true,"href":"https:\/\/enolife.com.ar\/es\/wp-json\/wp\/v2\/media\/109151"}],"wp:attachment":[{"href":"https:\/\/enolife.com.ar\/es\/wp-json\/wp\/v2\/media?parent=109137"}],"wp:term":[{"taxonomy":"category","embeddable":true,"href":"https:\/\/enolife.com.ar\/es\/wp-json\/wp\/v2\/categories?post=109137"},{"taxonomy":"post_tag","embeddable":true,"href":"https:\/\/enolife.com.ar\/es\/wp-json\/wp\/v2\/tags?post=109137"}],"curies":[{"name":"wp","href":"https:\/\/api.w.org\/{rel}","templated":true}]}}