{"id":109087,"date":"2024-01-10T14:12:49","date_gmt":"2024-01-10T14:12:49","guid":{"rendered":"https:\/\/enolife.com.ar\/es\/?p=109087"},"modified":"2024-01-11T13:37:37","modified_gmt":"2024-01-11T13:37:37","slug":"contra-las-retenciones-bodegueros-se-reunen-con-legisladores-de-provincias-vitivinicolas-y-gobierno","status":"publish","type":"post","link":"https:\/\/enolife.com.ar\/es\/contra-las-retenciones-bodegueros-se-reunen-con-legisladores-de-provincias-vitivinicolas-y-gobierno\/","title":{"rendered":"Contra las retenciones, bodegueros se re\u00fanen con legisladores de provincias vitivin\u00edcolas y gobierno"},"content":{"rendered":"\n<h4 class=\"wp-block-heading\"><em><strong>Tras reunirse hace una semana con el secretario de Bieconom\u00eda de Argentina, Fernando Vilella, la Corporaci\u00f3n Vitivin\u00edcola Argentina (Coviar) est\u00e1 manteniendo en la ma\u00f1ana de hoy 10\/1\/24 un encuentro con diputados y senadores de todas las provincias vitivin\u00edcolas, con productores de todo el pa\u00eds y con funcionarios de gobierno. El objetivo principal es debatir sobre el paquete de medidas que impulsa en el Congreso del gobierno de Javier Milei, que incluye la suba de retenciones al sector. Foto principal: senadores nacionales por Mendoza, Rodolfo Su\u00e1rez (UCR) y Anabel Fern\u00e1ndez Sagasti (PJ).<\/strong><\/em><\/h4>\n\n\n\n<div style=\"height:35px\" aria-hidden=\"true\" class=\"wp-block-spacer\"><\/div>\n\n\n<a href=\"https:\/\/instagram.com\/labelsolutions?igshid=YmMyMTA2M2Y=\" aria-label=\"Banner Palero 1700&#215;500\"><img loading=\"lazy\" decoding=\"async\" src=\"https:\/\/enolife.com.ar\/es\/wp-content\/uploads\/2021\/09\/Banner-Palero-1700x500-1.gif\" alt=\"\"  width=\"1700\" height=\"500\"   \/><\/a>\n\n\n<div style=\"height:45px\" aria-hidden=\"true\" class=\"wp-block-spacer\"><\/div>\n\n\n\n<p>Al encuentro fueron convocados legisladores de las provincias productoras de vino, con el objetivo de <em>\u201cexponer y dialogar en el marco del Plan Estat\u00e9gico Argentina Vitivin\u00edcola al 2030, sobre los alcances y el impacto negativo de la propuesta de aplicaci\u00f3n de derechos de exportaci\u00f3n al complejo vitivin\u00edcola explicitada en el proyecto de ley de \u201cBases y Puntos de Partida para la Libertad de los Argentinos\u201d<\/em>, seg\u00fan reza en la invitaci\u00f3n cursada a los diputados y senadores provinciales.<\/p>\n\n\n\n<p>Las autoridades de la <strong>Corporaci\u00f3n Vitivin\u00edcola Argentina (Coviar)<\/strong> ya expresaron formalmente su rechazo a la iniciativa de fijar retenciones para la producci\u00f3n del sector en un encuentro que mantuvieron la semana pasada con el&nbsp;secretario de Bioeconom\u00eda de la Naci\u00f3n, <strong>Fernando Vilella<\/strong>, a quien le ratificaron su malestar. Lo hicieron acompa\u00f1ados por los ministros de la Producci\u00f3n de Mendoza y San Juan. <a href=\"https:\/\/www.infobae.com\/economia\/2024\/01\/10\/barrio-por-barrio-cuanto-cuesta-alquilar-un-dos-ambientes-en-caba\/\" target=\"_blank\" rel=\"noreferrer noopener\"><\/a>En esta reuni\u00f3n, los integrantes de Coviar plantearon el rechazo al proyecto de ley que reinstala las retenciones con una al\u00edcuota del 8% para todos los productos exportables de la vitivinicultura y pidieron sostener la continuidad del Proviar 2, el fomento del turismo del vino, la sostenibilidad y la lucha contra la plaga Lobesia Botrana.<\/p>\n\n\n\n<p>Al miso tiempo, dialogaron con Vilella sobre esa actividad presente en 18 provincias argentinas, y analizaron c\u00f3mo fortalecer la articulaci\u00f3n p\u00fablico-privada con Naci\u00f3n, a partir de la asunci\u00f3n del nuevo gobierno. Todos temas fueron analizados en el marco del&nbsp;<strong>Plan Estrat\u00e9gico Vitivin\u00edcola (PEVI)&nbsp;<\/strong>en su actualizaci\u00f3n al 2030.<a href=\"https:\/\/www.infobae.com\/economia\/2024\/01\/10\/dolar-bonos-riesgo-pais-y-la-canasta-basica-los-precios-de-la-economia-en-el-primer-mes-de-milei-como-presidente\/\" target=\"_blank\" rel=\"noreferrer noopener\"><\/a><\/p>\n\n\n\n<p><a href=\"https:\/\/www.infobae.com\/economia\/2024\/01\/10\/dolar-bonos-riesgo-pais-y-la-canasta-basica-los-precios-de-la-economia-en-el-primer-mes-de-milei-como-presidente\/\" target=\"_blank\" rel=\"noreferrer noopener\"><\/a>A la reuni\u00f3n con Vilella asistieron&nbsp;<strong>Mario Gonz\u00e1lez<\/strong>, presidente de Coviar, junto a <strong>Gustavo Fern\u00e1ndez<\/strong> (ministro de Producci\u00f3n de San Juan), <strong>Rodolfo Vargas Arizu<\/strong> (ministro de Producci\u00f3n de Mendoza),&nbsp;<strong>Jos\u00e9 Zuccardi<\/strong>&nbsp;(vicepresidente de COVIAR),<strong>&nbsp;Jos\u00e9 Molina&nbsp;<\/strong>(presidente de la C\u00e1mara de Productores Vit\u00edcolas de San Juan) y <strong>Fernando Morales<\/strong> (presidente de la C\u00e1mara de Mosto), entre otros miembros del directorio.<\/p>\n\n\n\n<p><em>\u201cLa reuni\u00f3n fue ampliamente positiva. En una misma mesa de di\u00e1logo, abierta y representativa de todo el sector, como es Coviar, en las que estuvieron presentes los ministros de la Producci\u00f3n de las dos provincias vitivin\u00edcolas con mayor superficie cultivada, como son Mendoza y San Juan, se plantearon los temas centrales para la vitivinicultura argentina y se abri\u00f3 una agenda de trabajo e intercambio de estudios t\u00e9cnicos para ir avanzando en cada una de las tem\u00e1ticas presentadas\u201d<\/em>, explicaron desde la Coviar. En cuanto a las retenciones, Vilella destac\u00f3 tras esa reuni\u00f3n, el martes pasado, que la cuesti\u00f3n deber\u00e1 ser tratada y decidida en el \u00e1mbito del Congreso cuando se debata el proyecto en ambas c\u00e1maras.<\/p>\n\n\n\n<p>Tambi\u00e9n desde <strong>Bodegas de Argentina (BdA)<\/strong> manifestaron su preocupaci\u00f3n por la aplicaci\u00f3n del impuesto y advirtieron que <em>\u201crepresentan 60 millones de d\u00f3lares de costo fiscal. Suma de bajo impacto para las arcas nacionales, pero es cercano al monto que las bodegas gastan en acciones de promoci\u00f3n y publicidad en los mercados en los que est\u00e1n presentes\u201d<\/em>. La entidad que nuclea a unas 250 bodegas y empresas proveedoras del sector vitivin\u00edcola agreg\u00f3 que la medida provocar\u00eda <em>\u201cuna baja en la competitividad de las exportaciones\u201d<\/em> y profundizaria la ca\u00edda de las ya diezmadas ventas al exterior con el consecuente incremento de existencias de vinos y disminuciones en los precios de las materias primas.<\/p>\n\n\n\n<div style=\"height:21px\" aria-hidden=\"true\" class=\"wp-block-spacer\"><\/div>\n\n\n\n<p class=\"has-small-font-size\"><em><strong>Fuente: Infobae<\/strong><\/em><\/p>\n\n\n\n<div style=\"height:24px\" aria-hidden=\"true\" class=\"wp-block-spacer\"><\/div>\n\n\n\n<div style=\"height:35px\" aria-hidden=\"true\" class=\"wp-block-spacer\"><\/div>\n","protected":false},"excerpt":{"rendered":"<p>Tras reunirse hace una semana con el secretario de Bieconom\u00eda de Argentina, Fernando Vilella, la&hellip;<\/p>\n","protected":false},"author":3,"featured_media":109124,"comment_status":"open","ping_status":"open","sticky":false,"template":"","format":"standard","meta":{"footnotes":""},"categories":[14],"tags":[],"class_list":["post-109087","post","type-post","status-publish","format-standard","has-post-thumbnail","hentry","category-news"],"_links":{"self":[{"href":"https:\/\/enolife.com.ar\/es\/wp-json\/wp\/v2\/posts\/109087","targetHints":{"allow":["GET"]}}],"collection":[{"href":"https:\/\/enolife.com.ar\/es\/wp-json\/wp\/v2\/posts"}],"about":[{"href":"https:\/\/enolife.com.ar\/es\/wp-json\/wp\/v2\/types\/post"}],"author":[{"embeddable":true,"href":"https:\/\/enolife.com.ar\/es\/wp-json\/wp\/v2\/users\/3"}],"replies":[{"embeddable":true,"href":"https:\/\/enolife.com.ar\/es\/wp-json\/wp\/v2\/comments?post=109087"}],"version-history":[{"count":0,"href":"https:\/\/enolife.com.ar\/es\/wp-json\/wp\/v2\/posts\/109087\/revisions"}],"wp:featuredmedia":[{"embeddable":true,"href":"https:\/\/enolife.com.ar\/es\/wp-json\/wp\/v2\/media\/109124"}],"wp:attachment":[{"href":"https:\/\/enolife.com.ar\/es\/wp-json\/wp\/v2\/media?parent=109087"}],"wp:term":[{"taxonomy":"category","embeddable":true,"href":"https:\/\/enolife.com.ar\/es\/wp-json\/wp\/v2\/categories?post=109087"},{"taxonomy":"post_tag","embeddable":true,"href":"https:\/\/enolife.com.ar\/es\/wp-json\/wp\/v2\/tags?post=109087"}],"curies":[{"name":"wp","href":"https:\/\/api.w.org\/{rel}","templated":true}]}}