{"id":108998,"date":"2024-01-11T13:36:38","date_gmt":"2024-01-11T13:36:38","guid":{"rendered":"https:\/\/enolife.com.ar\/es\/?p=108998"},"modified":"2024-01-16T14:40:37","modified_gmt":"2024-01-16T14:40:37","slug":"el-67-de-los-viticultores-chilenos-preve-que-la-cosecha-2024-sera-mayor-a-la-del-2023","status":"publish","type":"post","link":"https:\/\/enolife.com.ar\/es\/el-67-de-los-viticultores-chilenos-preve-que-la-cosecha-2024-sera-mayor-a-la-del-2023\/","title":{"rendered":"El 67% de los viticultores chilenos prev\u00e9 que la cosecha 2024 ser\u00e1 mayor a la del 2023"},"content":{"rendered":"\n<h4 class=\"wp-block-heading\"><em><strong>La Asociaci\u00f3n Nacional de Ingenieros Agr\u00f3nomos En\u00f3logos de Chile (Aniae), por encargo de la Oficina de Estudios y Pol\u00edticas Agrarias (Odepa) de este pa\u00eds, elabor\u00f3&nbsp; el \u00abPrimer Informe de Vendimia 2024\u00bb. El objetivo del estudio es brindar una tendencia aproximada sobre los par\u00e1metros clim\u00e1ticos y productivos de esta nueva temporada de producci\u00f3n de uvas vin\u00edferas. En t\u00e9rminos globales, al 27 de noviembre de 2023, un 67% de los encuestados espera tener un aumento de sus rendimientos, un 18% indica esperar una disminuci\u00f3n de la producci\u00f3n y un 15% de los encuestados se\u00f1ala no prever cambios respecto a la vendimia 2023.<\/strong><\/em><\/h4>\n\n\n\n<div style=\"height:35px\" aria-hidden=\"true\" class=\"wp-block-spacer\"><\/div>\n\n\n<a href=\"https:\/\/fermentis.com\/es\/\" aria-label=\"MYC-forSparkling_1700x500 (1)\"><img loading=\"lazy\" decoding=\"async\" src=\"https:\/\/enolife.com.ar\/es\/wp-content\/uploads\/2022\/03\/MYC-forSparkling_1700x500-1.jpg\" alt=\"\"  srcset=\"https:\/\/enolife.com.ar\/es\/wp-content\/uploads\/2022\/03\/MYC-forSparkling_1700x500-1.jpg 1700w, https:\/\/enolife.com.ar\/es\/wp-content\/uploads\/2022\/03\/MYC-forSparkling_1700x500-1-300x88.jpg 300w, https:\/\/enolife.com.ar\/es\/wp-content\/uploads\/2022\/03\/MYC-forSparkling_1700x500-1-1024x301.jpg 1024w, https:\/\/enolife.com.ar\/es\/wp-content\/uploads\/2022\/03\/MYC-forSparkling_1700x500-1-768x226.jpg 768w, https:\/\/enolife.com.ar\/es\/wp-content\/uploads\/2022\/03\/MYC-forSparkling_1700x500-1-1536x452.jpg 1536w, https:\/\/enolife.com.ar\/es\/wp-content\/uploads\/2022\/03\/MYC-forSparkling_1700x500-1-1170x344.jpg 1170w, https:\/\/enolife.com.ar\/es\/wp-content\/uploads\/2022\/03\/MYC-forSparkling_1700x500-1-585x172.jpg 585w\" sizes=\"auto, (max-width: 1700px) 100vw, 1700px\" width=\"1700\" height=\"500\"   \/><\/a>\n\n\n<div style=\"height:45px\" aria-hidden=\"true\" class=\"wp-block-spacer\"><\/div>\n\n\n\n<p>Con 70 a\u00f1os de historia y cerca de 1.300 asociados, la <strong>Asociaci\u00f3n Nacional de Ingenieros Agr\u00f3nomos En\u00f3logos de Chile (Aniae)<\/strong> desarrolla anualmente investigaciones de tendencias de la industria del vino con el objetivo de aportar en forma activa al desarrollo vitivin\u00edcola del pa\u00eds, encargadas por distintos organismos p\u00fablicos y privados.<\/p>\n\n\n\n<p>En ese marco, y por encargo de la <strong>Oficina de Estudios y Pol\u00edticas Agrarias (Odepa)<\/strong>, desarroll\u00f3&nbsp;el \u00abPrimer Informe de Vendimia 2024\u00bb, cuyo objetivo es entregar una tendencia aproximada en cuanto a par\u00e1metros clim\u00e1ticos y productivos que buscan anticipar c\u00f3mo se viene esta nueva temporada en t\u00e9rminos de producci\u00f3n de uvas vin\u00edferas.<strong> <\/strong><\/p>\n\n\n\n<p>La informaci\u00f3n meteorol\u00f3gica procesada en este informe se obtuvo de una encuesta realizada a los productores a fines de noviembre de 2023 y diferentes fuentes nacionales como el Ministerio de Agricultura, donde espec\u00edficamente se trabaj\u00f3 con los Boletines de Coyuntura Agroclim\u00e1tica, la Direcci\u00f3n Meteorol\u00f3gica de Chile (DMC), la Direcci\u00f3n General de Aguas (DGA) y las estaciones meteorol\u00f3gicas de la red Agromet pertenecientes al Instituto Nacional de Investigaciones Agropecuarias (INIA), para localidades ubicadas entre las regiones D.O. Valle de Copiap\u00f3 y Valle de Osorno, y a partir de datos obtenidos de las estaciones de la red Agroclima.<\/p>\n\n\n\n<p>En t\u00e9rminos globales, al 27 de noviembre del a\u00f1o 2023, un 67% de los encuestados espera tener un aumento de sus rendimientos, un 18% indica esperar una disminuci\u00f3n de la producci\u00f3n y un 15% de los encuestados indica no prever cambios respecto a la vendimia 2023 (Gr\u00e1fico 1).<\/p>\n\n\n\n<div style=\"height:30px\" aria-hidden=\"true\" class=\"wp-block-spacer\"><\/div>\n\n\n<div class=\"wp-block-image\">\n<figure class=\"aligncenter size-full\"><a href=\"https:\/\/enolife.com.ar\/es\/wp-content\/uploads\/2024\/01\/Imagen1-8.jpg\" data-rel=\"penci-gallery-image-content\" ><img loading=\"lazy\" decoding=\"async\" width=\"639\" height=\"311\" src=\"https:\/\/enolife.com.ar\/es\/wp-content\/uploads\/2024\/01\/Imagen1-8.jpg\" alt=\"\" class=\"wp-image-109038\" srcset=\"https:\/\/enolife.com.ar\/es\/wp-content\/uploads\/2024\/01\/Imagen1-8.jpg 639w, https:\/\/enolife.com.ar\/es\/wp-content\/uploads\/2024\/01\/Imagen1-8-300x146.jpg 300w, https:\/\/enolife.com.ar\/es\/wp-content\/uploads\/2024\/01\/Imagen1-8-585x285.jpg 585w\" sizes=\"auto, (max-width: 639px) 100vw, 639px\" \/><\/a><figcaption class=\"wp-element-caption\"><em><strong>Gr\u00e1fico 1. Aumento o disminuci\u00f3n de producci\u00f3n para la vendimia 2024 con respecto a la vendimia. Fuente: Elaboraci\u00f3n ANIAE, encuesta previsi\u00f3n de vendimia ODEPA, diciembre 2023<\/strong><\/em><\/figcaption><\/figure><\/div>\n\n\n<div style=\"height:35px\" aria-hidden=\"true\" class=\"wp-block-spacer\"><\/div>\n\n\n\n<p class=\"has-medium-font-size\"><strong>Proyecciones por regiones y valles<\/strong><\/p>\n\n\n\n<p>De acuerdo al informe de pre-vendimia chilena,<strong> <\/strong>el inicio de la temporada 2023-2024 desde el punto de vista agroclim\u00e1tico presenta condiciones dis\u00edmiles entre las regiones del Norte y la zona Centro y Sur del pa\u00eds, donde los factores de escasez de agua y altas temperaturas juegan un rol determinante.<\/p>\n\n\n\n<div style=\"height:30px\" aria-hidden=\"true\" class=\"wp-block-spacer\"><\/div>\n\n\n\n<p class=\"has-background has-medium-font-size\" style=\"background-color:#abb7c259\"><strong>Regiones de Atacama y Coquimbo<\/strong><\/p>\n\n\n\n<p>En relaci\u00f3n a la disponibilidad de agua, para las regiones de Atacama y Coquimbo la condici\u00f3n de sequ\u00eda ha vuelto compleja la producci\u00f3n vit\u00edcola, producto de las escasas precipitaciones ca\u00eddas en el invierno del a\u00f1o 2023.<strong><em> <\/em><\/strong><\/p>\n\n\n\n<p><em>\u201cLas altas temperaturas m\u00e1ximas en invierno registradas dificultaron el comienzo de temporada para el norte del pa\u00eds. Los vi\u00f1edos del valle del Elqui y Limar\u00ed se presentan sanos, con una brotaci\u00f3n levemente retrasada y con ausencia de heladas. Sin embargo la escasez h\u00eddrica hace esperar disminuciones en la producci\u00f3n de uva hasta en un 30% respecto a la vendimia anterior\u201d<\/em>, anticipa <strong>Manuela Astaburuaga<\/strong>, presidenta de Aniae<strong>. <\/strong><\/p>\n\n\n\n<p>Se suma que en el inicio de la temporada, en ambas regiones hubo escasas precipitaciones de invierno, disminuyendo la disponibilidad de agua para la producci\u00f3n vit\u00edcola, y las altas temperaturas m\u00e1ximas en estaciones que hist\u00f3ricamente son m\u00e1s heladas, complican el comienzo de temporada para el norte del pa\u00eds, con embalses que presentan un d\u00e9ficit de agua por sobre el 80%<strong>.<\/strong><\/p>\n\n\n\n<div style=\"height:30px\" aria-hidden=\"true\" class=\"wp-block-spacer\"><\/div>\n\n\n<div class=\"wp-block-image\">\n<figure class=\"aligncenter size-full is-resized\"><a href=\"https:\/\/enolife.com.ar\/es\/wp-content\/uploads\/2024\/01\/Imagen8-2.jpg\" data-rel=\"penci-gallery-image-content\" ><img loading=\"lazy\" decoding=\"async\" src=\"https:\/\/enolife.com.ar\/es\/wp-content\/uploads\/2024\/01\/Imagen8-2.jpg\" alt=\"\" class=\"wp-image-109066\" width=\"830\" height=\"250\" srcset=\"https:\/\/enolife.com.ar\/es\/wp-content\/uploads\/2024\/01\/Imagen8-2.jpg 853w, https:\/\/enolife.com.ar\/es\/wp-content\/uploads\/2024\/01\/Imagen8-2-300x90.jpg 300w, https:\/\/enolife.com.ar\/es\/wp-content\/uploads\/2024\/01\/Imagen8-2-768x231.jpg 768w, https:\/\/enolife.com.ar\/es\/wp-content\/uploads\/2024\/01\/Imagen8-2-585x176.jpg 585w\" sizes=\"auto, (max-width: 830px) 100vw, 830px\" \/><\/a><figcaption class=\"wp-element-caption\"><em><strong>Izquierda: Precipitaciones acumuladas (mm) en las regiones de Atacama y Coquimbo, a\u00f1o 2023. <br>Derecha: Variaci\u00f3n precipitaciones acumuladas (%) en la regi\u00f3n de Atacama y Coquimbo, a\u00f1o 2023.<br>(Valores respecto al promedio 2018 &#8211; 2022, por localidad. Fuente: RAN-Agromet, 2023)<\/strong><\/em><\/figcaption><\/figure><\/div>\n\n\n<div style=\"height:15px\" aria-hidden=\"true\" class=\"wp-block-spacer\"><\/div>\n\n\n<div class=\"wp-block-image\">\n<figure class=\"aligncenter size-full is-resized\"><a href=\"https:\/\/enolife.com.ar\/es\/wp-content\/uploads\/2024\/01\/Imagen18.jpg\" data-rel=\"penci-gallery-image-content\" ><img loading=\"lazy\" decoding=\"async\" src=\"https:\/\/enolife.com.ar\/es\/wp-content\/uploads\/2024\/01\/Imagen18.jpg\" alt=\"\" class=\"wp-image-109088\" width=\"656\" height=\"316\" srcset=\"https:\/\/enolife.com.ar\/es\/wp-content\/uploads\/2024\/01\/Imagen18-300x145.jpg 300w, https:\/\/enolife.com.ar\/es\/wp-content\/uploads\/2024\/01\/Imagen18-585x283.jpg 585w\" sizes=\"auto, (max-width: 656px) 100vw, 656px\" \/><\/a><figcaption class=\"wp-element-caption\"><em><strong>Temperaturas m\u00ednimas medias mensuales (\u00b0C) en la regi\u00f3n de Atacama y Coquimbo entre el 1 de mayo y el 30 de noviembre de 2023. Fuente: Elaboraci\u00f3n ANIAE a partir de datos de la red Agrometeorolog\u00eda INIA<\/strong><\/em><\/figcaption><\/figure><\/div>\n\n\n<div style=\"height:30px\" aria-hidden=\"true\" class=\"wp-block-spacer\"><\/div>\n\n\n\n<p class=\"has-medium-font-size\"><strong>Valle del Elqui<\/strong><\/p>\n\n\n\n<p>Esta regi\u00f3n se presenta con una disponibilidad de agua en el suelo muy disminuida, con un bajo nivel de caudales en r\u00edos y canales, que han aumentado la condici\u00f3n de sequ\u00eda extrema del valle. Un factor positivo ha sido la ausencia de heladas de temporada en los vi\u00f1edos encuestados. En cuanto al estado fitosanitario, los vi\u00f1edos se presentan sanos, donde s\u00f3lo se menciona un ataque de baja incidencia de o\u00eddio. Se indica adem\u00e1s la plantaci\u00f3n de nuevos vi\u00f1edos de la variedad malbec. Respecto a la proyecci\u00f3n de vendimia 2024, se espera una disminuci\u00f3n de la producci\u00f3n en un 30%, con las mayores disminuciones de producci\u00f3n para las variedades Petit Verdot y Sauvignon Blanc.<\/p>\n\n\n\n<p>Se espera una<strong> <\/strong>disminuci\u00f3n de un 30% de la producci\u00f3n comparado a la vendimia pasada.<\/p>\n\n\n\n<div style=\"height:30px\" aria-hidden=\"true\" class=\"wp-block-spacer\"><\/div>\n\n\n\n<p class=\"has-medium-font-size\"><strong>Valle del Limar\u00ed<\/strong><\/p>\n\n\n\n<p>La escasez de precipitaciones han alcanzado el 80% de d\u00e9ficit en el valle del Limar\u00ed. En forma similar, los embalses presentan d\u00e9ficits de agua acumulada por sobre el 80%. En tanto, las temperaturas m\u00e1ximas han superado los 34\u00b0C en primavera. Estas condiciones han generado el aumento de los \u00edndices de sequ\u00eda del valle.<\/p>\n\n\n\n<p>Los productores se\u00f1alaron tener una menor disponibilidad de agua en el suelo, en los r\u00edos y en los canales. La primavera en el valle se caracteriz\u00f3 por no presentar eventos de heladas y observarse vi\u00f1edos muy sanos, en donde no se menciona la incidencia de plagas y enfermedades para la temporada. En tanto, las brotaciones se presentaron levemente atrasadas respecto a la temporada anterior.<\/p>\n\n\n\n<p>Se registra el arranque de vi\u00f1edos de la variedad Syrah debido a sus bajos rendimientos. No existen datos respecto a la proyecci\u00f3n de producci\u00f3n con respecto a la temporada anterior.<\/p>\n\n\n\n<div style=\"height:35px\" aria-hidden=\"true\" class=\"wp-block-spacer\"><\/div>\n\n\n\n<p class=\"has-background has-medium-font-size\" style=\"background-color:#abb7c24d\"><strong>Regi\u00f3n de Valpara\u00edso<\/strong><\/p>\n\n\n\n<p>En la Regi\u00f3n de Valpara\u00edso<strong>, <\/strong>&nbsp;la condici\u00f3n de sequ\u00eda s\u00f3lo se presenta en la comuna de Petorca, la cual es severa. En la zona, a nivel general,&nbsp; hay&nbsp; una mejor condici\u00f3n h\u00eddrica a inicios de temporada al comparar el a\u00f1o 2023 respecto a los \u00faltimos 5 a\u00f1os productivos.<\/p>\n\n\n\n<div style=\"height:30px\" aria-hidden=\"true\" class=\"wp-block-spacer\"><\/div>\n\n\n<div class=\"wp-block-image\">\n<figure class=\"aligncenter size-full\"><a href=\"https:\/\/enolife.com.ar\/es\/wp-content\/uploads\/2024\/01\/Imagen9-1.jpg\" data-rel=\"penci-gallery-image-content\" ><img loading=\"lazy\" decoding=\"async\" width=\"853\" height=\"236\" src=\"https:\/\/enolife.com.ar\/es\/wp-content\/uploads\/2024\/01\/Imagen9-1.jpg\" alt=\"\" class=\"wp-image-109069\" srcset=\"https:\/\/enolife.com.ar\/es\/wp-content\/uploads\/2024\/01\/Imagen9-1.jpg 853w, https:\/\/enolife.com.ar\/es\/wp-content\/uploads\/2024\/01\/Imagen9-1-300x83.jpg 300w, https:\/\/enolife.com.ar\/es\/wp-content\/uploads\/2024\/01\/Imagen9-1-768x212.jpg 768w, https:\/\/enolife.com.ar\/es\/wp-content\/uploads\/2024\/01\/Imagen9-1-585x162.jpg 585w\" sizes=\"auto, (max-width: 853px) 100vw, 853px\" \/><\/a><figcaption class=\"wp-element-caption\"><em><strong>Izquierda: Precipitaciones acumuladas (mm) en la regi\u00f3n de Valpara\u00edso, a\u00f1o 2023.<br>Derecha: Variaci\u00f3n de precipitaciones acumuladas (%) en la regi\u00f3n de Valpara\u00edso, a\u00f1o 2023.<br>Valores respecto al promedio 2018 &#8211; 2022, por localidad. Fuente: RAN-Agromet, 2023<\/strong><\/em><\/figcaption><\/figure><\/div>\n\n\n<div style=\"height:15px\" aria-hidden=\"true\" class=\"wp-block-spacer\"><\/div>\n\n\n<div class=\"wp-block-image\">\n<figure class=\"aligncenter size-full is-resized\"><a href=\"https:\/\/enolife.com.ar\/es\/wp-content\/uploads\/2024\/01\/Imagen19.jpg\" data-rel=\"penci-gallery-image-content\" ><img loading=\"lazy\" decoding=\"async\" src=\"https:\/\/enolife.com.ar\/es\/wp-content\/uploads\/2024\/01\/Imagen19.jpg\" alt=\"\" class=\"wp-image-109092\" width=\"776\" height=\"372\" srcset=\"https:\/\/enolife.com.ar\/es\/wp-content\/uploads\/2024\/01\/Imagen19.jpg 865w, https:\/\/enolife.com.ar\/es\/wp-content\/uploads\/2024\/01\/Imagen19-300x144.jpg 300w, https:\/\/enolife.com.ar\/es\/wp-content\/uploads\/2024\/01\/Imagen19-768x368.jpg 768w, https:\/\/enolife.com.ar\/es\/wp-content\/uploads\/2024\/01\/Imagen19-585x281.jpg 585w\" sizes=\"auto, (max-width: 776px) 100vw, 776px\" \/><\/a><figcaption class=\"wp-element-caption\"><em><strong>Temperaturas m\u00ednimas medias mensuales (\u00b0C) en la regi\u00f3n de Valpara\u00edso entre el 1 de mayo y el 30 de noviembre de 2023. Fuente: Elaboraci\u00f3n ANIAE a partir de datos de la red Agrometeorolog\u00eda INIA<\/strong><\/em><\/figcaption><\/figure><\/div>\n\n\n<div style=\"height:35px\" aria-hidden=\"true\" class=\"wp-block-spacer\"><\/div>\n\n\n\n<p class=\"has-medium-font-size\"><strong>Valle de Casablanca<\/strong><\/p>\n\n\n\n<p>Los productores se\u00f1alaron tener una mejor condici\u00f3n h\u00eddrica a inicio de temporada con respecto a los \u00faltimos a\u00f1os productivos. Se presentaron heladas primaverales, por lo que se espera una disminuci\u00f3n en la producci\u00f3n de los vi\u00f1edos afectados. El inicio de las brotaciones tendieron a mantenerse o adelantarse levemente respecto a la temporada anterior.<\/p>\n\n\n\n<p>En consideraci\u00f3n al da\u00f1o por plagas y\/o enfermedades, los productores se\u00f1alan un ataque de baja incidencia de falsa ara\u00f1ita de la vid. Por otro lado, los productores evidencian s\u00edntomas de baja a alta variabilidad de hongos de la madera (HMV) en sus vi\u00f1as. Se registraron arranques de vi\u00f1edos de las variedades Pinot Noir, Sauvignon Blanc, Semill\u00f3n y Syrah y se han plantado nuevos vi\u00f1edos de Pinot Noir.<\/p>\n\n\n\n<p>En el valle de Casablanca se esperan variaciones de producci\u00f3n desde un -30% para vi\u00f1edos afectados por heladas hasta aumentos de producci\u00f3n de un 10%.<\/p>\n\n\n\n<div style=\"height:30px\" aria-hidden=\"true\" class=\"wp-block-spacer\"><\/div>\n\n\n\n<p class=\"has-medium-font-size\"><strong>Valle de Aconcagua<\/strong><\/p>\n\n\n\n<p>En el valle del Aconcagua, los vi\u00f1edos han podido contar con una buena disponibilidad de agua, tanto en el suelo como en los caudales de las aguas superficiales, y ausencia de da\u00f1os por heladas.<\/p>\n\n\n\n<p>El avance de los estados fenol\u00f3gicos se present\u00f3 desde fechas similares hasta un leve retraso con respecto a la temporada anterior. Se indica una buena condici\u00f3n fitosanitaria de los vi\u00f1edos, con un nivel de baja incidencia de la polilla del racimo y del complejo de hongos de la madera. Los productores encuestados no indican nuevas plantaciones o arranque de vi\u00f1edos.<\/p>\n\n\n\n<p>Para la cosecha 2024, se proyecta una producci\u00f3n similar hasta aumentos en un 5% con respecto a la temporada anterior.<\/p>\n\n\n\n<div style=\"height:30px\" aria-hidden=\"true\" class=\"wp-block-spacer\"><\/div>\n\n\n\n<p class=\"has-medium-font-size\"><strong>Valle de San Antonio<\/strong><\/p>\n\n\n\n<p>Los productores se\u00f1alan tener una disponibilidad de agua en el suelo similar a superior a la temporada anterior. Respecto al da\u00f1o por heladas, se indica s\u00f3lo una leve incidencia en vi\u00f1edos. Las brotaciones se presentaron entre fechas similares a un leve adelanto con respecto a la temporada anterior.<\/p>\n\n\n\n<p>En consideraci\u00f3n al estado fitosanitario, se registran da\u00f1os desde un nivel bajo a alto para el complejo de hongos de la madera, y un ataque de nivel bajo a medio de o\u00eddio y botritis en variedades blancas. En vi\u00f1edos afectados por inundaciones en el invierno, se espera una disminuci\u00f3n de un 5% de la producci\u00f3n respecto a un a\u00f1o normal. Se menciona el establecimiento de nuevos vi\u00f1edos de la variedad Sauvignon Blanc.<\/p>\n\n\n\n<p>Se proyectan aumentos en la producci\u00f3n de uva de hasta un 50% comparado a la temporada anterior.<\/p>\n\n\n\n<div style=\"height:30px\" aria-hidden=\"true\" class=\"wp-block-spacer\"><\/div>\n\n\n<div class=\"wp-block-image\">\n<figure class=\"aligncenter size-full is-resized\"><a href=\"https:\/\/enolife.com.ar\/es\/wp-content\/uploads\/2024\/01\/Imagen2-4.jpg\" data-rel=\"penci-gallery-image-content\" ><img loading=\"lazy\" decoding=\"async\" src=\"https:\/\/enolife.com.ar\/es\/wp-content\/uploads\/2024\/01\/Imagen2-4.jpg\" alt=\"\" class=\"wp-image-109041\" width=\"668\" height=\"183\" srcset=\"https:\/\/enolife.com.ar\/es\/wp-content\/uploads\/2024\/01\/Imagen2-4.jpg 634w, https:\/\/enolife.com.ar\/es\/wp-content\/uploads\/2024\/01\/Imagen2-4-300x82.jpg 300w, https:\/\/enolife.com.ar\/es\/wp-content\/uploads\/2024\/01\/Imagen2-4-585x161.jpg 585w\" sizes=\"auto, (max-width: 668px) 100vw, 668px\" \/><\/a><figcaption class=\"wp-element-caption\"><em><strong>Aumento o disminuci\u00f3n de producci\u00f3n para la vendimia 2024 con respecto a la vendimia 2023 para los valles de Elqui, Casablanca, Aconcagua y San Antonio<\/strong><\/em><\/figcaption><\/figure><\/div>\n\n\n<div style=\"height:35px\" aria-hidden=\"true\" class=\"wp-block-spacer\"><\/div>\n\n\n\n<p class=\"has-background has-medium-font-size\" style=\"background-color:#abb7c25c\"><strong>Regi\u00f3n Metropolitana<\/strong><\/p>\n\n\n\n<p>Para la regi\u00f3n Metropolitana, se presentaron precipitaciones por sobre el promedio de los a\u00f1os que comprenden el per\u00edodo de 2018 a 2022, con una buena condici\u00f3n de vegetaci\u00f3n a nivel general.<\/p>\n\n\n\n<div style=\"height:30px\" aria-hidden=\"true\" class=\"wp-block-spacer\"><\/div>\n\n\n<div class=\"wp-block-image\">\n<figure class=\"aligncenter size-full\"><a href=\"https:\/\/enolife.com.ar\/es\/wp-content\/uploads\/2024\/01\/Imagen10-1.jpg\" data-rel=\"penci-gallery-image-content\" ><img loading=\"lazy\" decoding=\"async\" width=\"853\" height=\"240\" src=\"https:\/\/enolife.com.ar\/es\/wp-content\/uploads\/2024\/01\/Imagen10-1.jpg\" alt=\"\" class=\"wp-image-109073\" srcset=\"https:\/\/enolife.com.ar\/es\/wp-content\/uploads\/2024\/01\/Imagen10-1.jpg 853w, https:\/\/enolife.com.ar\/es\/wp-content\/uploads\/2024\/01\/Imagen10-1-300x84.jpg 300w, https:\/\/enolife.com.ar\/es\/wp-content\/uploads\/2024\/01\/Imagen10-1-768x216.jpg 768w, https:\/\/enolife.com.ar\/es\/wp-content\/uploads\/2024\/01\/Imagen10-1-585x165.jpg 585w\" sizes=\"auto, (max-width: 853px) 100vw, 853px\" \/><\/a><figcaption class=\"wp-element-caption\"><em><strong>Izquierda: Precipitaciones acumuladas (mm) en la regi\u00f3n Metropolitana, a\u00f1o 2023.<br>Derecha: Variaci\u00f3n de precipitaciones acumuladas (%) en la regi\u00f3n Metropolitana, a\u00f1o 2023.<br>Valores respecto al promedio 2018 &#8211; 2022, por localidad. Fuente: RAN-Agromet, 2023<\/strong><\/em><\/figcaption><\/figure><\/div>\n\n\n<div style=\"height:15px\" aria-hidden=\"true\" class=\"wp-block-spacer\"><\/div>\n\n\n<div class=\"wp-block-image\">\n<figure class=\"aligncenter size-full is-resized\"><a href=\"https:\/\/enolife.com.ar\/es\/wp-content\/uploads\/2024\/01\/Imagen20.jpg\" data-rel=\"penci-gallery-image-content\" ><img loading=\"lazy\" decoding=\"async\" src=\"https:\/\/enolife.com.ar\/es\/wp-content\/uploads\/2024\/01\/Imagen20.jpg\" alt=\"\" class=\"wp-image-109094\" width=\"702\" height=\"310\" srcset=\"https:\/\/enolife.com.ar\/es\/wp-content\/uploads\/2024\/01\/Imagen20.jpg 861w, https:\/\/enolife.com.ar\/es\/wp-content\/uploads\/2024\/01\/Imagen20-300x133.jpg 300w, https:\/\/enolife.com.ar\/es\/wp-content\/uploads\/2024\/01\/Imagen20-768x340.jpg 768w, https:\/\/enolife.com.ar\/es\/wp-content\/uploads\/2024\/01\/Imagen20-585x259.jpg 585w\" sizes=\"auto, (max-width: 702px) 100vw, 702px\" \/><\/a><figcaption class=\"wp-element-caption\"><em><strong>Temperaturas m\u00ednimas medias mensuales (\u00b0C) en la regi\u00f3n Metropolitana entre el 1 de mayo y el 30 de noviembre de 2023. Fuente: Elaboraci\u00f3n ANIAE a partir de datos de la red Agrometeorolog\u00eda INIA<\/strong><\/em><\/figcaption><\/figure><\/div>\n\n\n<div style=\"height:35px\" aria-hidden=\"true\" class=\"wp-block-spacer\"><\/div>\n\n\n\n<p class=\"has-medium-font-size\"><strong>Valle del Maipo<\/strong><\/p>\n\n\n\n<p>Para el valle del Maipo, se espera una buena expectativa de producci\u00f3n debido a la buena condici\u00f3n h\u00eddrica y escasas dificultades productivas en primavera. En las zonas cordilleranas, se han registrado da\u00f1os por heladas en septiembre e inicios de octubre en variedades tintas. Dentro de las mayores afecciones fitosanitarias de los vi\u00f1edos, se mencionan una incidencia baja a alta del complejo de hongos de la madera y ataques de nivel bajo a medio de falsa ara\u00f1ita de la vid y polilla del racimo. De igual forma, se ha registrado un ataque de nivel bajo de burrito de la vid.<\/p>\n\n\n\n<p>Para el valle del Maipo se registran plantaciones en las variedades cabernet franc, cabernet sauvignon, carmenere y chardonnay y un arranque de vi\u00f1edos de la variedad merlot debido a sus bajos rendimientos. <\/p>\n\n\n\n<p>Los productores esperan aumentos de la cantidad de uva de un 10 a un 30% respecto a la temporada anterior.<\/p>\n\n\n\n<div style=\"height:35px\" aria-hidden=\"true\" class=\"wp-block-spacer\"><\/div>\n\n\n\n<p class=\"has-background has-medium-font-size\" style=\"background-color:#abb7c261\"><strong>Regi\u00f3n del Libertador Bernardo O\u00b4Higgins<\/strong><\/p>\n\n\n\n<p>En la regi\u00f3n del Libertador Bernardo O\u2019Higgins se presenta una buena condici\u00f3n h\u00eddrica respecto al promedio del per\u00edodo comprendiente a los a\u00f1os 2018 y 2022, con embalses cercanos al m\u00e1ximo de su capacidad a inicios de primavera. Las temperaturas m\u00ednimas mensuales alcanzaron los -6\u00b0C en junio en las zonas costeras. Las temperaturas m\u00e1ximas se mantuvieron moderadas en invierno, pero han ido en aumento hacia el mes de noviembre.<\/p>\n\n\n\n<div style=\"height:30px\" aria-hidden=\"true\" class=\"wp-block-spacer\"><\/div>\n\n\n<div class=\"wp-block-image\">\n<figure class=\"aligncenter size-full\"><a href=\"https:\/\/enolife.com.ar\/es\/wp-content\/uploads\/2024\/01\/Imagen11.jpg\" data-rel=\"penci-gallery-image-content\" ><img loading=\"lazy\" decoding=\"async\" width=\"857\" height=\"245\" src=\"https:\/\/enolife.com.ar\/es\/wp-content\/uploads\/2024\/01\/Imagen11.jpg\" alt=\"\" class=\"wp-image-109077\" srcset=\"https:\/\/enolife.com.ar\/es\/wp-content\/uploads\/2024\/01\/Imagen11.jpg 857w, https:\/\/enolife.com.ar\/es\/wp-content\/uploads\/2024\/01\/Imagen11-300x86.jpg 300w, https:\/\/enolife.com.ar\/es\/wp-content\/uploads\/2024\/01\/Imagen11-768x220.jpg 768w, https:\/\/enolife.com.ar\/es\/wp-content\/uploads\/2024\/01\/Imagen11-585x167.jpg 585w\" sizes=\"auto, (max-width: 857px) 100vw, 857px\" \/><\/a><figcaption class=\"wp-element-caption\"><em><strong>Izquierda: Precipitaciones acumuladas (mm) en la regi\u00f3n de O&#8217;Higgins, a\u00f1o 2023.<br>Derecha: Variaci\u00f3n de precipitaciones acumuladas (%) en la regi\u00f3n de <em>O&#8217;Higgins<\/em>, a\u00f1o 2023.<br>Valores respecto al promedio 2018 &#8211; 2022, por localidad. Fuente: RAN-Agromet, 2023<\/strong><\/em><\/figcaption><\/figure><\/div>\n\n\n<div style=\"height:15px\" aria-hidden=\"true\" class=\"wp-block-spacer\"><\/div>\n\n\n<div class=\"wp-block-image\">\n<figure class=\"aligncenter size-full is-resized\"><a href=\"https:\/\/enolife.com.ar\/es\/wp-content\/uploads\/2024\/01\/Imagen21.jpg\" data-rel=\"penci-gallery-image-content\" ><img loading=\"lazy\" decoding=\"async\" src=\"https:\/\/enolife.com.ar\/es\/wp-content\/uploads\/2024\/01\/Imagen21.jpg\" alt=\"\" class=\"wp-image-109097\" width=\"704\" height=\"318\" srcset=\"https:\/\/enolife.com.ar\/es\/wp-content\/uploads\/2024\/01\/Imagen21.jpg 712w, https:\/\/enolife.com.ar\/es\/wp-content\/uploads\/2024\/01\/Imagen21-300x136.jpg 300w, https:\/\/enolife.com.ar\/es\/wp-content\/uploads\/2024\/01\/Imagen21-585x265.jpg 585w\" sizes=\"auto, (max-width: 704px) 100vw, 704px\" \/><\/a><figcaption class=\"wp-element-caption\"><em><strong>Temperaturas m\u00ednimas medias mensuales (\u00b0C) en la regi\u00f3n de O&#8217;Higgins entre el 1 de mayo y el 30 de noviembre de 2023. Fuente: Elaboraci\u00f3n ANIAE a partir de datos de la red Agrometeorolog\u00eda INIA<\/strong><\/em><\/figcaption><\/figure><\/div>\n\n\n<div style=\"height:35px\" aria-hidden=\"true\" class=\"wp-block-spacer\"><\/div>\n\n\n\n<p class=\"has-medium-font-size\"><strong>Valle del Cachapoal<\/strong><\/p>\n\n\n\n<p>Los encuestados del valle del Cachapoal se\u00f1alaron tener una mayor disponibilidad de agua en el suelo, con atrasos leves de la brotaci\u00f3n en la mayor\u00eda de las variedades establecidas. Los productores no indican presencia de heladas en los vi\u00f1edos a inicios de temporada. La condici\u00f3n fitosanitaria de los vi\u00f1edos se presenta con un ataque de falsa ara\u00f1ita de la vid en niveles medio y alto y ataques de baja a alta incidencia del complejo de hongos de la madera.<\/p>\n\n\n\n<p>Se registra el arranque de vi\u00f1edos de las variedades cabernet sauvignon, carmenere, chardonnay, Gew\u00fcrztraminer, merlot, pinot noir, sauvignon blanc y syrah debido a cambio en el giro productivo y por da\u00f1o por enfermedades de la madera como principales causales. Los productores que presentaron da\u00f1o por inundaciones mencionan una disminuci\u00f3n de un 10% de su producci\u00f3n.<\/p>\n\n\n\n<p>En el valle del Cachapoal, se espera mantener la producci\u00f3n de la temporada pasada e incluso alcanzar aumentos de hasta un 5%.<\/p>\n\n\n\n<div style=\"height:30px\" aria-hidden=\"true\" class=\"wp-block-spacer\"><\/div>\n\n\n\n<p class=\"has-medium-font-size\"><strong>Valle de Colchagua<\/strong><\/p>\n\n\n\n<p>Los vi\u00f1edos presentan una mayor disponibilidad de agua respecto a la temporada anterior, mientras que las brotaciones tuvieron respuesta variada en los distintos vi\u00f1edos, registr\u00e1ndose adelantos y atrasos al inicio de temporada. Los productores registran da\u00f1os de falsa ara\u00f1ita de la vid desde niveles bajos hasta altos, donde tambi\u00e9n se menciona la presencia de burrito de la vid, as\u00ed como tambi\u00e9n de una baja incidencia en el ataque de o\u00eddio, botritis y complejo de hongos de la madera.<\/p>\n\n\n\n<p>Los encuestados registran nuevas plantaciones de vi\u00f1edos de las variedades cabernet sauvignon, cabernet franc y sauvignon blanc y arranques de vi\u00f1edos de las variedades malbec, merlot y syrah, debido a cambio de giro productivo y bajos rendimientos.<\/p>\n\n\n\n<p>En el valle de Colchagua se esperan aumentos de producci\u00f3n desde un 5 a un 20%, para la mayor\u00eda de los vi\u00f1edos comparado a la temporada anterior.<\/p>\n\n\n\n<div style=\"height:30px\" aria-hidden=\"true\" class=\"wp-block-spacer\"><\/div>\n\n\n<div class=\"wp-block-image\">\n<figure class=\"aligncenter size-full\"><a href=\"https:\/\/enolife.com.ar\/es\/wp-content\/uploads\/2024\/01\/Imagen3-3.jpg\" data-rel=\"penci-gallery-image-content\" ><img loading=\"lazy\" decoding=\"async\" width=\"634\" height=\"174\" src=\"https:\/\/enolife.com.ar\/es\/wp-content\/uploads\/2024\/01\/Imagen3-3.jpg\" alt=\"\" class=\"wp-image-109044\" srcset=\"https:\/\/enolife.com.ar\/es\/wp-content\/uploads\/2024\/01\/Imagen3-3.jpg 634w, https:\/\/enolife.com.ar\/es\/wp-content\/uploads\/2024\/01\/Imagen3-3-300x82.jpg 300w, https:\/\/enolife.com.ar\/es\/wp-content\/uploads\/2024\/01\/Imagen3-3-585x161.jpg 585w\" sizes=\"auto, (max-width: 634px) 100vw, 634px\" \/><\/a><figcaption class=\"wp-element-caption\"><em><strong>Aumento o disminuci\u00f3n de producci\u00f3n para la vendimia 2024 con respecto a la vendimia 2023 para los valles del Maipo, Cachapoal y Colchagua<\/strong><\/em><\/figcaption><\/figure><\/div>\n\n\n<div style=\"height:35px\" aria-hidden=\"true\" class=\"wp-block-spacer\"><\/div>\n\n\n\n<p class=\"has-background has-medium-font-size\" style=\"background-color:#abb7c270\"><strong>Regi\u00f3n del Maule<\/strong><\/p>\n\n\n\n<p>En la regi\u00f3n del Maule se registra con una buena condici\u00f3n de la sanidad del vi\u00f1edo y los embalses se encuentran casi en un 100% de su capacidad. Los caudales de r\u00edos y canales se encuentran con super\u00e1vit en la primavera 2023. En las comunas de Longav\u00ed y Molina se presentaron temperaturas bajo los 0 \u00b0C en los meses de septiembre y octubre. No se presentaron temperaturas m\u00e1ximas mensuales sobre los 30 \u00b0C en la regi\u00f3n hasta alcanzado el mes de noviembre.<\/p>\n\n\n\n<div style=\"height:30px\" aria-hidden=\"true\" class=\"wp-block-spacer\"><\/div>\n\n\n<div class=\"wp-block-image\">\n<figure class=\"aligncenter size-full\"><a href=\"https:\/\/enolife.com.ar\/es\/wp-content\/uploads\/2024\/01\/Imagen12.jpg\" data-rel=\"penci-gallery-image-content\" ><img loading=\"lazy\" decoding=\"async\" width=\"854\" height=\"240\" src=\"https:\/\/enolife.com.ar\/es\/wp-content\/uploads\/2024\/01\/Imagen12.jpg\" alt=\"\" class=\"wp-image-109079\" srcset=\"https:\/\/enolife.com.ar\/es\/wp-content\/uploads\/2024\/01\/Imagen12.jpg 854w, https:\/\/enolife.com.ar\/es\/wp-content\/uploads\/2024\/01\/Imagen12-300x84.jpg 300w, https:\/\/enolife.com.ar\/es\/wp-content\/uploads\/2024\/01\/Imagen12-768x216.jpg 768w, https:\/\/enolife.com.ar\/es\/wp-content\/uploads\/2024\/01\/Imagen12-585x164.jpg 585w\" sizes=\"auto, (max-width: 854px) 100vw, 854px\" \/><\/a><figcaption class=\"wp-element-caption\"><em><strong>Izquierda: Precipitaciones acumuladas (mm) en la regi\u00f3n del Maule, a\u00f1o 2023.<br>Derecha: Variaci\u00f3n de precipitaciones acumuladas (%) en la regi\u00f3n del Maule, a\u00f1o 2023.<br>Valores respecto al promedio 2018 &#8211; 2022, por localidad. Fuente: RAN-Agromet, 2023<\/strong><\/em><\/figcaption><\/figure><\/div>\n\n\n<div style=\"height:15px\" aria-hidden=\"true\" class=\"wp-block-spacer\"><\/div>\n\n\n<div class=\"wp-block-image\">\n<figure class=\"aligncenter size-full\"><a href=\"https:\/\/enolife.com.ar\/es\/wp-content\/uploads\/2024\/01\/Imagen22.jpg\" data-rel=\"penci-gallery-image-content\" ><img loading=\"lazy\" decoding=\"async\" width=\"638\" height=\"312\" src=\"https:\/\/enolife.com.ar\/es\/wp-content\/uploads\/2024\/01\/Imagen22.jpg\" alt=\"\" class=\"wp-image-109100\" srcset=\"https:\/\/enolife.com.ar\/es\/wp-content\/uploads\/2024\/01\/Imagen22.jpg 638w, https:\/\/enolife.com.ar\/es\/wp-content\/uploads\/2024\/01\/Imagen22-300x147.jpg 300w, https:\/\/enolife.com.ar\/es\/wp-content\/uploads\/2024\/01\/Imagen22-585x286.jpg 585w\" sizes=\"auto, (max-width: 638px) 100vw, 638px\" \/><\/a><figcaption class=\"wp-element-caption\"><em><strong>Temperaturas m\u00ednimas medias mensuales (\u00b0C) en la regi\u00f3n del Maule entre el 1 de mayo y el 30 de noviembre de 2023. Fuente: Elaboraci\u00f3n ANIAE a partir de datos de la red Agrometeorolog\u00eda INIA<\/strong><\/em><\/figcaption><\/figure><\/div>\n\n\n<div style=\"height:35px\" aria-hidden=\"true\" class=\"wp-block-spacer\"><\/div>\n\n\n\n<p class=\"has-medium-font-size\"><strong>Valle de Curic\u00f3<\/strong><\/p>\n\n\n\n<p>Los vi\u00f1edos del valle de Curic\u00f3 comienzan la temporada con una muy buena disponibilidad de agua. Las brotaciones fueron dis\u00edmiles respecto al a\u00f1o 2022, con adelantos y atrasos leves para las distintas variedades, en donde los productores indican no haber sufrido heladas. El valle presenta vi\u00f1edos con ataques bajos a medios de polilla del racimo y de o\u00eddio. La falsa ara\u00f1ita de la vid es indicada en un vi\u00f1edo con una alta incidencia de la plaga. Se registra el arranque de vi\u00f1edos de las variedades Cabernet Sauvignon, Chardonnay, Pinot Noir y Syrah y no se evidencian nuevas plantaciones<\/p>\n\n\n\n<p>Los productores del valle de Curic\u00f3 mencionan que la producci\u00f3n se mantendr\u00e1 o podr\u00e1 alcanzar aumentos de un 20% con respecto a la temporada anterior.<\/p>\n\n\n\n<div style=\"height:30px\" aria-hidden=\"true\" class=\"wp-block-spacer\"><\/div>\n\n\n\n<p class=\"has-medium-font-size\"><strong>Valle del Maule<\/strong><\/p>\n\n\n\n<p>En el valle del Maule todos los productores se\u00f1alaron tener mayor contenido de agua en el suelo llegado el momento de la brotaci\u00f3n. Las variedades presentaron inicios de brotaci\u00f3n tanto con adelantos o atrasos leves seg\u00fan cada vi\u00f1edo. Los productores registran una incidencia leve de heladas hacia fines de octubre en variedades tintas. Respecto a la condici\u00f3n fitosanitaria del vi\u00f1edo, se evidencia la presencia de niveles bajos a altos de falsa ara\u00f1ita de la vid y una presencia baja a media de o\u00eddio en los vi\u00f1edos de los productores encuestados.<\/p>\n\n\n\n<p>Se registr\u00f3 el arranque de vi\u00f1edos de las variedades Chardonnay, Petit Verdot, Sauvignon Blanc, Sauvignon Vert y Tintorera y nuevas plantaciones de vi\u00f1edos de las variedades Malbec y Merlot.<\/p>\n\n\n\n<p>En el valle del Maule, se espera aumentos productivos entre un 5 a un 20%, para la mayor\u00eda de los vi\u00f1edos comparado con el a\u00f1o anterior.<\/p>\n\n\n\n<div style=\"height:30px\" aria-hidden=\"true\" class=\"wp-block-spacer\"><\/div>\n\n\n<div class=\"wp-block-image\">\n<figure class=\"aligncenter size-full\"><a href=\"https:\/\/enolife.com.ar\/es\/wp-content\/uploads\/2024\/01\/Imagen4-3.jpg\" data-rel=\"penci-gallery-image-content\" ><img loading=\"lazy\" decoding=\"async\" width=\"626\" height=\"178\" src=\"https:\/\/enolife.com.ar\/es\/wp-content\/uploads\/2024\/01\/Imagen4-3.jpg\" alt=\"\" class=\"wp-image-109046\" srcset=\"https:\/\/enolife.com.ar\/es\/wp-content\/uploads\/2024\/01\/Imagen4-3.jpg 626w, https:\/\/enolife.com.ar\/es\/wp-content\/uploads\/2024\/01\/Imagen4-3-300x85.jpg 300w, https:\/\/enolife.com.ar\/es\/wp-content\/uploads\/2024\/01\/Imagen4-3-585x166.jpg 585w\" sizes=\"auto, (max-width: 626px) 100vw, 626px\" \/><\/a><figcaption class=\"wp-element-caption\"><em><strong>Aumento o disminuci\u00f3n de producci\u00f3n para la vendimia 2024 con respecto a la vendimia 2023 para los valles de Curic\u00f3 y Maule<\/strong><\/em><\/figcaption><\/figure><\/div>\n\n\n<div style=\"height:35px\" aria-hidden=\"true\" class=\"wp-block-spacer\"><\/div>\n\n\n\n<p class=\"has-background has-medium-font-size\" style=\"background-color:#abb7c269\"><strong>Regi\u00f3n del \u00d1uble<\/strong><\/p>\n\n\n\n<p>Los vi\u00f1edos de la regi\u00f3n del \u00d1uble se encuentra en una buena condici\u00f3n de vegetaci\u00f3n, sin presencia de sequ\u00eda. El mes m\u00e1s fr\u00edo correspondi\u00f3 a julio y las temperaturas m\u00e1ximas mensuales se mantuvieron frescas entre junio y agosto, no superando los 22\u00b0C.<\/p>\n\n\n\n<div style=\"height:30px\" aria-hidden=\"true\" class=\"wp-block-spacer\"><\/div>\n\n\n<div class=\"wp-block-image\">\n<figure class=\"aligncenter size-full\"><a href=\"https:\/\/enolife.com.ar\/es\/wp-content\/uploads\/2024\/01\/Imagen23.jpg\" data-rel=\"penci-gallery-image-content\" ><img loading=\"lazy\" decoding=\"async\" width=\"634\" height=\"297\" src=\"https:\/\/enolife.com.ar\/es\/wp-content\/uploads\/2024\/01\/Imagen23.jpg\" alt=\"\" class=\"wp-image-109102\" srcset=\"https:\/\/enolife.com.ar\/es\/wp-content\/uploads\/2024\/01\/Imagen23.jpg 634w, https:\/\/enolife.com.ar\/es\/wp-content\/uploads\/2024\/01\/Imagen23-300x141.jpg 300w, https:\/\/enolife.com.ar\/es\/wp-content\/uploads\/2024\/01\/Imagen23-585x274.jpg 585w\" sizes=\"auto, (max-width: 634px) 100vw, 634px\" \/><\/a><figcaption class=\"wp-element-caption\"><em><strong>Temperaturas m\u00ednimas medias mensuales (\u00b0C) en la regi\u00f3n de \u00d1uble entre el 1 de mayo y el 30 de noviembre de 2023. Fuente: Elaboraci\u00f3n ANIAE a partir de datos de la red Agrometeorolog\u00eda INIA<\/strong><\/em><\/figcaption><\/figure><\/div>\n\n\n<div style=\"height:35px\" aria-hidden=\"true\" class=\"wp-block-spacer\"><\/div>\n\n\n\n<p class=\"has-medium-font-size\"><strong>Valle de Itata<\/strong><\/p>\n\n\n\n<p>Los vi\u00f1edos se presentan con una mayor disponibilidad de agua respecto a la temporada anterior. Las brotaciones tuvieron lugar con similares fechas o leves atrasos respecto a la temporada pasada. Los encuestados registran la incidencia de leves da\u00f1os por heladas en las variedades Moscatel de Alejandr\u00eda, Cinsault, Pa\u00eds y Semill\u00f3n. Respecto a la condici\u00f3n fitosanitaria, se destaca una incidencia media de falsa ara\u00f1ita de la vid y o\u00eddio. Se destaca el arranque de vi\u00f1edos de la variedad Moscatel de Alejandr\u00eda y una nueva plantaci\u00f3n de la variedad Cinsault.<\/p>\n\n\n\n<p>Se esperan aumentos de producci\u00f3n entre un 10 a un 20% con respecto a la temporada anterior.<\/p>\n\n\n\n<div style=\"height:35px\" aria-hidden=\"true\" class=\"wp-block-spacer\"><\/div>\n\n\n\n<p class=\"has-background has-medium-font-size\" style=\"background-color:#abb7c263\"><strong>Regi\u00f3n del Biob\u00edo<\/strong><\/p>\n\n\n\n<p>La regi\u00f3n presenta una buena condici\u00f3n de vegetaci\u00f3n. En cuanto a las lluvias, las comunas de Los \u00c1ngeles y Ca\u00f1ete presentan un d\u00e9ficit moderado sobre el promedio hist\u00f3rico de precipitaciones. Las temperaturas m\u00e1ximas mensuales superaron los 31 \u00b0C en los \u00c1ngeles en el mes de noviembre.<\/p>\n\n\n\n<div style=\"height:30px\" aria-hidden=\"true\" class=\"wp-block-spacer\"><\/div>\n\n\n<div class=\"wp-block-image\">\n<figure class=\"aligncenter size-full\"><a href=\"https:\/\/enolife.com.ar\/es\/wp-content\/uploads\/2024\/01\/Imagen14.jpg\" data-rel=\"penci-gallery-image-content\" ><img loading=\"lazy\" decoding=\"async\" width=\"852\" height=\"238\" src=\"https:\/\/enolife.com.ar\/es\/wp-content\/uploads\/2024\/01\/Imagen14.jpg\" alt=\"\" class=\"wp-image-109082\" srcset=\"https:\/\/enolife.com.ar\/es\/wp-content\/uploads\/2024\/01\/Imagen14.jpg 852w, https:\/\/enolife.com.ar\/es\/wp-content\/uploads\/2024\/01\/Imagen14-300x84.jpg 300w, https:\/\/enolife.com.ar\/es\/wp-content\/uploads\/2024\/01\/Imagen14-768x215.jpg 768w, https:\/\/enolife.com.ar\/es\/wp-content\/uploads\/2024\/01\/Imagen14-585x163.jpg 585w\" sizes=\"auto, (max-width: 852px) 100vw, 852px\" \/><\/a><figcaption class=\"wp-element-caption\"><em><strong>Izquierda: Precipitaciones acumuladas (mm) en la regi\u00f3n de \u00d1uble y Biob\u00edo, a\u00f1o 2023.<br>Derecha: Variaci\u00f3n de precipitaciones acumuladas (%) en la regi\u00f3n de \u00d1uble y Biob\u00edo, a\u00f1o 2023.<br>Valores respecto al promedio 2018 &#8211; 2022, por localidad. Fuente: RAN-Agromet, 2023<\/strong><\/em><\/figcaption><\/figure><\/div>\n\n\n<div style=\"height:15px\" aria-hidden=\"true\" class=\"wp-block-spacer\"><\/div>\n\n\n<div class=\"wp-block-image\">\n<figure class=\"aligncenter size-full is-resized\"><a href=\"https:\/\/enolife.com.ar\/es\/wp-content\/uploads\/2024\/01\/Imagen24.jpg\" data-rel=\"penci-gallery-image-content\" ><img loading=\"lazy\" decoding=\"async\" src=\"https:\/\/enolife.com.ar\/es\/wp-content\/uploads\/2024\/01\/Imagen24.jpg\" alt=\"\" class=\"wp-image-109105\" width=\"653\" height=\"277\" srcset=\"https:\/\/enolife.com.ar\/es\/wp-content\/uploads\/2024\/01\/Imagen24.jpg 651w, https:\/\/enolife.com.ar\/es\/wp-content\/uploads\/2024\/01\/Imagen24-300x127.jpg 300w, https:\/\/enolife.com.ar\/es\/wp-content\/uploads\/2024\/01\/Imagen24-585x248.jpg 585w\" sizes=\"auto, (max-width: 653px) 100vw, 653px\" \/><\/a><figcaption class=\"wp-element-caption\"><em><strong>Temperaturas m\u00ednimas medias mensuales (\u00b0C) en la regi\u00f3n del Biob\u00edo entre el 1 de mayo y el 30 de noviembre de 2023. Fuente: Elaboraci\u00f3n ANIAE a partir de datos de la red Agrometeorolog\u00eda INIA<\/strong><\/em><\/figcaption><\/figure><\/div>\n\n\n<div style=\"height:35px\" aria-hidden=\"true\" class=\"wp-block-spacer\"><\/div>\n\n\n\n<p class=\"has-medium-font-size\"><strong>Valle de Biob\u00edo<\/strong><\/p>\n\n\n\n<p>Los productores se\u00f1alan un inicio de temporada con un buen contenido de agua en el suelo. Las brotaciones tuvieron un leve adelanto respecto a la temporada anterior. La presencia de heladas tard\u00edas en los vi\u00f1edos gener\u00f3 p\u00e9rdidas por sobre un 50% en las variedades Chardonnay, Sauvignon Blanc y Pinot Noir en Mulch\u00e9n. Se present\u00f3 ataque de falsa ara\u00f1ita de la vid en Chardonnay y Pinot Noir. No se menciona arranque o plantaci\u00f3n de nuevos vi\u00f1edos.<\/p>\n\n\n\n<p>El valle de Biob\u00edo, dada la presencia de heladas primaverales que ocurrieron hacia fines de octubre, se esperan perdidas de la producci\u00f3n que van desde un 20% hasta un 80% con respecto a la temporada anterior.<\/p>\n\n\n\n<div style=\"height:35px\" aria-hidden=\"true\" class=\"wp-block-spacer\"><\/div>\n\n\n\n<p class=\"has-background has-medium-font-size\" style=\"background-color:#abb7c273\"><strong>Regi\u00f3n de la Araucan\u00eda<\/strong><\/p>\n\n\n\n<p>La regi\u00f3n de la Araucan\u00eda presenta en una buena condici\u00f3n de vegetaci\u00f3n a nivel general, sin entrar a una condici\u00f3n de sequ\u00eda. Los promedios de las temperaturas m\u00ednimas mensuales se situaron en sus valores m\u00e1s bajos para el mes de agosto.<\/p>\n\n\n\n<div style=\"height:30px\" aria-hidden=\"true\" class=\"wp-block-spacer\"><\/div>\n\n\n<div class=\"wp-block-image\">\n<figure class=\"aligncenter size-full\"><a href=\"https:\/\/enolife.com.ar\/es\/wp-content\/uploads\/2024\/01\/Imagen15.jpg\" data-rel=\"penci-gallery-image-content\" ><img loading=\"lazy\" decoding=\"async\" width=\"848\" height=\"237\" src=\"https:\/\/enolife.com.ar\/es\/wp-content\/uploads\/2024\/01\/Imagen15.jpg\" alt=\"\" class=\"wp-image-109085\" srcset=\"https:\/\/enolife.com.ar\/es\/wp-content\/uploads\/2024\/01\/Imagen15.jpg 848w, https:\/\/enolife.com.ar\/es\/wp-content\/uploads\/2024\/01\/Imagen15-300x84.jpg 300w, https:\/\/enolife.com.ar\/es\/wp-content\/uploads\/2024\/01\/Imagen15-768x215.jpg 768w, https:\/\/enolife.com.ar\/es\/wp-content\/uploads\/2024\/01\/Imagen15-585x163.jpg 585w\" sizes=\"auto, (max-width: 848px) 100vw, 848px\" \/><\/a><figcaption class=\"wp-element-caption\"><em><strong>Izquierda: Precipitaciones acumuladas (mm) en la regi\u00f3n Araucan\u00eda, a\u00f1o 2023.<br>Derecha: Variaci\u00f3n de precipitaciones acumuladas (%) en la regi\u00f3n de Araucan\u00eda, a\u00f1o 2023.<br>Valores respecto al promedio 2018 &#8211; 2022, por localidad. Fuente: RAN-Agromet, 2023<\/strong><\/em><\/figcaption><\/figure><\/div>\n\n\n<div style=\"height:15px\" aria-hidden=\"true\" class=\"wp-block-spacer\"><\/div>\n\n\n<div class=\"wp-block-image\">\n<figure class=\"aligncenter size-full\"><a href=\"https:\/\/enolife.com.ar\/es\/wp-content\/uploads\/2024\/01\/Imagen25.jpg\" data-rel=\"penci-gallery-image-content\" ><img loading=\"lazy\" decoding=\"async\" width=\"638\" height=\"319\" src=\"https:\/\/enolife.com.ar\/es\/wp-content\/uploads\/2024\/01\/Imagen25.jpg\" alt=\"\" class=\"wp-image-109108\" srcset=\"https:\/\/enolife.com.ar\/es\/wp-content\/uploads\/2024\/01\/Imagen25.jpg 638w, https:\/\/enolife.com.ar\/es\/wp-content\/uploads\/2024\/01\/Imagen25-300x150.jpg 300w, https:\/\/enolife.com.ar\/es\/wp-content\/uploads\/2024\/01\/Imagen25-585x293.jpg 585w\" sizes=\"auto, (max-width: 638px) 100vw, 638px\" \/><\/a><figcaption class=\"wp-element-caption\"><em><strong>Temperaturas m\u00ednimas medias mensuales (\u00b0C) en la regi\u00f3n de Atacama y Coquimbo entre el 1 de mayo y el 30 de noviembre de 2023. Fuente: Elaboraci\u00f3n ANIAE a partir de datos de la red Agrometeorolog\u00eda INIA<\/strong><\/em><\/figcaption><\/figure><\/div>\n\n\n<div style=\"height:35px\" aria-hidden=\"true\" class=\"wp-block-spacer\"><\/div>\n\n\n\n<p class=\"has-medium-font-size\"><strong>Valle de Malleco<\/strong><\/p>\n\n\n\n<p>Los vi\u00f1edos se encontraron en brotaci\u00f3n con un nivel superior de agua en el suelo, en tanto los promedios de las temperaturas m\u00ednimas mensuales se situaron en valores bajos para el mes de agosto, alcanzando los 2,9\u00b0C en Traigu\u00e9n. La ocurrencia de heladas tambi\u00e9n afect\u00f3 el desarrollo de los vi\u00f1edos, con heladas tard\u00edas en octubre que generaron una disminuci\u00f3n de la producci\u00f3n esperada. No se indican da\u00f1os por enfermedades y plagas en los vi\u00f1edos. Las inundaciones podr\u00edan genera una disminuci\u00f3n de un 5% de la producci\u00f3n esperada. Se espera mantener o tener una leve disminuci\u00f3n de la producci\u00f3n respecto a la vendimia 2023.<\/p>\n\n\n\n<div style=\"height:30px\" aria-hidden=\"true\" class=\"wp-block-spacer\"><\/div>\n\n\n<div class=\"wp-block-image\">\n<figure class=\"aligncenter size-full\"><a href=\"https:\/\/enolife.com.ar\/es\/wp-content\/uploads\/2024\/01\/Imagen5-2.jpg\" data-rel=\"penci-gallery-image-content\" ><img loading=\"lazy\" decoding=\"async\" width=\"630\" height=\"176\" src=\"https:\/\/enolife.com.ar\/es\/wp-content\/uploads\/2024\/01\/Imagen5-2.jpg\" alt=\"\" class=\"wp-image-109049\" srcset=\"https:\/\/enolife.com.ar\/es\/wp-content\/uploads\/2024\/01\/Imagen5-2.jpg 630w, https:\/\/enolife.com.ar\/es\/wp-content\/uploads\/2024\/01\/Imagen5-2-300x84.jpg 300w, https:\/\/enolife.com.ar\/es\/wp-content\/uploads\/2024\/01\/Imagen5-2-585x163.jpg 585w\" sizes=\"auto, (max-width: 630px) 100vw, 630px\" \/><\/a><figcaption class=\"wp-element-caption\"><em><strong>Aumento o disminuci\u00f3n de producci\u00f3n para la vendimia 2024 con respecto a la vendimia 2023 para los valles de Itata, Biob\u00edo y Malleco<\/strong><\/em><\/figcaption><\/figure><\/div>\n\n\n<div style=\"height:35px\" aria-hidden=\"true\" class=\"wp-block-spacer\"><\/div>\n\n\n\n<p class=\"has-medium-font-size\"><strong>Producci\u00f3n de Variedades<\/strong><\/p>\n\n\n\n<p>En relaci\u00f3n a la producci\u00f3n del vi\u00f1edo en cada una de sus cepas, en t\u00e9rmino de aumento o disminuci\u00f3n de los kilogramos producidos con respecto a la temporada anterior, se espera un aumento de la producci\u00f3n en las variedades blancas como Moscatel de Alejandr\u00eda, Chardonnay, Sauvignon Blanc y Viognier. <\/p>\n\n\n\n<div style=\"height:30px\" aria-hidden=\"true\" class=\"wp-block-spacer\"><\/div>\n\n\n<div class=\"wp-block-image\">\n<figure class=\"aligncenter size-full\"><a href=\"https:\/\/enolife.com.ar\/es\/wp-content\/uploads\/2024\/01\/Imagen6-4.jpg\" data-rel=\"penci-gallery-image-content\" ><img loading=\"lazy\" decoding=\"async\" width=\"639\" height=\"360\" src=\"https:\/\/enolife.com.ar\/es\/wp-content\/uploads\/2024\/01\/Imagen6-4.jpg\" alt=\"\" class=\"wp-image-109053\" srcset=\"https:\/\/enolife.com.ar\/es\/wp-content\/uploads\/2024\/01\/Imagen6-4.jpg 639w, https:\/\/enolife.com.ar\/es\/wp-content\/uploads\/2024\/01\/Imagen6-4-300x169.jpg 300w, https:\/\/enolife.com.ar\/es\/wp-content\/uploads\/2024\/01\/Imagen6-4-585x330.jpg 585w\" sizes=\"auto, (max-width: 639px) 100vw, 639px\" \/><\/a><figcaption class=\"wp-element-caption\"><em><strong>Estimaci\u00f3n del porcentaje de aumento\/disminuci\u00f3n de producci\u00f3n, respecto a la vendimia 2023, variedades blancas, a diciembre 2023<\/strong><\/em><\/figcaption><\/figure><\/div>\n\n\n<div style=\"height:30px\" aria-hidden=\"true\" class=\"wp-block-spacer\"><\/div>\n\n\n\n<p>En tanto, se espera mantener la producci\u00f3n en variedades como Sauvignon Vert y Pedro Jim\u00e9nez. Respecto a las variedades tintas, se estima una mantenci\u00f3n o aumento de producci\u00f3n en variedades como Cabernet Sauvignon, Pa\u00eds, Merlot, Syrah y Carmenere.<\/p>\n\n\n\n<div style=\"height:30px\" aria-hidden=\"true\" class=\"wp-block-spacer\"><\/div>\n\n\n<div class=\"wp-block-image\">\n<figure class=\"aligncenter size-full\"><a href=\"https:\/\/enolife.com.ar\/es\/wp-content\/uploads\/2024\/01\/Imagen7-3.jpg\" data-rel=\"penci-gallery-image-content\" ><img loading=\"lazy\" decoding=\"async\" width=\"625\" height=\"367\" src=\"https:\/\/enolife.com.ar\/es\/wp-content\/uploads\/2024\/01\/Imagen7-3.jpg\" alt=\"\" class=\"wp-image-109054\" srcset=\"https:\/\/enolife.com.ar\/es\/wp-content\/uploads\/2024\/01\/Imagen7-3.jpg 625w, https:\/\/enolife.com.ar\/es\/wp-content\/uploads\/2024\/01\/Imagen7-3-300x176.jpg 300w, https:\/\/enolife.com.ar\/es\/wp-content\/uploads\/2024\/01\/Imagen7-3-585x344.jpg 585w\" sizes=\"auto, (max-width: 625px) 100vw, 625px\" \/><\/a><figcaption class=\"wp-element-caption\"><em><strong>Aumento o disminuci\u00f3n estimada de producci\u00f3n en cada cepa, respecto a la temporada 2023, variedades tintas, a diciembre 2023<\/strong><\/em><\/figcaption><\/figure><\/div>\n\n\n<div style=\"height:35px\" aria-hidden=\"true\" class=\"wp-block-spacer\"><\/div>\n\n\n\n<p><em><strong>Datos de la encuesta<\/strong>: La primera encuesta de prevendimia recopil\u00f3 informaci\u00f3n de 77 centros productivos, distribuidos desde la regi\u00f3n de Atacama a La Araucan\u00eda, representando un total de 10.193 hect\u00e1reas bajo la plataforma de encuesta en l\u00ednea Survey Monkey\u00ae entre los d\u00edas 20 y 27 de diciembre del a\u00f1o 2023. Los encargados de responder la encuesta fueron principalmente en\u00f3logos con un 44%, seguido por los propietarios con un 19% de las respuestas. Los viticultores representaron un 17% del total, en tanto la opci\u00f3n otros cargos alcanz\u00f3 un 19%. Respecto al r\u00e9gimen h\u00eddrico de los vi\u00f1edos encuestados, un 88% corresponde a vi\u00f1edos con riego y un 13% de secano.<\/em><\/p>\n\n\n\n<div style=\"height:30px\" aria-hidden=\"true\" class=\"wp-block-spacer\"><\/div>\n","protected":false},"excerpt":{"rendered":"<p>La Asociaci\u00f3n Nacional de Ingenieros Agr\u00f3nomos En\u00f3logos de Chile (Aniae), por encargo de la Oficina&hellip;<\/p>\n","protected":false},"author":3,"featured_media":109132,"comment_status":"open","ping_status":"open","sticky":false,"template":"","format":"standard","meta":{"footnotes":""},"categories":[14],"tags":[],"class_list":["post-108998","post","type-post","status-publish","format-standard","has-post-thumbnail","hentry","category-news"],"_links":{"self":[{"href":"https:\/\/enolife.com.ar\/es\/wp-json\/wp\/v2\/posts\/108998","targetHints":{"allow":["GET"]}}],"collection":[{"href":"https:\/\/enolife.com.ar\/es\/wp-json\/wp\/v2\/posts"}],"about":[{"href":"https:\/\/enolife.com.ar\/es\/wp-json\/wp\/v2\/types\/post"}],"author":[{"embeddable":true,"href":"https:\/\/enolife.com.ar\/es\/wp-json\/wp\/v2\/users\/3"}],"replies":[{"embeddable":true,"href":"https:\/\/enolife.com.ar\/es\/wp-json\/wp\/v2\/comments?post=108998"}],"version-history":[{"count":0,"href":"https:\/\/enolife.com.ar\/es\/wp-json\/wp\/v2\/posts\/108998\/revisions"}],"wp:featuredmedia":[{"embeddable":true,"href":"https:\/\/enolife.com.ar\/es\/wp-json\/wp\/v2\/media\/109132"}],"wp:attachment":[{"href":"https:\/\/enolife.com.ar\/es\/wp-json\/wp\/v2\/media?parent=108998"}],"wp:term":[{"taxonomy":"category","embeddable":true,"href":"https:\/\/enolife.com.ar\/es\/wp-json\/wp\/v2\/categories?post=108998"},{"taxonomy":"post_tag","embeddable":true,"href":"https:\/\/enolife.com.ar\/es\/wp-json\/wp\/v2\/tags?post=108998"}],"curies":[{"name":"wp","href":"https:\/\/api.w.org\/{rel}","templated":true}]}}