{"id":108959,"date":"2024-01-08T22:14:17","date_gmt":"2024-01-08T22:14:17","guid":{"rendered":"https:\/\/enolife.com.ar\/es\/?p=108959"},"modified":"2024-01-10T13:12:40","modified_gmt":"2024-01-10T13:12:40","slug":"solo-falta-la-firma-del-presidente-milei-para-que-carlos-tizio-asuma-como-titular-del-inv-por-4-anos","status":"publish","type":"post","link":"https:\/\/enolife.com.ar\/es\/solo-falta-la-firma-del-presidente-milei-para-que-carlos-tizio-asuma-como-titular-del-inv-por-4-anos\/","title":{"rendered":"S\u00f3lo falta la firma del presidente Milei para que Carlos Tizio asuma como titular del INV por 4 a\u00f1os"},"content":{"rendered":"\n<h4 class=\"wp-block-heading\"><em><strong>Tal como lo adelant\u00f3 Enolife antes que ning\u00fan medio especializado el 6 de diciembre de 2023, el ingeniero agr\u00f3nomo y bodeguero nacido en La Plata y afincado en Mendoza, Carlos Tizio, es el hombre elegido por los asesores de Javier Milei para conducir el Instituto Nacional de Vitivinicultura (INV) durante su gesti\u00f3n, que culmina en diciembre de 2027. Seg\u00fan public\u00f3 hoy 8\/1\/23 el diario Memo en la nota que a continuaci\u00f3n reproducimos, la designaci\u00f3n espera ser rubricada con el expediente EX-2024-00234653-APN-DGDA#MEC del gobierno nacional. Tizio ya fue presidente del INV en el per\u00edodo 2016-2020.<\/strong><\/em><\/h4>\n\n\n\n<div style=\"height:35px\" aria-hidden=\"true\" class=\"wp-block-spacer\"><\/div>\n\n\n<a href=\"https:\/\/jmzeballos.com\/\" aria-label=\"ENOLIFE &#8211;  EPOXI\"><img loading=\"lazy\" decoding=\"async\" src=\"https:\/\/enolife.com.ar\/es\/wp-content\/uploads\/2023\/08\/ENOLIFE-EPOXI-1700x500-1-scaled.jpg\" alt=\"\"  srcset=\"https:\/\/enolife.com.ar\/es\/wp-content\/uploads\/2023\/08\/ENOLIFE-EPOXI-1700x500-1-scaled.jpg 2560w, https:\/\/enolife.com.ar\/es\/wp-content\/uploads\/2023\/08\/ENOLIFE-EPOXI-1700x500-1-300x88.jpg 300w, https:\/\/enolife.com.ar\/es\/wp-content\/uploads\/2023\/08\/ENOLIFE-EPOXI-1700x500-1-1024x301.jpg 1024w, https:\/\/enolife.com.ar\/es\/wp-content\/uploads\/2023\/08\/ENOLIFE-EPOXI-1700x500-1-768x226.jpg 768w, https:\/\/enolife.com.ar\/es\/wp-content\/uploads\/2023\/08\/ENOLIFE-EPOXI-1700x500-1-1536x452.jpg 1536w, https:\/\/enolife.com.ar\/es\/wp-content\/uploads\/2023\/08\/ENOLIFE-EPOXI-1700x500-1-2048x602.jpg 2048w, https:\/\/enolife.com.ar\/es\/wp-content\/uploads\/2023\/08\/ENOLIFE-EPOXI-1700x500-1-1170x344.jpg 1170w, https:\/\/enolife.com.ar\/es\/wp-content\/uploads\/2023\/08\/ENOLIFE-EPOXI-1700x500-1-585x172.jpg 585w\" sizes=\"auto, (max-width: 2560px) 100vw, 2560px\" width=\"2560\" height=\"753\"   \/><\/a>\n\n\n<div style=\"height:45px\" aria-hidden=\"true\" class=\"wp-block-spacer\"><\/div>\n\n\n\n<p>El gobierno nacional est\u00e1 a punto de darle el nombramiento al nuevo titular del Instituto Nacional de Vitivinicultura (INV), mientras m\u00e1s de 90 organismos de \u00edndole nacional siguen sin representante en Mendoza.<\/p>\n\n\n\n<p>El gobierno argentino tiene lista la designaci\u00f3n del bodeguero <strong>Carlos Tizio<\/strong> al frente del <strong>Instituto Nacional de Vitivinicultura (INV)<\/strong>. De tal manera, volver\u00eda a un cargo que ya conoce, puesto que ejerci\u00f3 el cargo anteriormente de la mano de la empresaria y por entonces, pol\u00edtica macrista, <strong>Susana Balbo.<\/strong><\/p>\n\n\n\n<p>Su nueva designaci\u00f3n no fue tan instant\u00e1nea como la anterior, cuando el ex presidente <strong>Alberto Fern\u00e1ndez <\/strong>puso en el cargo al tunuyanino <strong>Mart\u00edn Hinojosa<\/strong> en los primeros d\u00edas de 2020, con vigencia hasta diciembre de 2023. Se tramita en el expediente reconocible en el sistema del Gobierno como <strong>EX-2024-00234653-APN-DGDA#MEC.<\/strong><\/p>\n\n\n\n<p>Quienes han seguido de cerca su nombramiento, hablan de <em>\u00abuna larga e intrincada rosca\u00bb<\/em>, ya que se multiplicaron los interlocutores del gobierno nacional con <strong>Mendoza<\/strong>, provincia a la que le corresponde la presidencia del INV: est\u00e1n los socios de Javier Milei en el Partido Dem\u00f3crata, los macristas y el gobierno de Alfredo Cornejo.<\/p>\n\n\n\n<p>Sin embargo, el bodeguero Tizio suma a su favor haber sido miembro del <strong>Partido Dem\u00f3crata (PD) de Mendoza<\/strong> bajo la conducci\u00f3n de <strong>Carlos Balter<\/strong>, adem\u00e1s de funcionario del ex presidente <strong>Mauricio Macri<\/strong>. <\/p>\n\n\n\n<p>En tanto, el segundo lugar, la vicepresidencia, corresponde a un expecialista de la provincia de <strong>San Juan<\/strong>, sobre el que nada se sabe hasta el momento. Al respecto, se espera que all\u00ed pueda entrar a tallar lo que Naci\u00f3n pretenda, la sugerencia local de <strong>La Libertad Avanza<\/strong> o del gobernado sanjuanio <strong>Marcelo Orrego.<\/strong><\/p>\n\n\n\n<p>Es m\u00e1s: hay quienes cuentan que <strong>Guillermo Francos<\/strong>, que en pocos d\u00edas m\u00e1s asumir\u00e1 como ministro del Interior de Milei, habr\u00eda consultado la designaci\u00f3n de Tizio con el gobernador de Mendoza, Alfredo Cornejo, y que \u00e9ste le habr\u00eda dado su venia a esa designaci\u00f3n.<\/p>\n\n\n\n<div style=\"height:19px\" aria-hidden=\"true\" class=\"wp-block-spacer\"><\/div>\n\n\n\n<p class=\"has-small-font-size\"><em><strong>Fuente: Memo<\/strong><\/em><\/p>\n\n\n\n<div style=\"height:30px\" aria-hidden=\"true\" class=\"wp-block-spacer\"><\/div>\n","protected":false},"excerpt":{"rendered":"<p>Tal como lo adelant\u00f3 Enolife antes que ning\u00fan medio especializado el 6 de diciembre de&hellip;<\/p>\n","protected":false},"author":3,"featured_media":108966,"comment_status":"open","ping_status":"open","sticky":false,"template":"","format":"standard","meta":{"footnotes":""},"categories":[14],"tags":[],"class_list":["post-108959","post","type-post","status-publish","format-standard","has-post-thumbnail","hentry","category-news"],"_links":{"self":[{"href":"https:\/\/enolife.com.ar\/es\/wp-json\/wp\/v2\/posts\/108959","targetHints":{"allow":["GET"]}}],"collection":[{"href":"https:\/\/enolife.com.ar\/es\/wp-json\/wp\/v2\/posts"}],"about":[{"href":"https:\/\/enolife.com.ar\/es\/wp-json\/wp\/v2\/types\/post"}],"author":[{"embeddable":true,"href":"https:\/\/enolife.com.ar\/es\/wp-json\/wp\/v2\/users\/3"}],"replies":[{"embeddable":true,"href":"https:\/\/enolife.com.ar\/es\/wp-json\/wp\/v2\/comments?post=108959"}],"version-history":[{"count":0,"href":"https:\/\/enolife.com.ar\/es\/wp-json\/wp\/v2\/posts\/108959\/revisions"}],"wp:featuredmedia":[{"embeddable":true,"href":"https:\/\/enolife.com.ar\/es\/wp-json\/wp\/v2\/media\/108966"}],"wp:attachment":[{"href":"https:\/\/enolife.com.ar\/es\/wp-json\/wp\/v2\/media?parent=108959"}],"wp:term":[{"taxonomy":"category","embeddable":true,"href":"https:\/\/enolife.com.ar\/es\/wp-json\/wp\/v2\/categories?post=108959"},{"taxonomy":"post_tag","embeddable":true,"href":"https:\/\/enolife.com.ar\/es\/wp-json\/wp\/v2\/tags?post=108959"}],"curies":[{"name":"wp","href":"https:\/\/api.w.org\/{rel}","templated":true}]}}