{"id":108809,"date":"2024-01-05T17:13:38","date_gmt":"2024-01-05T17:13:38","guid":{"rendered":"https:\/\/enolife.com.ar\/es\/?p=108809"},"modified":"2024-01-06T00:11:18","modified_gmt":"2024-01-06T00:11:18","slug":"hoy-los-reyes-magos-de-bodegas-bianchi-recorren-san-rafael-reciben-cartitas-y-reparten-donaciones","status":"publish","type":"post","link":"https:\/\/enolife.com.ar\/es\/hoy-los-reyes-magos-de-bodegas-bianchi-recorren-san-rafael-reciben-cartitas-y-reparten-donaciones\/","title":{"rendered":"Hoy los Reyes Magos de Bodegas Bianchi recorren San Rafael, reciben cartitas y reparten donaciones"},"content":{"rendered":"\n<h4 class=\"wp-block-heading\"><em><strong>Esta noche a las 22 hs arranca por el centro de la ciudad m\u00e1s importante del sur mendocino el tradicional desfile que cada a\u00f1o desde 1983 re\u00fane a unas 30.000 personas con el objetivo de ayudar a los m\u00e1s necesitados. El \u00abCarrousel de los Reyes Magos\u00bb es organizado por los directivos y empleados de Bodegas Bianchi, con la colaboraci\u00f3n de la Municipalidad de San Rafael y la Polic\u00eda de Mendoza. Gracias al aporte de empresas locales, se recolectan juguetes y productos de primera necesidad para hogares de ni\u00f1os y asilos de ancianos. A la vez, el paseo de Melchor, Gaspar y Baltasar divierte a los m\u00e1s chicos, que se vuelcan a las calles con sus padres para recibir, tambi\u00e9n ellos, alg\u00fan regalito.<\/strong><\/em><\/h4>\n\n\n\n<div style=\"height:35px\" aria-hidden=\"true\" class=\"wp-block-spacer\"><\/div>\n\n\n\n\n\n<div style=\"height:45px\" aria-hidden=\"true\" class=\"wp-block-spacer\"><\/div>\n\n\n\n<p>Como todos los a\u00f1os, llega hoy 5\/1\/24 uno de los eventos m\u00e1s esperados por las familias y los ni\u00f1os de <strong>San Rafael<\/strong>: el \u00ab<strong>Carrousel de los Reyes Magos\u00bb,&nbsp;<\/strong>organizado por <strong>Bodegas Bianchi<\/strong>. El evento que m\u00e1s p\u00fablico re\u00fane en una \u00fanica jornada en la tur\u00edstica ciudad sure\u00f1a de Mendoza, y que desde hace 4 d\u00e9cadas ponen en escena propietarios, directivos y empleados de la bodega, llega nuevamente para reunir esfuerzos en pos de los ni\u00f1os y ancianos en situaci\u00f3n de vulnerabilidad del departamento.<\/p>\n\n\n\n<p>Se trata de una de las acciones de responsabilidad social m\u00e1s importantes de la provincia, que cuenta&nbsp;con apoyo de&nbsp;la <strong>Municipalidad de San Rafael<\/strong>, la , y diversas empresas locales que contribuyen desinteresadamente para hacer realidad esta iniciativa solidaria. Este a\u00f1o, la premisa es donar juguetes y productos de primera necesidad a hogares de ni\u00f1os y asilos de ancianos de la ciudad.&nbsp;&nbsp;<\/p>\n\n\n\n<p>Bodegas Bianchi demuestra as\u00ed su compromiso con la comunidad de San Rafael, su terru\u00f1o de origen, al impulsando esta celebraci\u00f3n, que este a\u00f1o tendr\u00e1 a los Reyes Magos recorriendo las distintas calles de la ciudad, en una edici\u00f3n especial de celebraci\u00f3n de sus 40 a\u00f1os.<\/p>\n\n\n\n<div style=\"height:30px\" aria-hidden=\"true\" class=\"wp-block-spacer\"><\/div>\n\n\n<div class=\"wp-block-image\">\n<figure class=\"aligncenter size-full is-resized\"><a href=\"https:\/\/enolife.com.ar\/es\/wp-content\/uploads\/2024\/01\/Imagen2-1.jpg\" data-rel=\"penci-gallery-image-content\" ><img loading=\"lazy\" decoding=\"async\" src=\"https:\/\/enolife.com.ar\/es\/wp-content\/uploads\/2024\/01\/Imagen2-1.jpg\" alt=\"\" class=\"wp-image-108815\" width=\"593\" height=\"436\" srcset=\"https:\/\/enolife.com.ar\/es\/wp-content\/uploads\/2024\/01\/Imagen2-1.jpg 679w, https:\/\/enolife.com.ar\/es\/wp-content\/uploads\/2024\/01\/Imagen2-1-300x221.jpg 300w, https:\/\/enolife.com.ar\/es\/wp-content\/uploads\/2024\/01\/Imagen2-1-585x431.jpg 585w\" sizes=\"auto, (max-width: 593px) 100vw, 593px\" \/><\/a><\/figure><\/div>\n\n\n<div style=\"height:30px\" aria-hidden=\"true\" class=\"wp-block-spacer\"><\/div>\n\n\n\n<p>En esta oportunidad, se podr\u00e1 apreciar una renovaci\u00f3n del carruaje de los Reyes, que estar\u00e1 ambientado con una tem\u00e1tica enfocada en este aniversario. Adem\u00e1s, grupos de danza coordinados por el director Oscar Cruz, con vestuario y m\u00fasica especialmente producidos, acompa\u00f1ar\u00e1n el recorrido.<\/p>\n\n\n\n<p>El desfile partir\u00e1 a las 22 hs desde la esquina de las avenidas Rodolfo Isel\u00edn e Hip\u00f3lito Yrigoyen y recorrer\u00e1 la ciudad de San Rafael hacia el este por Yrigoyen, para finalizar en Mitre y Col\u00f3n. Durante el recorrido, como ya es costumbre, los Reyes Magos recibir\u00e1n las cartitas de los ni\u00f1os.&nbsp;<\/p>\n\n\n\n<div style=\"height:30px\" aria-hidden=\"true\" class=\"wp-block-spacer\"><\/div>\n\n\n<div class=\"wp-block-image\">\n<figure class=\"aligncenter size-full is-resized\"><a href=\"https:\/\/enolife.com.ar\/es\/wp-content\/uploads\/2024\/01\/Imagen4.jpg\" data-rel=\"penci-gallery-image-content\" ><img loading=\"lazy\" decoding=\"async\" src=\"https:\/\/enolife.com.ar\/es\/wp-content\/uploads\/2024\/01\/Imagen4.jpg\" alt=\"\" class=\"wp-image-108816\" width=\"574\" height=\"478\" srcset=\"https:\/\/enolife.com.ar\/es\/wp-content\/uploads\/2024\/01\/Imagen4.jpg 594w, https:\/\/enolife.com.ar\/es\/wp-content\/uploads\/2024\/01\/Imagen4-300x250.jpg 300w, https:\/\/enolife.com.ar\/es\/wp-content\/uploads\/2024\/01\/Imagen4-585x488.jpg 585w\" sizes=\"auto, (max-width: 574px) 100vw, 574px\" \/><\/a><\/figure><\/div>\n\n\n<div style=\"height:30px\" aria-hidden=\"true\" class=\"wp-block-spacer\"><\/div>\n\n\n\n<p>Como siempre, las cartitas tambi\u00e9n se recepcionar\u00e1n en los buzones ubicados junto con las zapatillas gigantes en el Kil\u00f3metro Cero de la ciudad, el Paseo Luis Huerta y el Parque de los Ni\u00f1os.<\/p>\n\n\n\n<p><em>\u00abEstamos orgullosos de cumplir cuarenta a\u00f1os haciendo felices a los ni\u00f1os y a las familias de nuestra ciudad. Como bodega nos sentimos especialmente unidos a nuestra comunidad, somos parte del patrimonio cultural, identidad e historia del vino en nuestra provincia\u00bb,<\/em>&nbsp;afirm\u00f3&nbsp;<strong>Sylvia Bianchi,<\/strong>&nbsp;3\u00ba generaci\u00f3n de la familia bodeguera.&nbsp;<\/p>\n\n\n\n<p>Continuando su labor, ma\u00f1ana s\u00e1bado 6 de enero, los Reyes Magos visitar\u00e1n hogares carenciados de la zona y el <strong>Hospital Schestacow<\/strong> distribuyendo las donaciones de acuerdo a la cantidad de ni\u00f1os y ancianos que cada uno de ellos albergue.<\/p>\n\n\n\n<div style=\"height:31px\" aria-hidden=\"true\" class=\"wp-block-spacer\"><\/div>\n\n\n\n<p class=\"has-medium-font-size\"><strong>Historia del Carrousel de los Reyes Magos<\/strong><\/p>\n\n\n\n<p><em>\u00abLa primera cabalgata se realiz\u00f3 en 1985 aunque, tres a\u00f1os antes, un grupo de gente que trabajaba en Bodegas Bianchi comenz\u00f3 a llevar juguetes a los hijos del personal de la empresa\u00bb<\/em>, record\u00f3 Sylvia Bianchi. Y y a\u00f1adi\u00f3: <em>\u00abSe compraron trajes de Reyes Magos y se volvieron a repartir juguetes, adem\u00e1s de ir a hogares como Coraz\u00f3n y Voluntad y Hogar de Nazaret\u00bb.<\/em>&nbsp;<\/p>\n\n\n\n<div style=\"height:30px\" aria-hidden=\"true\" class=\"wp-block-spacer\"><\/div>\n\n\n<div class=\"wp-block-image\">\n<figure class=\"aligncenter size-full is-resized\"><a href=\"https:\/\/enolife.com.ar\/es\/wp-content\/uploads\/2024\/01\/Imagen3.jpg\" data-rel=\"penci-gallery-image-content\" ><img loading=\"lazy\" decoding=\"async\" src=\"https:\/\/enolife.com.ar\/es\/wp-content\/uploads\/2024\/01\/Imagen3.jpg\" alt=\"\" class=\"wp-image-108817\" width=\"568\" height=\"385\" srcset=\"https:\/\/enolife.com.ar\/es\/wp-content\/uploads\/2024\/01\/Imagen3.jpg 738w, https:\/\/enolife.com.ar\/es\/wp-content\/uploads\/2024\/01\/Imagen3-300x203.jpg 300w, https:\/\/enolife.com.ar\/es\/wp-content\/uploads\/2024\/01\/Imagen3-585x396.jpg 585w\" sizes=\"auto, (max-width: 568px) 100vw, 568px\" \/><\/a><\/figure><\/div>\n\n\n<div style=\"height:30px\" aria-hidden=\"true\" class=\"wp-block-spacer\"><\/div>\n\n\n\n<p>\u00ab<em>En 1984 decidieron ir al hospital, y una anciana que se encontraba muy grave de salud pidi\u00f3 ver a los Reyes Magos. Los pudo ver y, como no les quedaba ning\u00fan regalo para darle, uno de los empleados se quit\u00f3 una cruz que llevaba y se la entreg\u00f3; fue en ese momento cuando la mujer -que poco despu\u00e9s fallecer\u00eda- les pidi\u00f3 que salieran a la calle, y a partir de ah\u00ed naci\u00f3 la idea de hacer la cabalgata\u00bb<\/em>, destac\u00f3 Sylvia.<\/p>\n\n\n\n<p>En un principio, y hasta 2012, se realizaba una cabalgata que part\u00eda desde la Rotonda del Mapa, llegando los caballos a la bodega ubicada en calle Comandante Torres; no obstante, con el tiempo esa modalidad vari\u00f3 a Carrousel, inspir\u00e1ndose en un evento similar que se realiza en Espa\u00f1a.<\/p>\n\n\n\n<p>En 1989, la actividad fue declarada de Inter\u00e9s Departamental por el Honorable Concejo Deliberante; en 1997, en tanto, de Inter\u00e9s Provincial por la Honorable C\u00e1mara de Diputados de Mendoza.<\/p>\n\n\n\n<div style=\"height:30px\" aria-hidden=\"true\" class=\"wp-block-spacer\"><\/div>\n","protected":false},"excerpt":{"rendered":"<p>Esta noche a las 22 hs arranca por el centro de la ciudad m\u00e1s importante&hellip;<\/p>\n","protected":false},"author":3,"featured_media":108813,"comment_status":"open","ping_status":"open","sticky":false,"template":"","format":"standard","meta":{"footnotes":""},"categories":[47],"tags":[],"class_list":["post-108809","post","type-post","status-publish","format-standard","has-post-thumbnail","hentry","category-agenda"],"_links":{"self":[{"href":"https:\/\/enolife.com.ar\/es\/wp-json\/wp\/v2\/posts\/108809","targetHints":{"allow":["GET"]}}],"collection":[{"href":"https:\/\/enolife.com.ar\/es\/wp-json\/wp\/v2\/posts"}],"about":[{"href":"https:\/\/enolife.com.ar\/es\/wp-json\/wp\/v2\/types\/post"}],"author":[{"embeddable":true,"href":"https:\/\/enolife.com.ar\/es\/wp-json\/wp\/v2\/users\/3"}],"replies":[{"embeddable":true,"href":"https:\/\/enolife.com.ar\/es\/wp-json\/wp\/v2\/comments?post=108809"}],"version-history":[{"count":0,"href":"https:\/\/enolife.com.ar\/es\/wp-json\/wp\/v2\/posts\/108809\/revisions"}],"wp:featuredmedia":[{"embeddable":true,"href":"https:\/\/enolife.com.ar\/es\/wp-json\/wp\/v2\/media\/108813"}],"wp:attachment":[{"href":"https:\/\/enolife.com.ar\/es\/wp-json\/wp\/v2\/media?parent=108809"}],"wp:term":[{"taxonomy":"category","embeddable":true,"href":"https:\/\/enolife.com.ar\/es\/wp-json\/wp\/v2\/categories?post=108809"},{"taxonomy":"post_tag","embeddable":true,"href":"https:\/\/enolife.com.ar\/es\/wp-json\/wp\/v2\/tags?post=108809"}],"curies":[{"name":"wp","href":"https:\/\/api.w.org\/{rel}","templated":true}]}}