{"id":108742,"date":"2024-01-02T23:45:47","date_gmt":"2024-01-02T23:45:47","guid":{"rendered":"https:\/\/enolife.com.ar\/es\/?p=108742"},"modified":"2024-01-05T17:12:38","modified_gmt":"2024-01-05T17:12:38","slug":"coviar-mendoza-y-san-juan-piden-a-nacion-retencion-cero-seguir-el-proviar-ii-y-fondos-para-la-lobesia","status":"publish","type":"post","link":"https:\/\/enolife.com.ar\/es\/coviar-mendoza-y-san-juan-piden-a-nacion-retencion-cero-seguir-el-proviar-ii-y-fondos-para-la-lobesia\/","title":{"rendered":"Coviar, Mendoza y San Juan piden a Naci\u00f3n retenci\u00f3n cero, seguir el Proviar II y fondos para la Lobesia"},"content":{"rendered":"\n<h4 class=\"wp-block-heading\"><em><strong>Miembros del directorio de la Corporaci\u00f3n Vitivin\u00edcola Argentina (Coviar) y funcionarios de los gobiernos de Mendoza y San Juan, se reunieron hoy (2\/1) con el secretario de Bioeconom\u00eda de la Naci\u00f3n, Fernando Vilella. El objetivo fue fortalecer la articulaci\u00f3n p\u00fablico \u2013 privada con Naci\u00f3n,<\/strong><\/em> <em><strong>sostener la continuidad del plan Proviar 2, el fomento del turismo del vino, la sostenibilidad de la producci\u00f3n, la lucha contra la polilla de la vid y, fundamentalmente, plantear el rechazo del sector al proyecto de ley que reinstala las retenciones con una al\u00edcuota del 8% para todos los productos exportables de la vitivinicultura. Al respecto Vilella destac\u00f3 que es un tema que debe ser tratado y decidido por el Congreso cuando se debata el proyecto en ambas c\u00e1maras.<\/strong><\/em><\/h4>\n\n\n\n<div style=\"height:35px\" aria-hidden=\"true\" class=\"wp-block-spacer\"><\/div>\n\n\n\n\n\n<div style=\"height:45px\" aria-hidden=\"true\" class=\"wp-block-spacer\"><\/div>\n\n\n\n<p>A las 16 hs del primer d\u00eda h\u00e1bil del 2024, el flamante<strong> secretario de Bioeconom\u00eda de la Naci\u00f3n, Fernando Vilella<\/strong>, recibi\u00f3 en sus oficinas a <strong>Mario Gonz\u00e1lez<\/strong>, presidente de Coviar; <strong>Gustavo Fern\u00e1ndez<\/strong>, ministro de Producci\u00f3n de San Juan;&nbsp;<strong>Rodolfo Vargas Arizu<\/strong>, ministro de Producci\u00f3n de Mendoza;&nbsp;<strong>Jos\u00e9 Alberto Zuccardi<\/strong>, vicepresidente de Coviar;&nbsp;<strong>Jos\u00e9 Molina<\/strong>, presidente de la C\u00e1mara de Productores Vit\u00edcolas de San Juan;&nbsp;<strong>Fernando Morales<\/strong>, presidente de la C\u00e1mara de Mosto; y&nbsp;<strong>Carlos Fiochetta<\/strong>, gerente de Coviar.<\/p>\n\n\n\n<p>Los objetivos de la reuni\u00f3n fueron dialogar sobre la actividad vitivin\u00edcola, presente en 18 provincias argentinas, fortalecer la articulaci\u00f3n p\u00fablico \u2013 privada con Naci\u00f3n, plantear el rechazo del sector al proyecto de ley que reinstala las retenciones con una al\u00edcuota del 8% para todos los productos exportables de la vitivinicultura, sostener la continuidad del Proviar 2, el fomento del turismo del vino, la sostenibilidad y la lucha contra la Lobesia Botrana. Todos temas analizados en el marco del Plan Estrat\u00e9gico Vitivin\u00edcola (PEVI) en su actualizaci\u00f3n al 2030<\/p>\n\n\n\n<p>Seg\u00fan afirman desde la Coviar, se plantearon los temas centrales para la vitivinicultura argentina y se abri\u00f3 una agenda de trabajo e intercambio de estudios t\u00e9cnicos para ir avanzando en cada una de las tem\u00e1ticas presentadas. En cuanto a las retenciones, Vilella destac\u00f3 que es un tema que debe ser tratado y decidido por el Congreso cuando se debata el proyecto en ambas c\u00e1maras.<\/p>\n\n\n\n<p><em>\u201cLa reuni\u00f3n fue muy positiva. Con la participaci\u00f3n de los ministros de la Producci\u00f3n de Mendoza y San Juan ( miembros del Directorio de Coviar),&nbsp; presentamos a las nuevas autoridades nacionales el importante rol que tiene Coviar y el Plan Estrat\u00e9gico Vitivin\u00edcola al 2030 como mesa de articulaci\u00f3n, dialogo y trabajo para el futuro de la Viticultura Argentina\u201d<\/em>, afirm\u00f3&nbsp;<strong>Mario Gonz\u00e1lez<\/strong>.<\/p>\n\n\n\n<p>Por su parte, el secretario Vilella se mostr\u00f3 abierto y emp\u00e1tico a seguir profundizando el trabajo con la vitivinicultura y defendi\u00f3 la necesidad de contar con una visi\u00f3n de futuro como es el Plan Estrat\u00e9gico Vitivin\u00edcola al 2030 en todas las econom\u00edas regionales.<\/p>\n\n\n\n<p><em>\u201cNosotros vinimos a trabajar por esto (en referencial al Plan Estrat\u00e9gico de la Vitivinicultura) \u2026 para el largo plazo con el objetivo de duplicar las exportaciones\u201d<\/em>, destac\u00f3&nbsp;<strong>Fernando Vilella<\/strong>.<\/p>\n\n\n\n<div style=\"height:30px\" aria-hidden=\"true\" class=\"wp-block-spacer\"><\/div>\n\n\n<div class=\"wp-block-image\">\n<figure class=\"aligncenter size-full is-resized\"><a href=\"https:\/\/enolife.com.ar\/es\/wp-content\/uploads\/2024\/01\/Reunion-COVIAR-Vilella-1-1024x675-1.jpeg\" data-rel=\"penci-gallery-image-content\" ><img loading=\"lazy\" decoding=\"async\" src=\"https:\/\/enolife.com.ar\/es\/wp-content\/uploads\/2024\/01\/Reunion-COVIAR-Vilella-1-1024x675-1.jpeg\" alt=\"\" class=\"wp-image-108756\" width=\"684\" height=\"383\" srcset=\"https:\/\/enolife.com.ar\/es\/wp-content\/uploads\/2024\/01\/Reunion-COVIAR-Vilella-1-1024x675-1.jpeg 893w, https:\/\/enolife.com.ar\/es\/wp-content\/uploads\/2024\/01\/Reunion-COVIAR-Vilella-1-1024x675-1-300x168.jpeg 300w, https:\/\/enolife.com.ar\/es\/wp-content\/uploads\/2024\/01\/Reunion-COVIAR-Vilella-1-1024x675-1-768x430.jpeg 768w, https:\/\/enolife.com.ar\/es\/wp-content\/uploads\/2024\/01\/Reunion-COVIAR-Vilella-1-1024x675-1-585x328.jpeg 585w\" sizes=\"auto, (max-width: 684px) 100vw, 684px\" \/><\/a><figcaption class=\"wp-element-caption\"><em><strong>La mesa de di\u00e1logo estuvo compuesta por directivos de la Coviar, funcionarios de Mendoza y San Juan y el secretario de Bioeconom\u00eda de la Naci\u00f3n<\/strong><\/em>.<\/figcaption><\/figure><\/div>\n\n\n<div style=\"height:35px\" aria-hidden=\"true\" class=\"wp-block-spacer\"><\/div>\n\n\n\n<p class=\"has-medium-font-size\"><strong>Sobre la Coviar<\/strong><\/p>\n\n\n\n<p>Es un organismo p\u00fablico-privado que gestiona y articula las acciones necesarias para cumplir con los objetivos del Plan Estrat\u00e9gico Argentina Vitivin\u00edcola 2030 (PEVI), asumiendo el desaf\u00edo de transformar el sector vitivin\u00edcola y potenciar su desarrollo. La integran 13 c\u00e1maras empresarias y productivas de todo el pa\u00eds, el INTA e INV en representaci\u00f3n del Gobierno Nacional y los gobiernos de las provincias vitivin\u00edcolas.<\/p>\n","protected":false},"excerpt":{"rendered":"<p>Miembros del directorio de la Corporaci\u00f3n Vitivin\u00edcola Argentina (Coviar) y funcionarios de los gobiernos de&hellip;<\/p>\n","protected":false},"author":3,"featured_media":108755,"comment_status":"open","ping_status":"open","sticky":false,"template":"","format":"standard","meta":{"footnotes":""},"categories":[14],"tags":[],"class_list":["post-108742","post","type-post","status-publish","format-standard","has-post-thumbnail","hentry","category-news"],"_links":{"self":[{"href":"https:\/\/enolife.com.ar\/es\/wp-json\/wp\/v2\/posts\/108742","targetHints":{"allow":["GET"]}}],"collection":[{"href":"https:\/\/enolife.com.ar\/es\/wp-json\/wp\/v2\/posts"}],"about":[{"href":"https:\/\/enolife.com.ar\/es\/wp-json\/wp\/v2\/types\/post"}],"author":[{"embeddable":true,"href":"https:\/\/enolife.com.ar\/es\/wp-json\/wp\/v2\/users\/3"}],"replies":[{"embeddable":true,"href":"https:\/\/enolife.com.ar\/es\/wp-json\/wp\/v2\/comments?post=108742"}],"version-history":[{"count":0,"href":"https:\/\/enolife.com.ar\/es\/wp-json\/wp\/v2\/posts\/108742\/revisions"}],"wp:featuredmedia":[{"embeddable":true,"href":"https:\/\/enolife.com.ar\/es\/wp-json\/wp\/v2\/media\/108755"}],"wp:attachment":[{"href":"https:\/\/enolife.com.ar\/es\/wp-json\/wp\/v2\/media?parent=108742"}],"wp:term":[{"taxonomy":"category","embeddable":true,"href":"https:\/\/enolife.com.ar\/es\/wp-json\/wp\/v2\/categories?post=108742"},{"taxonomy":"post_tag","embeddable":true,"href":"https:\/\/enolife.com.ar\/es\/wp-json\/wp\/v2\/tags?post=108742"}],"curies":[{"name":"wp","href":"https:\/\/api.w.org\/{rel}","templated":true}]}}