{"id":10842,"date":"2020-04-10T16:20:32","date_gmt":"2020-04-10T16:20:32","guid":{"rendered":"http:\/\/enolife.com.ar\/es\/?p=10842"},"modified":"2020-04-14T23:57:52","modified_gmt":"2020-04-14T23:57:52","slug":"coviar-bodegas-de-argentina-bodegueros-del-este-y-la-uia-juntos-contra-una-insolita-ley-seca","status":"publish","type":"post","link":"https:\/\/enolife.com.ar\/es\/coviar-bodegas-de-argentina-bodegueros-del-este-y-la-uia-juntos-contra-una-insolita-ley-seca\/","title":{"rendered":"Coviar, Bodegas de Argentina, Bodegueros del Este y la UIA, juntos contra una ins\u00f3lita \u00abley seca\u00bb"},"content":{"rendered":"\n<h4 class=\"wp-block-heading\"><em><strong>Con el disparatado argumento de que \u00abel vino favorece las reuniones sociales y los cumplea\u00f1os\u00bb o de que \u00abprovoca situaciones de violencia en muchas familias\u00bb, unos 40 municipios de 9 provincias han limitado o prohibido la venta de vino en sus jurisdicciones. Esa disposici\u00f3n contradice los decretos presidenciales de cuarentena, que except\u00faan de cualquier restricci\u00f3n a la industria de la alimentaci\u00f3n. Instituciones que est\u00e1n enfrentadas en temas de pol\u00edtica vitivin\u00edcola, dieron muestra de unidad en defensa de la bebida nacional, reclamando fuertemente ante diversos organismos de gobierno contra este desatino.<\/strong><\/em><\/h4>\n\n\n\n<div style=\"height:20px\" aria-hidden=\"true\" class=\"wp-block-spacer\"><\/div>\n\n\n\n<p>Sin ning\u00fan criterio razonable, ni respeto por las libertades individuales, ni consideraci\u00f3n por una actividad econ\u00f3mica que da trabajo a cientos de miles de personas en Argentina, unos 40 municipios de Catamarca, C\u00f3rdoba, Chaco, Jujuy, La Rioja, Misiones, Neuqu\u00e9n, Salta y Santiago del Estero han restringido o directamente prohibido al comercio la venta al p\u00fablico de nuestra bebida nacional. Esas disposiciones, firmadas por funcionarios municipales \u00abiluminados\u00bb de, por ejemplo, Rosario de la Frontera en Salta o Rinc\u00f3n de los Sauces en Neuqu\u00e9n, van en contra de lo dispuesto en el decreto presidencial 297, \u201cque estableci\u00f3 el aislamiento social preventivo y obligatorio, pero exceptu\u00f3 a la industria de la alimentaci\u00f3n\u201d, seg\u00fan alerta un comunicado de la Corporaci\u00f3n Vitivin\u00edcola Argentina (Coviar).<\/p>\n\n\n\n<p>Esa ola de prohibiciones, que no se entiende sino como una fallida interpretaci\u00f3n de la realidad o una suerte de proteccionismo fundamentalista, gener\u00f3 airadas protestas de entidades vitivin\u00edcolas que se encuentran enfrentadas entre s\u00ed por cuestiones de representaci\u00f3n institucional o intereses econ\u00f3micos, tales como Coviar &amp; Uni\u00f3n Industrial Argentina vs Bodegas de Argentina &amp; Centro de Vi\u00f1ateros y Bodegueros del Este, de Mendoza.<\/p>\n\n\n\n<p>Seg\u00fan reflejan varios medios period\u00edsticos provinciales y nacionales, tales como diario <strong>Los Andes<\/strong> de Mendoza, <strong>El D\u00eda<\/strong> de la Plata o <strong>Infobae<\/strong>, dirigentes de la industria y referentes sociales se pronunciaron r\u00e1pidamente contra la prohibici\u00f3n. <\/p>\n\n\n\n<div style=\"height:20px\" aria-hidden=\"true\" class=\"wp-block-spacer\"><\/div>\n\n\n\n<div class=\"wp-block-image\"><figure class=\"alignleft is-resized\"><img loading=\"lazy\" decoding=\"async\" src=\"https:\/\/www.acovi.com.ar\/principal\/wp-content\/uploads\/2017\/11\/Eduardo-Sancho_1.jpg\" alt=\"Eduardo Sancho: &quot;Urge una ley para Econom\u00edas Regionales&quot; - ACOVI\" width=\"125\" height=\"82\"\/><\/figure><\/div>\n\n\n\n<p><strong>Eduardo Sancho<\/strong>, uno de los directores de la Coviar, adem\u00e1s de presidente de Fecovita y titular de la Asociaci\u00f3n de Cooperativas Vitivin\u00edcolas de Argentina (Acovi), manifest\u00f3: <em>\u00abEl vino tiene una graduaci\u00f3n m\u00e1s baja que otras bebidas alcoh\u00f3licas y prohibirlo es como prohibir comidas porque la gente come en exceso durante una cuarentena\u201d.&nbsp;<\/em><\/p>\n\n\n\n<div style=\"height:20px\" aria-hidden=\"true\" class=\"wp-block-spacer\"><\/div>\n\n\n\n<div class=\"wp-block-image\"><figure class=\"alignleft size-large is-resized\"><img loading=\"lazy\" decoding=\"async\" src=\"https:\/\/enolife.com.ar\/es\/wp-content\/uploads\/2020\/03\/jose-zuccardi.jpg\" alt=\"\" class=\"wp-image-9606\" width=\"128\" height=\"110\" srcset=\"https:\/\/enolife.com.ar\/es\/wp-content\/uploads\/2020\/03\/jose-zuccardi.jpg 888w, https:\/\/enolife.com.ar\/es\/wp-content\/uploads\/2020\/03\/jose-zuccardi-300x259.jpg 300w, https:\/\/enolife.com.ar\/es\/wp-content\/uploads\/2020\/03\/jose-zuccardi-768x664.jpg 768w, https:\/\/enolife.com.ar\/es\/wp-content\/uploads\/2020\/03\/jose-zuccardi-585x506.jpg 585w\" sizes=\"auto, (max-width: 128px) 100vw, 128px\" \/><\/figure><\/div>\n\n\n\n<p><em> <\/em><strong>Jos\u00e9 Zuccardi<\/strong>, bodeguero y presidente de la Coviar, se\u00f1al\u00f3: \u201c<em>El vino, en nuestra concepci\u00f3n cultural, y desde el punto de vista del c\u00f3digo alimentario argentino, es un alimento, parte de la dieta mediterr\u00e1nea, nos negamos a verlo como una bebida alcoh\u00f3lica. Pedimos que se unifique el criterio, porque son decisiones que est\u00e1n tomando los intendentes y que est\u00e1n yendo contra la legislaci\u00f3n<\/em>\u201d. Y explic\u00f3:  \u00ab<em>El hecho de que bares y restaurantes est\u00e9n cerrados hace que perdamos una parte importante de la distribuci\u00f3n de la industria, pero es inevitable que as\u00ed sea, la salud est\u00e1 primero. L\u00f3gicamente, toda la industria de ve afectada y por eso elevamos una serie de pedidos apuntados a lo que la vitivinicultura necesita para paliar en parte estas p\u00e9rdidas<\/em>\u201d.  <\/p>\n\n\n\n<div style=\"height:20px\" aria-hidden=\"true\" class=\"wp-block-spacer\"><\/div>\n\n\n\n<div class=\"wp-block-image\"><figure class=\"alignleft size-large is-resized\"><img loading=\"lazy\" decoding=\"async\" src=\"https:\/\/enolife.com.ar\/es\/wp-content\/uploads\/2020\/04\/image-1.png\" alt=\"\" class=\"wp-image-10907\" width=\"144\" height=\"117\"\/><\/figure><\/div>\n\n\n\n<p><strong>Francisco Do Pico<\/strong>, vicepresidente de Bodegas de Argentina e integrante del Consejo Directivo de la Uni\u00f3n Industrial Argentina, dijo: \u00ab<em>Nosotros, como c\u00e1mara empresarial (en referencia a Bodegas), le hemos enviado una nota al ministro de Desarrollo Productivo, Mat\u00edas Kulfas, por este tema, para que hable el gobierno nacional con las provincias, para levantar estas restricciones. Es un tema que afecta a la industria en su totalidad, y esperamos que estos municipios que han puesto estas restricciones las levanten a la mayor brevedad posible, especialmente en aquellas provincias vitivin\u00edcolas como Salta, Neuqu\u00e9n, La Rioja, Catamarca, incluso C\u00f3rdoba<\/em>\u00ab.<\/p>\n\n\n\n<div style=\"height:20px\" aria-hidden=\"true\" class=\"wp-block-spacer\"><\/div>\n\n\n\n<div class=\"wp-block-image\"><figure class=\"alignleft size-large is-resized\"><img loading=\"lazy\" decoding=\"async\" src=\"https:\/\/enolife.com.ar\/es\/wp-content\/uploads\/2020\/04\/patricia-ortiz-1024x682.jpg\" alt=\"\" class=\"wp-image-10906\" width=\"148\" height=\"99\" srcset=\"https:\/\/enolife.com.ar\/es\/wp-content\/uploads\/2020\/04\/patricia-ortiz-1024x682.jpg 1024w, https:\/\/enolife.com.ar\/es\/wp-content\/uploads\/2020\/04\/patricia-ortiz-300x200.jpg 300w, https:\/\/enolife.com.ar\/es\/wp-content\/uploads\/2020\/04\/patricia-ortiz-768x512.jpg 768w, https:\/\/enolife.com.ar\/es\/wp-content\/uploads\/2020\/04\/patricia-ortiz-1536x1024.jpg 1536w, https:\/\/enolife.com.ar\/es\/wp-content\/uploads\/2020\/04\/patricia-ortiz-1170x780.jpg 1170w, https:\/\/enolife.com.ar\/es\/wp-content\/uploads\/2020\/04\/patricia-ortiz-780x516.jpg 780w, https:\/\/enolife.com.ar\/es\/wp-content\/uploads\/2020\/04\/patricia-ortiz-585x390.jpg 585w, https:\/\/enolife.com.ar\/es\/wp-content\/uploads\/2020\/04\/patricia-ortiz.jpg 2000w\" sizes=\"auto, (max-width: 148px) 100vw, 148px\" \/><\/figure><\/div>\n\n\n\n<p><strong>Patricia Ortiz<\/strong>, presidenta de Bodegas de Argentina y titular de Fincas Patag\u00f3nicas y Bodega Tapiz, relat\u00f3: \u201c<em>Estuve en contacto con el presidente de la C\u00e1mara de Vinotecas, ellos tambi\u00e9n est\u00e1n muy preocupados.&nbsp;Muchas bodegas, sobre todo las que no tienen venta en supermercados, est\u00e1n sufriendo los efectos del cierre del turismo y de las vinotecas\u00bb. <\/em>Y tras aceptar que e<strong>n cuarentena puede aumentar el consumo de alcohol, pero que en el caso de los vinos se trata de un consumo medido y en combinaci\u00f3n con las comidas, agreg\u00f3:<\/strong><em>&nbsp;\u201cSe toma m\u00e1s vino porque la gente come en su casa y puede almorzar con una copa\u201d.<\/em><\/p>\n\n\n\n<div style=\"height:20px\" aria-hidden=\"true\" class=\"wp-block-spacer\"><\/div>\n\n\n\n<div class=\"wp-block-image\"><figure class=\"alignleft size-large is-resized\"><img loading=\"lazy\" decoding=\"async\" src=\"https:\/\/enolife.com.ar\/es\/wp-content\/uploads\/2020\/03\/gabriel-fidel.jpg\" alt=\"\" class=\"wp-image-9601\" width=\"152\" height=\"152\" srcset=\"https:\/\/enolife.com.ar\/es\/wp-content\/uploads\/2020\/03\/gabriel-fidel.jpg 400w, https:\/\/enolife.com.ar\/es\/wp-content\/uploads\/2020\/03\/gabriel-fidel-300x300.jpg 300w, https:\/\/enolife.com.ar\/es\/wp-content\/uploads\/2020\/03\/gabriel-fidel-150x150.jpg 150w\" sizes=\"auto, (max-width: 152px) 100vw, 152px\" \/><\/figure><\/div>\n\n\n\n<p><strong>Gabriel Fidel<\/strong>, economista, docente universitaria, parlamentario del Mercosur y referente en enoturismo, opin\u00f3 a trav\u00e9s de la red social Twitter: \u00ab<em>En 9 provincias prohiben la venta de bebidas alcoh\u00f3licas, una decisi\u00f3n que afecta a la industria vitivin\u00edcola y llevar\u00eda al cierre de muchas pymes. La emergencia no debe llevar a decisiones irracionales. El vino es parte del consumo familiar y es la bebida nacional<\/em>\u00ab. <\/p>\n\n\n\n<div style=\"height:20px\" aria-hidden=\"true\" class=\"wp-block-spacer\"><\/div>\n\n\n\n<div class=\"wp-block-image\"><figure class=\"alignleft size-large is-resized\"><img loading=\"lazy\" decoding=\"async\" src=\"https:\/\/enolife.com.ar\/es\/wp-content\/uploads\/2020\/03\/image-15.png\" alt=\"\" class=\"wp-image-9152\" width=\"143\" height=\"133\" srcset=\"https:\/\/enolife.com.ar\/es\/wp-content\/uploads\/2020\/03\/image-15.png 602w, https:\/\/enolife.com.ar\/es\/wp-content\/uploads\/2020\/03\/image-15-300x280.png 300w, https:\/\/enolife.com.ar\/es\/wp-content\/uploads\/2020\/03\/image-15-585x545.png 585w\" sizes=\"auto, (max-width: 143px) 100vw, 143px\" \/><\/figure><\/div>\n\n\n\n<p><strong>El Centro de Vi\u00f1ateros y Bodegueros del Este<\/strong>, entidad fundada en 1942 en San Mart\u00edn, Mendoza, que re\u00fane a m\u00e1s de 200 establecimientos y productores de la zona, tambi\u00e9n a trav\u00e9s de Twitter, critic\u00f3 con iron\u00eda: \u00abProhibici\u00f3n de venta de vinos: intendentes de prodigiosas inteligencias lo vinculan con la celebraci\u00f3n de cumplea\u00f1os o reuniones. Sugerimos reforzar tan luminosa decisi\u00f3n prohibiendo la venta de alimentos en general\u00bb. Cabe mencionar que esta instituci\u00f3n, al igual que Coviar y Bodegas, elevaron una queja formal al gobierno, solicitando \u00abque la Naci\u00f3n interceda ante estas provincias a trav\u00e9s de las gobernaciones, y las gobernaciones antes esos municipios, tratando de dar un orden a todo esto\u00bb, seg\u00fan manifest\u00f3 a Enolife <strong>Mauro Sosa<\/strong> (foto), director ejecutivo del Centro de Vi\u00f1ateros y Bodegueros del Este.<\/p>\n\n\n\n<p> Hasta \u00faltima hora del d\u00eda de ayer, jueves 9 de abril, las instituciones vitivin\u00edcolas mencionadas en esta nota aguardaban respuestas de los organismos de gobierno ante los cuales plantearon el problema.<\/p>\n\n\n\n<div style=\"height:20px\" aria-hidden=\"true\" class=\"wp-block-spacer\"><\/div>\n","protected":false},"excerpt":{"rendered":"<p>Con el disparatado argumento de que \u00abel vino favorece las reuniones sociales y los cumplea\u00f1os\u00bb&hellip;<\/p>\n","protected":false},"author":3,"featured_media":10905,"comment_status":"open","ping_status":"open","sticky":false,"template":"","format":"standard","meta":{"footnotes":""},"categories":[14],"tags":[],"class_list":["post-10842","post","type-post","status-publish","format-standard","has-post-thumbnail","hentry","category-news"],"_links":{"self":[{"href":"https:\/\/enolife.com.ar\/es\/wp-json\/wp\/v2\/posts\/10842","targetHints":{"allow":["GET"]}}],"collection":[{"href":"https:\/\/enolife.com.ar\/es\/wp-json\/wp\/v2\/posts"}],"about":[{"href":"https:\/\/enolife.com.ar\/es\/wp-json\/wp\/v2\/types\/post"}],"author":[{"embeddable":true,"href":"https:\/\/enolife.com.ar\/es\/wp-json\/wp\/v2\/users\/3"}],"replies":[{"embeddable":true,"href":"https:\/\/enolife.com.ar\/es\/wp-json\/wp\/v2\/comments?post=10842"}],"version-history":[{"count":0,"href":"https:\/\/enolife.com.ar\/es\/wp-json\/wp\/v2\/posts\/10842\/revisions"}],"wp:featuredmedia":[{"embeddable":true,"href":"https:\/\/enolife.com.ar\/es\/wp-json\/wp\/v2\/media\/10905"}],"wp:attachment":[{"href":"https:\/\/enolife.com.ar\/es\/wp-json\/wp\/v2\/media?parent=10842"}],"wp:term":[{"taxonomy":"category","embeddable":true,"href":"https:\/\/enolife.com.ar\/es\/wp-json\/wp\/v2\/categories?post=10842"},{"taxonomy":"post_tag","embeddable":true,"href":"https:\/\/enolife.com.ar\/es\/wp-json\/wp\/v2\/tags?post=10842"}],"curies":[{"name":"wp","href":"https:\/\/api.w.org\/{rel}","templated":true}]}}