{"id":10816,"date":"2020-04-20T17:06:28","date_gmt":"2020-04-20T17:06:28","guid":{"rendered":"http:\/\/enolife.com.ar\/es\/?p=10816"},"modified":"2020-04-22T16:59:02","modified_gmt":"2020-04-22T16:59:02","slug":"el-vino-y-las-plagas-en-edgar-allan-poe","status":"publish","type":"post","link":"https:\/\/enolife.com.ar\/es\/el-vino-y-las-plagas-en-edgar-allan-poe\/","title":{"rendered":"El vino y las plagas en Edgar Allan Poe"},"content":{"rendered":"\n<h4 class=\"wp-block-heading\"><em><strong>El escritor y periodista gallego Luis Congil, colaborador de la prestigiosa revista digital sobre vitivinicultura vinetur.com, rese\u00f1a en este art\u00edculo -que compartimos con los lectores de Enolife- la presencia del vino en los relatos del genial narrador estadounidense (1809-1849). De paso, signado por estos tiempos, establece v\u00ednculos entre las menciones a nuestra bebida y las \u00abpestes\u00bb de aquella \u00e9poca. Los caminos del vino y la literatura nos conducen tambi\u00e9n hasta \u00abLa peste\u00bb, del franc\u00e9s Albert Camus, otra lectura recomendada.<\/strong><\/em><\/h4>\n\n\n\n<div style=\"height:20px\" aria-hidden=\"true\" class=\"wp-block-spacer\"><\/div>\n\n\n\n<p><strong>Por Luis Congil<\/strong><\/p>\n\n\n\n<div style=\"height:20px\" aria-hidden=\"true\" class=\"wp-block-spacer\"><\/div>\n\n\n\n<p>\u00abHab\u00eda bufones, improvisadores, danzarines, m\u00fasicos, lo bello en todas sus formas, y hab\u00eda vino. En el interior exist\u00eda todo esto, adem\u00e1s de la seguridad. Afuera, la &#8216;<strong>Muerte Roja<\/strong>&#8216;\u00bb. As\u00ed comienza en 1842 <strong>Edgar&nbsp; Allan Poe <\/strong>su magistral relato sobre la peste, identificando al vino con la atm\u00f3sfera exquisita con que el pr\u00edncipe <strong>Pr\u00f3spero<\/strong> hab\u00eda dise\u00f1ado su refugio se\u00f1orial, haciendo acopio de &nbsp;\u00ablo bello en todas sus formas\u00bb, para luego soldar puertas y ventanas. Desde la lareira del <strong>Museo do Vi\u00f1o de Galicia<\/strong> vamos a leer para ustedes, en clave enol\u00f3gica, esta joya de la narraci\u00f3n &nbsp;g\u00f3tica.<\/p>\n\n\n\n<p>No es de extra\u00f1ar que el pr\u00edncipe Pr\u00f3spero se abasteciera bien de vino para aliviar su confinamiento. En el universo atormentado y depresivo de Poe, el vino representaba la exquisitez europea en la Norteam\u00e9rica provinciana de mediados del siglo XIX, anglosajona hasta la m\u00e9dula, y por lo tanto sumergida en la cultura de la cerveza y los destilados de grano. Poco antes, <strong>Thomas Jefferson<\/strong>, &nbsp;tercer presidente de los Estados Unidos, &nbsp;hab\u00eda intentado aclimatar variedades de vid europeas en su finca de <strong>Monticello (Virginia)<\/strong> y los vinos representaban en aquella sociedad del colt 45 el buen gusto y la evasi\u00f3n elegante.<\/p>\n\n\n\n<div style=\"height:20px\" aria-hidden=\"true\" class=\"wp-block-spacer\"><\/div>\n\n\n\n<figure class=\"wp-block-image size-large\"><img loading=\"lazy\" decoding=\"async\" width=\"1024\" height=\"707\" src=\"https:\/\/enolife.com.ar\/es\/wp-content\/uploads\/2020\/04\/edgard-alan-poe-1024x707.jpg\" alt=\"\" class=\"wp-image-11337\" srcset=\"https:\/\/enolife.com.ar\/es\/wp-content\/uploads\/2020\/04\/edgard-alan-poe-1024x707.jpg 1024w, https:\/\/enolife.com.ar\/es\/wp-content\/uploads\/2020\/04\/edgard-alan-poe-300x207.jpg 300w, https:\/\/enolife.com.ar\/es\/wp-content\/uploads\/2020\/04\/edgard-alan-poe-768x531.jpg 768w, https:\/\/enolife.com.ar\/es\/wp-content\/uploads\/2020\/04\/edgard-alan-poe-1170x808.jpg 1170w, https:\/\/enolife.com.ar\/es\/wp-content\/uploads\/2020\/04\/edgard-alan-poe-585x404.jpg 585w, https:\/\/enolife.com.ar\/es\/wp-content\/uploads\/2020\/04\/edgard-alan-poe.jpg 1200w\" sizes=\"auto, (max-width: 1024px) 100vw, 1024px\" \/><figcaption><em><strong>Edgar Allan Poe<\/strong><\/em><\/figcaption><\/figure>\n\n\n\n<div style=\"height:20px\" aria-hidden=\"true\" class=\"wp-block-spacer\"><\/div>\n\n\n\n<p>Y precisamente la evasi\u00f3n es lo que representa el vino en \u00ab<strong>La m\u00e1scara de la muerte roja<\/strong>\u00ab, la narraci\u00f3n breve de Poe que quiz\u00e1 mejor encarna el terror ciego e irracional hacia la muerte, hacia lo inexorable y lo desconocido representado por la peste. Miles de p\u00e1ginas y kil\u00f3metros de celuloide han sido inspirados por el estilo g\u00f3tico de este cuento en el que, encerrados a cal y canto en un palacio italiano durante la peste, los nobles amigos de Pr\u00f3spero ven como la propia muerte en persona es lo \u00fanico que puede vulnerar su confinamiento autoimpuesto entre el lujo, el vino y todos los placeres imaginables.<\/p>\n\n\n\n<p>Es por ello que, aunque s\u00f3lo se menciona en esa frase inicial, el vino estar\u00e1 siempre presente en el relato ya que se evoca al recalcar Poe que &nbsp;\u00abla abad\u00eda fue abastecida copiosamente\u00bb de todo lo necesario para el placer durante los meses de encierro.<\/p>\n\n\n\n<p>Otra menci\u00f3n indirecta es la descripci\u00f3n crom\u00e1tica de las met\u00e1foras con que Poe pinta la atm\u00f3sfera de la peste escarlata, que constitiyen una valiosa lecci\u00f3n a seguir en cualquier sesi\u00f3n de cata: &nbsp;la atm\u00f3sfera escarlata y roja &#8211; cual caldo de <strong>Burdeos<\/strong>&#8211; &nbsp;est\u00e1 presente en las figuras literarias con que Poe quiere barnizar a la muerte. As\u00ed \u00ablos ventanales eran escarlata, de un intenso color de sangre\u00bb, toda luz tiene toques bermejos y, finalmente, van &nbsp;cayendo los alegres libertinos \u00abpor las salas de la org\u00eda, inundados de un roc\u00edo sangriento\u00bb.<\/p>\n\n\n\n<p>Y si este relato de \u00abLa m\u00e1scara de la muerte roja\u00bb es una magn\u00edfica herramienta para inspirar la descripci\u00f3n de la fase visual de un tinto, menci\u00f3n aparte merece otro relato de Poe, \u00abEl barril de amontillado\u00bb. &nbsp;Aunque no alude concretamente a una peste, tambi\u00e9n parte de una mascarada para describir un tr\u00e1gico y truculento suceso iniciado durante el carnaval italiano, y esta vez s\u00ed con el vino como protagonista estrella. Y con un vino espa\u00f1ol.<\/p>\n\n\n\n<div style=\"height:20px\" aria-hidden=\"true\" class=\"wp-block-spacer\"><\/div>\n\n\n\n<p class=\"has-medium-font-size\"><strong>El barril de amontillado<\/strong><\/p>\n\n\n\n<p>Escrito en la etapa final de Poe, su publicaci\u00f3n fue tres a\u00f1os anterior a la epidemia de c\u00f3lera que asol\u00f3 Or\u00e1n en 1849, y que inspir\u00f3 a Albert Camus su obra \u00abLa peste\u00bb. Se\u00f1alado por muchos como el inicio del g\u00e9nero del <em>suspense<\/em>, este cuento es un delirio claustrof\u00f3bico sobre el escenario de una venganza, en que el cebo para la v\u00edctima, Fortunato, es un barril de vino amontillado que pretende mostrarle Montresor en el rinc\u00f3n m\u00e1s oculto de una bodega.<\/p>\n\n\n\n<div style=\"height:20px\" aria-hidden=\"true\" class=\"wp-block-spacer\"><\/div>\n\n\n\n<figure class=\"wp-block-image size-large\"><img loading=\"lazy\" decoding=\"async\" width=\"1024\" height=\"576\" src=\"https:\/\/enolife.com.ar\/es\/wp-content\/uploads\/2020\/04\/maxresdefault-1024x576.jpg\" alt=\"\" class=\"wp-image-11333\" srcset=\"https:\/\/enolife.com.ar\/es\/wp-content\/uploads\/2020\/04\/maxresdefault-1024x576.jpg 1024w, https:\/\/enolife.com.ar\/es\/wp-content\/uploads\/2020\/04\/maxresdefault-300x169.jpg 300w, https:\/\/enolife.com.ar\/es\/wp-content\/uploads\/2020\/04\/maxresdefault-768x432.jpg 768w, https:\/\/enolife.com.ar\/es\/wp-content\/uploads\/2020\/04\/maxresdefault-1170x658.jpg 1170w, https:\/\/enolife.com.ar\/es\/wp-content\/uploads\/2020\/04\/maxresdefault-585x329.jpg 585w, https:\/\/enolife.com.ar\/es\/wp-content\/uploads\/2020\/04\/maxresdefault.jpg 1280w\" sizes=\"auto, (max-width: 1024px) 100vw, 1024px\" \/><\/figure>\n\n\n\n<div style=\"height:20px\" aria-hidden=\"true\" class=\"wp-block-spacer\"><\/div>\n\n\n\n<p>El inter\u00e9s y la pretendida erudici\u00f3n como catador de Fortunato son el desencadenante de la acci\u00f3n.&nbsp; \u00abSe enorgullec\u00eda siempre de ser un entendido en vinos. Pocos italianos tienen el verdadero talento de los catadores. En la mayor\u00eda, su entusiasmo se adapta con frecuencia a lo que el tiempo y la ocasi\u00f3n requieren, con objeto de dedicarse a enga\u00f1ar a los &#8216;millionaires\u00b4 ingleses y austr\u00edacos\u00bb. &nbsp;Con esta afirmaci\u00f3n, indirectamente, Poe nos deja constancia de la importancia que los mercados centroeuropeos siempre tuvieron para las exportaciones de vino del sur del continente.<\/p>\n\n\n\n<p>Este desprecio con que Fortunato es descrito por Montresor, v\u00edctima de una pasada humillaci\u00f3n, no augura nada bueno sobre sus intenciones. Pese a que \u00aben cuanto a vinos a\u00f1ejos, era sincero\u00bb, dice Montresor, &nbsp;\u00abtambi\u00e9n yo era muy experto en lo que se refiere a vinos italianos, y siempre que se me presentaba ocasi\u00f3n compraba gran cantidad de \u00e9stos.\u00bb<\/p>\n\n\n\n<div style=\"height:20px\" aria-hidden=\"true\" class=\"wp-block-spacer\"><\/div>\n\n\n\n<figure class=\"wp-block-gallery columns-3 is-cropped wp-block-gallery-1 is-layout-flex wp-block-gallery-is-layout-flex\"><ul class=\"blocks-gallery-grid\"><li class=\"blocks-gallery-item\"><figure><img loading=\"lazy\" decoding=\"async\" width=\"889\" height=\"801\" src=\"https:\/\/enolife.com.ar\/es\/wp-content\/uploads\/2020\/04\/amontillado_ret_1.jpg\" alt=\"\" data-id=\"11334\" data-link=\"https:\/\/enolife.com.ar\/es\/?attachment_id=11334\" class=\"wp-image-11334\" srcset=\"https:\/\/enolife.com.ar\/es\/wp-content\/uploads\/2020\/04\/amontillado_ret_1.jpg 889w, https:\/\/enolife.com.ar\/es\/wp-content\/uploads\/2020\/04\/amontillado_ret_1-300x270.jpg 300w, https:\/\/enolife.com.ar\/es\/wp-content\/uploads\/2020\/04\/amontillado_ret_1-768x692.jpg 768w, https:\/\/enolife.com.ar\/es\/wp-content\/uploads\/2020\/04\/amontillado_ret_1-585x527.jpg 585w\" sizes=\"auto, (max-width: 889px) 100vw, 889px\" \/><\/figure><\/li><li class=\"blocks-gallery-item\"><figure><img loading=\"lazy\" decoding=\"async\" width=\"326\" height=\"253\" src=\"https:\/\/enolife.com.ar\/es\/wp-content\/uploads\/2020\/04\/ea14faaaf08b3091696140aaf94256d8.jpg\" alt=\"\" data-id=\"11336\" data-full-url=\"https:\/\/enolife.com.ar\/es\/wp-content\/uploads\/2020\/04\/ea14faaaf08b3091696140aaf94256d8.jpg\" data-link=\"https:\/\/enolife.com.ar\/es\/?attachment_id=11336\" class=\"wp-image-11336\" srcset=\"https:\/\/enolife.com.ar\/es\/wp-content\/uploads\/2020\/04\/ea14faaaf08b3091696140aaf94256d8.jpg 326w, https:\/\/enolife.com.ar\/es\/wp-content\/uploads\/2020\/04\/ea14faaaf08b3091696140aaf94256d8-300x233.jpg 300w\" sizes=\"auto, (max-width: 326px) 100vw, 326px\" \/><\/figure><\/li><li class=\"blocks-gallery-item\"><figure><img loading=\"lazy\" decoding=\"async\" width=\"222\" height=\"227\" src=\"https:\/\/enolife.com.ar\/es\/wp-content\/uploads\/2020\/04\/otra-serie.jpg\" alt=\"\" data-id=\"11335\" data-link=\"https:\/\/enolife.com.ar\/es\/?attachment_id=11335\" class=\"wp-image-11335\"\/><\/figure><\/li><\/ul><\/figure>\n\n\n\n<div style=\"height:20px\" aria-hidden=\"true\" class=\"wp-block-spacer\"><\/div>\n\n\n\n<p>El nudo del relato es el viaje por las catacumbas del <em>palazzo<\/em> de Montresor con destino a la cata del amontillado. La acci\u00f3n contin\u00faa con acentuada claustrofobia hasta el explosivo final -agobiante final- y es una lectura muy aconsejable para degustar acompa\u00f1ada de cualquier vino generoso, especialmente, por supuesto, un vino amontillado, que nos alivie la tensi\u00f3n del <em>suspense<\/em>. Y es muy recomendable tambi\u00e9n, para apreciar las sutiles diferencias narrativas, &nbsp;el visionado de la versi\u00f3n que el genial director espa\u00f1ol <strong>Narciso Ib\u00e1\u00f1ez Serrador<\/strong> realiz\u00f3 para&nbsp; televisi\u00f3n bajo el t\u00edtulo \u00abEl tonel\u00bb en \u00abHistorias para no dormir\u00bb, de&nbsp;la Televisi\u00f3n Espa\u00f1ola (TVE).<\/p>\n\n\n\n<div style=\"height:54px\" aria-hidden=\"true\" class=\"wp-block-spacer\"><\/div>\n\n\n\n<figure class=\"wp-block-embed-youtube wp-block-embed is-type-video is-provider-youtube wp-embed-aspect-4-3 wp-has-aspect-ratio\"><div class=\"wp-block-embed__wrapper\">\n<iframe loading=\"lazy\" title=\"Historias para no dormir - EL TONEL\" width=\"1170\" height=\"878\" src=\"https:\/\/www.youtube.com\/embed\/X951Ln4Dffk?feature=oembed\" frameborder=\"0\" allow=\"accelerometer; autoplay; encrypted-media; gyroscope; picture-in-picture\" allowfullscreen><\/iframe>\n<\/div><\/figure>\n\n\n\n<div style=\"height:47px\" aria-hidden=\"true\" class=\"wp-block-spacer\"><\/div>\n\n\n\n<p class=\"has-background has-luminous-vivid-amber-background-color\"><strong>Qu\u00e9 es el vino amontillado<\/strong><br><br>El <strong>amontillado<\/strong> es un vino de la zona de <strong>Jerez<\/strong> que se hizo muy famoso en Europa desde la edad moderna, elaborado con uva palomino bajo un velo de flor y con distintos grados de encabezamiento. Es un vino contundente y goloso, muy apto para aguantar el accidentado transporte durante la era preindustrial, y que alcanz\u00f3 gran n\u00famero de seguidores en la<strong> Inglaterra<\/strong> victoriana. Por su profundidad y redondez, pat\u00e9s, quesos fuertes y carnes figuran entre sus recomendaciones de maridaje.<\/p>\n\n\n\n<div style=\"height:20px\" aria-hidden=\"true\" class=\"wp-block-spacer\"><\/div>\n\n\n\n<p>La uva palomino procedente de Jerez tuvo un gran predicamento en Galicia desde mediados del siglo XX, en la producci\u00f3n de blancos del Ribeiro, donde compiti\u00f3 y comi\u00f3 terreno a las aut\u00f3ctonas treixadura, lado y torront\u00e9s. Con este equilibrio hoy restablecido, la palomino ha dejado su huella en la historia de los vinos gallegos, y est\u00e1 reconocida en los reglamentos de la DO Ribeiro. Una uva presente as\u00ed de norte a sur de la Pen\u00ednsula Ib\u00e9rica, desde Jerez a Galicia, y de este a oeste del mundo, desde Italia a Baltimore, &nbsp;al menos en la torturada y f\u00e9rtil imaginaci\u00f3n de Edgar Allan Poe.<\/p>\n\n\n\n<div style=\"height:20px\" aria-hidden=\"true\" class=\"wp-block-spacer\"><\/div>\n\n\n\n<p class=\"has-small-font-size\"><em><strong>Fuente: Vinetur<\/strong><\/em><\/p>\n\n\n\n<div style=\"height:21px\" aria-hidden=\"true\" class=\"wp-block-spacer\"><\/div>\n","protected":false},"excerpt":{"rendered":"<p>El escritor y periodista gallego Luis Congil, colaborador de la prestigiosa revista digital sobre vitivinicultura&hellip;<\/p>\n","protected":false},"author":3,"featured_media":11340,"comment_status":"open","ping_status":"open","sticky":false,"template":"","format":"standard","meta":{"footnotes":""},"categories":[34],"tags":[],"class_list":["post-10816","post","type-post","status-publish","format-standard","has-post-thumbnail","hentry","category-cultura1"],"_links":{"self":[{"href":"https:\/\/enolife.com.ar\/es\/wp-json\/wp\/v2\/posts\/10816","targetHints":{"allow":["GET"]}}],"collection":[{"href":"https:\/\/enolife.com.ar\/es\/wp-json\/wp\/v2\/posts"}],"about":[{"href":"https:\/\/enolife.com.ar\/es\/wp-json\/wp\/v2\/types\/post"}],"author":[{"embeddable":true,"href":"https:\/\/enolife.com.ar\/es\/wp-json\/wp\/v2\/users\/3"}],"replies":[{"embeddable":true,"href":"https:\/\/enolife.com.ar\/es\/wp-json\/wp\/v2\/comments?post=10816"}],"version-history":[{"count":0,"href":"https:\/\/enolife.com.ar\/es\/wp-json\/wp\/v2\/posts\/10816\/revisions"}],"wp:featuredmedia":[{"embeddable":true,"href":"https:\/\/enolife.com.ar\/es\/wp-json\/wp\/v2\/media\/11340"}],"wp:attachment":[{"href":"https:\/\/enolife.com.ar\/es\/wp-json\/wp\/v2\/media?parent=10816"}],"wp:term":[{"taxonomy":"category","embeddable":true,"href":"https:\/\/enolife.com.ar\/es\/wp-json\/wp\/v2\/categories?post=10816"},{"taxonomy":"post_tag","embeddable":true,"href":"https:\/\/enolife.com.ar\/es\/wp-json\/wp\/v2\/tags?post=10816"}],"curies":[{"name":"wp","href":"https:\/\/api.w.org\/{rel}","templated":true}]}}