{"id":108109,"date":"2023-12-19T23:50:36","date_gmt":"2023-12-19T23:50:36","guid":{"rendered":"https:\/\/enolife.com.ar\/es\/?p=108109"},"modified":"2023-12-21T12:23:56","modified_gmt":"2023-12-21T12:23:56","slug":"mendoza-pidio-otra-vez-al-gobierno-nacional-que-los-derechos-de-exportacion-del-vino-sigan-en-el-0","status":"publish","type":"post","link":"https:\/\/enolife.com.ar\/es\/mendoza-pidio-otra-vez-al-gobierno-nacional-que-los-derechos-de-exportacion-del-vino-sigan-en-el-0\/","title":{"rendered":"Mendoza pidi\u00f3 otra vez al gobierno nacional que los derechos de exportaci\u00f3n del vino sigan en el 0%"},"content":{"rendered":"\n<h4 class=\"wp-block-heading\"><em><strong>Actualmente, por un decreto del anterior gobierno nacional, la vitivinicultura no paga retenciones por la exportaci\u00f3n. Apenas asumida la actual administraci\u00f3n, se present\u00f3 un proyecto que elevar\u00eda ese porcentaje al 15%, aunque luego se lo baj\u00f3 al 8%. El sector, a trav\u00e9s de distintas voces privadas y actores p\u00fablicos, sali\u00f3 a reclamar el 0%. Y hoy, 19\/12, a trav\u00e9s del ministro de Producci\u00f3n de Mendoza, Rodolfo Vargas Arizu, se oficializ\u00f3 ese pedido a la Naci\u00f3n mediante una carta que a continuaci\u00f3n reproducimos. Seg\u00fan advirti\u00f3 el funcionario local, si se concreta el 8% \u00abhabr\u00e1 menos exportaciones y se acumular\u00e1 un excedente v\u00ednicos ante la recesi\u00f3n, se producir\u00e1 un proceso de&nbsp;contracci\u00f3n de ventas que derivar\u00e1&nbsp;en acumulaci\u00f3n de stocks y la disminuci\u00f3n de precios pagados a productores y elaboradores, en definitiva,&nbsp;mayor nivel de pobreza y exclusi\u00f3n\u00bb.<\/strong><\/em><\/h4>\n\n\n\n<div style=\"height:35px\" aria-hidden=\"true\" class=\"wp-block-spacer\"><\/div>\n\n\n<a href=\"https:\/\/jmzeballos.com\/\" aria-label=\"PUBLICIDAD ENOLIFE 2023_\u00c1NFORAS 1700 x 500\"><img loading=\"lazy\" decoding=\"async\" src=\"https:\/\/enolife.com.ar\/es\/wp-content\/uploads\/2020\/12\/PUBLICIDAD-ENOLIFE-2023_ANFORAS-1700-x-500.jpg\" alt=\"\"  srcset=\"https:\/\/enolife.com.ar\/es\/wp-content\/uploads\/2020\/12\/PUBLICIDAD-ENOLIFE-2023_ANFORAS-1700-x-500.jpg 1700w, https:\/\/enolife.com.ar\/es\/wp-content\/uploads\/2020\/12\/PUBLICIDAD-ENOLIFE-2023_ANFORAS-1700-x-500-300x88.jpg 300w, https:\/\/enolife.com.ar\/es\/wp-content\/uploads\/2020\/12\/PUBLICIDAD-ENOLIFE-2023_ANFORAS-1700-x-500-1024x301.jpg 1024w, https:\/\/enolife.com.ar\/es\/wp-content\/uploads\/2020\/12\/PUBLICIDAD-ENOLIFE-2023_ANFORAS-1700-x-500-768x226.jpg 768w, https:\/\/enolife.com.ar\/es\/wp-content\/uploads\/2020\/12\/PUBLICIDAD-ENOLIFE-2023_ANFORAS-1700-x-500-1536x452.jpg 1536w, https:\/\/enolife.com.ar\/es\/wp-content\/uploads\/2020\/12\/PUBLICIDAD-ENOLIFE-2023_ANFORAS-1700-x-500-1170x344.jpg 1170w, https:\/\/enolife.com.ar\/es\/wp-content\/uploads\/2020\/12\/PUBLICIDAD-ENOLIFE-2023_ANFORAS-1700-x-500-585x172.jpg 585w\" sizes=\"auto, (max-width: 1700px) 100vw, 1700px\" width=\"1700\" height=\"500\"   \/><\/a>\n\n\n<div style=\"height:45px\" aria-hidden=\"true\" class=\"wp-block-spacer\"><\/div>\n\n\n\n<p>Ante los cambios en el proyecto para modificar los derechos de exportaci\u00f3n para los sectores m\u00e1s sensibles de la agroindustria que dio a conocer el secretario de Agricultura de la Naci\u00f3n, <strong>Fernando Vilella<\/strong>, desde el Gobierno de Mendoza se considera que la exportaci\u00f3n libre es la \u00fanica salida para mantener la estructura productiva actual y evitar problemas de excedentes v\u00ednicos que repercutan en la rentabilidad y sostenibilidad del sector en su base primaria.<\/p>\n\n\n\n<p>En la carta enviada por el ministro de Producci\u00f3n de Mendoza, Rodolfo Vargas Arizu, al secretario Vilella, se consigna:&nbsp;\u00ab<em>Es imperioso que el equipo econ\u00f3mico del Poder Ejecutivo Nacional revea la situaci\u00f3n y establezca una al\u00edcuota para los derechos de exportaci\u00f3n de los productos vitivin\u00edcolas del cero por ciento<\/em>. <em>De lo contrario, subsumir\u00e1 a la vitivinicultura en un proceso de contracci\u00f3n en sus ventas totales, que derivar\u00e1 en acumulaci\u00f3n de stocks y a la disminuci\u00f3n de precios pagados a los productores y elaboradores. En definitiva, en mayor nivel de pobreza y exclusi\u00f3n en las provincias productoras.<\/em><\/p>\n\n\n\n<p>Y contin\u00faa: <em>\u00abEs importante destacar que las retenciones de 8% significan para el Estado nacional un ingreso de 60 millones de d\u00f3lares por a\u00f1o. Esto significa el 0,005% del gasto p\u00fablico de la Administraci\u00f3n Nacional. Es decir que, con la implementaci\u00f3n del 8%, no se alcanzar\u00eda una recaudaci\u00f3n significativa, por lo que el cero por ciento en la al\u00edcuota de los derechos de exportaci\u00f3n ser\u00eda la decisi\u00f3n correcta que se deber\u00eda implementar para el sector.<\/em><\/p>\n\n\n\n<p><em>\u00abEs importante destacar, adem\u00e1s, que las modificaciones introducidas por el Gobierno de Javier Milei en materia de tipo de cambio, tanto en lo que se refiere al valor del d\u00f3lar que recibir\u00e1n los exportadores como el valor que pagar\u00e1n los importadores, han mejorado la competitividad del sector vitivin\u00edcola en 20% aproximadamente.<\/em><\/p>\n\n\n\n<p><em>\u00abNo obstante, al ser un sector de alto valor agregado, seguramente, ir\u00e1 desmejorando la ganancia de competitividad en los pr\u00f3ximos meses. Una caja de vino que se exporta no solo contiene l\u00edquido (vino), sino botellas, c\u00e1psulas, tapones, etiquetas, contraetiquetas y cart\u00f3n, y se espera una evoluci\u00f3n de la inflaci\u00f3n en estos costos para el sector.<\/em><\/p>\n\n\n\n<p>\u00abEn este marco, consideramos que esta &#8216;licuaci\u00f3n&#8217; de la competitividad pasa a ser un tema crucial, dado que los productos vitivin\u00edcolas no se exportan de &#8216;la noche a la ma\u00f1ana&#8217;. El proceso exportador requiere tiempo y, en la mayor\u00eda de los casos, demanda entre 2 o 3 meses, desde que se recibe el inter\u00e9s por parte de un importador hasta que se concretan la venta y el cobro de la operaci\u00f3n.<\/p>\n\n\n\n<p><em>\u00abAdem\u00e1s<\/em> -concluye la carta-, <em>debemos agregar que la vitivinicultura argentina tiene concentrado 66% de las ventas de sus productos en el mercado interno y no cabe duda de que se ver\u00e1n afectadas por el proceso de estanflaci\u00f3n que augura el propio presidente Milei, ya que el vino no es un producto de m\u00e1xima necesidad para nuestros compatriotas.\u00bb<\/em><\/p>\n\n\n\n<div style=\"height:30px\" aria-hidden=\"true\" class=\"wp-block-spacer\"><\/div>\n","protected":false},"excerpt":{"rendered":"<p>Actualmente, por un decreto del anterior gobierno nacional, la vitivinicultura no paga retenciones por la&hellip;<\/p>\n","protected":false},"author":3,"featured_media":108252,"comment_status":"open","ping_status":"open","sticky":false,"template":"","format":"standard","meta":{"footnotes":""},"categories":[14],"tags":[],"class_list":["post-108109","post","type-post","status-publish","format-standard","has-post-thumbnail","hentry","category-news"],"_links":{"self":[{"href":"https:\/\/enolife.com.ar\/es\/wp-json\/wp\/v2\/posts\/108109","targetHints":{"allow":["GET"]}}],"collection":[{"href":"https:\/\/enolife.com.ar\/es\/wp-json\/wp\/v2\/posts"}],"about":[{"href":"https:\/\/enolife.com.ar\/es\/wp-json\/wp\/v2\/types\/post"}],"author":[{"embeddable":true,"href":"https:\/\/enolife.com.ar\/es\/wp-json\/wp\/v2\/users\/3"}],"replies":[{"embeddable":true,"href":"https:\/\/enolife.com.ar\/es\/wp-json\/wp\/v2\/comments?post=108109"}],"version-history":[{"count":0,"href":"https:\/\/enolife.com.ar\/es\/wp-json\/wp\/v2\/posts\/108109\/revisions"}],"wp:featuredmedia":[{"embeddable":true,"href":"https:\/\/enolife.com.ar\/es\/wp-json\/wp\/v2\/media\/108252"}],"wp:attachment":[{"href":"https:\/\/enolife.com.ar\/es\/wp-json\/wp\/v2\/media?parent=108109"}],"wp:term":[{"taxonomy":"category","embeddable":true,"href":"https:\/\/enolife.com.ar\/es\/wp-json\/wp\/v2\/categories?post=108109"},{"taxonomy":"post_tag","embeddable":true,"href":"https:\/\/enolife.com.ar\/es\/wp-json\/wp\/v2\/tags?post=108109"}],"curies":[{"name":"wp","href":"https:\/\/api.w.org\/{rel}","templated":true}]}}