{"id":108000,"date":"2023-12-18T23:13:13","date_gmt":"2023-12-18T23:13:13","guid":{"rendered":"https:\/\/enolife.com.ar\/es\/?p=108000"},"modified":"2023-12-19T23:49:57","modified_gmt":"2023-12-19T23:49:57","slug":"marcha-atras-del-gobierno-en-lugar-del-15-de-retenciones-a-la-exportacion-de-vino-propone-el-8","status":"publish","type":"post","link":"https:\/\/enolife.com.ar\/es\/marcha-atras-del-gobierno-en-lugar-del-15-de-retenciones-a-la-exportacion-de-vino-propone-el-8\/","title":{"rendered":"Marcha atr\u00e1s del gobierno: en lugar del 15% de retenciones a la exportaci\u00f3n de vino propone el 8%"},"content":{"rendered":"\n<h4 class=\"wp-block-heading\"><em><strong>El Ministerio de Econom\u00eda de la nueva administraci\u00f3n del presidente Javier Milei dio marcha atr\u00e1s con la antes anunciada elevaci\u00f3n general de las retenciones a las exportaciones de un 15%, y en cambio redujo en distintas escalas ese impuesto a 18 complejos productivos de las econom\u00edas regionales. En caso de ser aprobado en el Congreso, la vitivinicultura deber\u00e1 aportar un 8%, mientras que se aumentar\u00e1n en 2 puntos porcentuales los derechos de los subproductos de la soja, cuyas retenciones llegar\u00e1n ahora al 33%. As\u00ed lo anunci\u00f3 hoy 18\/12\/23 a la tarde el secretario de Agricultura, Fernando Vilella.<\/strong><\/em><\/h4>\n\n\n\n<div style=\"height:35px\" aria-hidden=\"true\" class=\"wp-block-spacer\"><\/div>\n\n\n\n\n\n<div style=\"height:45px\" aria-hidden=\"true\" class=\"wp-block-spacer\"><\/div>\n\n\n\n<p><a href=\"javascript:void(0);\"><\/a>El secretario de la Agricultura (antes Bioeconom\u00eda) <strong>Fernando Vilella,<\/strong>&nbsp;anunci\u00f3 este lunes 18\/12\/23 que el Gobierno nacional no impulsar\u00e1 la suba de retenciones para 18 complejos de las econom\u00edas regionales, incluida la lecher\u00eda, y que buscar\u00e1 incrementar en dos puntos porcentuales&nbsp;<strong>hasta el 33% la al\u00edcuota<\/strong>&nbsp;de los subproductos de la soja a modo de compensaci\u00f3n por la resignaci\u00f3n de ingresos.<\/p>\n\n\n\n<div style=\"height:17px\" aria-hidden=\"true\" class=\"wp-block-spacer\"><\/div>\n\n\n\n<p class=\"has-background\" style=\"background-color:#00d18487\">En el proyecto que el Ministerio de Econom\u00eda enviar\u00e1 al Congreso<strong>&nbsp;para incrementar al 15% los derechos de exportaci\u00f3n&nbsp;<\/strong>del conjunto de los complejos exportadores del pa\u00eds no estar\u00e1n incluidas producciones como la <strong>oliv\u00edcola, arrocera, de cueros bovinos, l\u00e1ctea, frut\u00edcola -con excepci\u00f3n del lim\u00f3n-, hort\u00edcola, del poroto, papa, ajo, arvejas, garbanzos, lenteja, miel, az\u00facar, yerba mate, t\u00e9, equinos y lana.<\/strong><\/p>\n\n\n\n<div style=\"height:17px\" aria-hidden=\"true\" class=\"wp-block-spacer\"><\/div>\n\n\n\n<p>Adem\u00e1s,&nbsp;<strong>se llevar\u00e1 las retenciones del sector vitivin\u00edcola al 8%<\/strong>, mientras que la de subproductos de soja, como la harina y el aceite, igualar\u00e1 a la al\u00edcuota del poroto sin procesar.&nbsp;Asimismo, queda firme la decisi\u00f3n de aumentar la al\u00edcuota para ma\u00edz, trigo, girasol y carnes, entre otros complejos.<\/p>\n\n\n\n<p><em>\u00abLuego de un intenso trabajo en el Ministerio de Econom\u00eda, en conjunto con la Secretar\u00eda de Agricultura, hemos estado buscando un camino alternativo a la decisi\u00f3n que se hab\u00eda comunicado la semana pasada, en torno a los derechos de exportaci\u00f3n, b\u00e1sicamente centrados en las producciones regionales y los l\u00e1cteos\u00bb<\/em>, dijo Vilella en un mensaje grabado tras la reuni\u00f3n que mantuvo este lunes con representantes de la Mesa de Enlace y del Consejo Agroindustrial Argentino (CAA) y sus respectivos equipos t\u00e9cnicos en el Palacio de Hacienda.<\/p>\n\n\n\n<div style=\"height:30px\" aria-hidden=\"true\" class=\"wp-block-spacer\"><\/div>\n\n\n<div class=\"wp-block-image\">\n<figure class=\"aligncenter is-resized\"><a href=\"javascript:void(0);\"><img loading=\"lazy\" decoding=\"async\" src=\"https:\/\/www.telam.com.ar\/thumbs\/bluesteel\/advf\/imagenes\/2023\/12\/6570bb4b6a623_1200.jpg\" alt=\"Fernando Villela Foto Ral Ferrari\" width=\"694\" height=\"390\"\/><\/a><figcaption class=\"wp-element-caption\"><em><strong>Fernando Villela. Foto: Ra\u00fal Ferrari<\/strong><\/em><\/figcaption><\/figure><\/div>\n\n\n<div style=\"height:30px\" aria-hidden=\"true\" class=\"wp-block-spacer\"><\/div>\n\n\n\n<p>De esta manera,&nbsp;Vilella inform\u00f3 a trav\u00e9s de las redes sociales de la cartera de Bioeconom\u00eda<strong>&nbsp;<\/strong>sobre las <em>\u00abdiferencias en el proyecto que se va a elevar el Congreso\u00bb a dichas entidades, \u00aben el cual se aumenta la al\u00edcuota de los subproductos de la soja, como la harina y el aceite, para compensar en parte el costo que tendr\u00eda reducir a cero los sectores mencionados\u00bb.<\/em><\/p>\n\n\n\n<p><em>\u00abAs\u00ed estamos dando respuesta a una problem\u00e1tica que pod\u00eda tener impacto en el trabajo en distintos lugares de nuestro pa\u00eds y poder sostener la competitividad de los mismos. Creemos que es un paso adelante respecto a la semana anterior\u00bb<\/em>, concluy\u00f3 Vilella.<\/p>\n\n\n\n<div style=\"height:18px\" aria-hidden=\"true\" class=\"wp-block-spacer\"><\/div>\n\n\n\n<p class=\"has-medium-font-size\"><strong>Repercusiones<\/strong><\/p>\n\n\n\n<p>Al respecto,&nbsp;el presidente de la <strong>Sociedad Rural Argentina (SRA), Nicol\u00e1s Pino<\/strong>, coment\u00f3 que <em>\u00abluego de cuatro d\u00edas de trabajo, el proyecto de ley que enviar\u00edan al Congreso incluir\u00eda la excepci\u00f3n de este impuesto a una veintena de producciones y por pedido de las entidades, la revisi\u00f3n de otros m\u00e1s: el ma\u00edz pinsingallo, cerdo, el tabaco, la forestaci\u00f3n, el girasol, entre otros\u00bb.<\/em><\/p>\n\n\n\n<p><em>\u00abCelebramos que el di\u00e1logo con las nuevas autoridades econ\u00f3micas sea productivo, remarcando, como lo hicimos en la reuni\u00f3n de hoy, que las retenciones no son el camino que hay que recorrer\u00bb<\/em>, complet\u00f3.<\/p>\n\n\n\n<p>En tanto,&nbsp;desde el<strong> CAA<\/strong>, manifestaron que <em>\u00abm\u00e1s all\u00e1 de la comprensi\u00f3n por la delicada situaci\u00f3n de las cuentas p\u00fablicas reiteramos la necesidad de adoptar una pol\u00edtica exportadora que contemple un esquema impositivo que fomente la producci\u00f3n y el agregado de valor para lo cual es necesario desarrollar un cronograma de eliminaci\u00f3n de derechos de exportaci\u00f3n a los complejos oleaginosos y cerealeros, como as\u00ed tambi\u00e9n considerar la delicada situaci\u00f3n de las econom\u00edas regionales\u00bb.<\/em><\/p>\n\n\n\n<p>Por su parte, desde la<strong>&nbsp;C\u00e1mara de la Industria Aceitera y del Centro de Exportadores de Cereales (Ciara-CEC),<\/strong>&nbsp;criticaron la suba de retenciones a los subproductos de la soja, al considerarla que <em>\u00abes una muy mala noticia para la econom\u00eda del pa\u00eds\u00bb.<\/em><\/p>\n\n\n\n<p><em>\u00abLa principal industria exportadora se ver\u00e1 castigada por la suba de impuestos y eso va a limitar severamente el flujo de divisas y atentar\u00e1 contra el empleo industrial de la soja. La industria siempre pidi\u00f3 igualdad tributaria y esos dos puntos eran un reconocimiento de esa condici\u00f3n fiscal, que ahora el gobierno rompe\u00bb<\/em>, finalizaron las fuentes de la Ciara-CEC.<\/p>\n\n\n\n<div style=\"height:20px\" aria-hidden=\"true\" class=\"wp-block-spacer\"><\/div>\n\n\n\n<p class=\"has-small-font-size\"><em><strong>Fuente: Agencia T\u00e9lam<\/strong><\/em><\/p>\n\n\n\n<div style=\"height:24px\" aria-hidden=\"true\" class=\"wp-block-spacer\"><\/div>\n","protected":false},"excerpt":{"rendered":"<p>El Ministerio de Econom\u00eda de la nueva administraci\u00f3n del presidente Javier Milei dio marcha atr\u00e1s&hellip;<\/p>\n","protected":false},"author":3,"featured_media":108014,"comment_status":"open","ping_status":"open","sticky":false,"template":"","format":"standard","meta":{"footnotes":""},"categories":[14],"tags":[],"class_list":["post-108000","post","type-post","status-publish","format-standard","has-post-thumbnail","hentry","category-news"],"_links":{"self":[{"href":"https:\/\/enolife.com.ar\/es\/wp-json\/wp\/v2\/posts\/108000","targetHints":{"allow":["GET"]}}],"collection":[{"href":"https:\/\/enolife.com.ar\/es\/wp-json\/wp\/v2\/posts"}],"about":[{"href":"https:\/\/enolife.com.ar\/es\/wp-json\/wp\/v2\/types\/post"}],"author":[{"embeddable":true,"href":"https:\/\/enolife.com.ar\/es\/wp-json\/wp\/v2\/users\/3"}],"replies":[{"embeddable":true,"href":"https:\/\/enolife.com.ar\/es\/wp-json\/wp\/v2\/comments?post=108000"}],"version-history":[{"count":0,"href":"https:\/\/enolife.com.ar\/es\/wp-json\/wp\/v2\/posts\/108000\/revisions"}],"wp:featuredmedia":[{"embeddable":true,"href":"https:\/\/enolife.com.ar\/es\/wp-json\/wp\/v2\/media\/108014"}],"wp:attachment":[{"href":"https:\/\/enolife.com.ar\/es\/wp-json\/wp\/v2\/media?parent=108000"}],"wp:term":[{"taxonomy":"category","embeddable":true,"href":"https:\/\/enolife.com.ar\/es\/wp-json\/wp\/v2\/categories?post=108000"},{"taxonomy":"post_tag","embeddable":true,"href":"https:\/\/enolife.com.ar\/es\/wp-json\/wp\/v2\/tags?post=108000"}],"curies":[{"name":"wp","href":"https:\/\/api.w.org\/{rel}","templated":true}]}}