{"id":107641,"date":"2023-12-17T13:46:55","date_gmt":"2023-12-17T13:46:55","guid":{"rendered":"https:\/\/enolife.com.ar\/es\/?p=107641"},"modified":"2023-12-19T17:35:09","modified_gmt":"2023-12-19T17:35:09","slug":"promendoza-el-emetur-y-el-ministerio-de-produccion-trabajan-en-conjunto-para-captar-inversiones","status":"publish","type":"post","link":"https:\/\/enolife.com.ar\/es\/promendoza-el-emetur-y-el-ministerio-de-produccion-trabajan-en-conjunto-para-captar-inversiones\/","title":{"rendered":"ProMendoza, el Emetur y el Ministerio de Producci\u00f3n trabajan en conjunto para captar inversiones"},"content":{"rendered":"\n<h4 class=\"wp-block-heading\"><em><strong>El ministro de Producci\u00f3n de Mendoza, Rodolfo Vargas Arizu, se reuni\u00f3 con Patricia Gim\u00e9nez, titular de la Unidad ProMendoza, y con Gabriela Testa, presidenta del Ente Mendoza Turismo (Emetur). En el encuentro tambi\u00e9n participaron representantes de la Federaci\u00f3n Econ\u00f3mica, la Bolsa de Comercio y la Uni\u00f3n Comercial e Industrial de Mendoza.<\/strong><\/em><\/h4>\n\n\n\n<div style=\"height:35px\" aria-hidden=\"true\" class=\"wp-block-spacer\"><\/div>\n\n\n<a href=\"https:\/\/www.parsecsrl.net\/es\/extraccion-selectiva-tintos\/\" aria-label=\"banner1700x500-rev-9\"><img loading=\"lazy\" decoding=\"async\" src=\"https:\/\/enolife.com.ar\/es\/wp-content\/uploads\/2022\/04\/banner1700x500-rev-9.gif\" alt=\"\"  width=\"1700\" height=\"500\"   \/><\/a>\n\n\n<div style=\"height:45px\" aria-hidden=\"true\" class=\"wp-block-spacer\"><\/div>\n\n\n\n<p>La reuni\u00f3n, encabezada por el ministro de Producci\u00f3n, <strong>Rodolfo Vargas Arizu<\/strong>, busca establecer una estrategia conjunta que potencie la inversi\u00f3n, fomente el crecimiento y fortalezca la posici\u00f3n de Mendoza como polo econ\u00f3mico.<\/p>\n\n\n\n<p>Es importante aclarar que la <strong>Fundaci\u00f3n ProMendoza<\/strong>, hoy presidida por <strong>Patricia Gim\u00e9nez<\/strong>, fue creada para impulsar la internacionalizaci\u00f3n de la provincia y, desde 1996, acompa\u00f1a a los empresarios mendocinos a posicionar sus productos y servicios en el mundo.&nbsp;<\/p>\n\n\n\n<p>La cita, que tuvo lugar en el Sal\u00f3n de Acuerdos del <strong>Ministerio de Producci\u00f3n<\/strong> en Casa de Gobierno, cont\u00f3 tambi\u00e9n con la participaci\u00f3n de<strong> Santiago Laugero<\/strong>, titular de la <strong>Federaci\u00f3n Econ\u00f3mica<\/strong>; <strong>Juan Viciana<\/strong>, representando a la UCIM, y <strong>Jorge P\u00e9rez Cuesta<\/strong>, presidente de la <strong>Bolsa de Comercio<\/strong> de Mendoza, quienes forman parte del directorio de <strong>ProMendoza<\/strong>.<\/p>\n\n\n\n<p>Mendoza es una provincia productiva por naturaleza. Sus condiciones clim\u00e1ticas, su materia prima, los recursos humanos calificados, la inversi\u00f3n tecnol\u00f3gica y la infraestructura la convierten en una regi\u00f3n atractiva y diversa. Alimentos procesados y org\u00e1nicos, frutas y hortalizas frescas, vinos, aceites de oliva, maquinarias, desarrollos tecnol\u00f3gicos y servicios integran su oferta exportable.<\/p>\n\n\n\n<p>ProMendoza genera informaci\u00f3n estrat\u00e9gica, desarrolla acciones de promoci\u00f3n y herramientas para facilitar la exportaci\u00f3n, como misiones y agendas comerciales, ferias internacionales y rondas inversas con importadores, entre otras.<\/p>\n\n\n\n<p>Adem\u00e1s, la Fundaci\u00f3n fomenta el crecimiento de las pymes locales a trav\u00e9s de programas de desarrollo y capacitaci\u00f3n espec\u00edficos para responder a las diversas necesidades de los emprendimientos mendocinos.<\/p>\n\n\n\n<div style=\"height:35px\" aria-hidden=\"true\" class=\"wp-block-spacer\"><\/div>\n\n\n\n<p class=\"has-medium-font-size\"><strong>Los protagonistas<\/strong><\/p>\n\n\n<div class=\"wp-block-image\">\n<figure class=\"alignleft size-full is-resized\"><a href=\"https:\/\/enolife.com.ar\/es\/wp-content\/uploads\/2023\/12\/DSC_7314-700x466-1.jpg\" data-rel=\"penci-gallery-image-content\" ><img loading=\"lazy\" decoding=\"async\" src=\"https:\/\/enolife.com.ar\/es\/wp-content\/uploads\/2023\/12\/DSC_7314-700x466-1.jpg\" alt=\"\" class=\"wp-image-107957\" width=\"164\" height=\"177\"\/><\/a><\/figure><\/div>\n\n\n<p><strong>Rodolfo Vargas Arizu<\/strong> (63) es licenciado en enolog\u00eda y frutihorticultura, egresado de la Universidad Juan Agust\u00edn Maza, tiene un MBA de alta gerencia en Harvard University y un posgrado en comercio exterior realizado en Jap\u00f3n.<\/p>\n\n\n\n<p>Pertenece a la 3ra generaci\u00f3n de una familia vitivin\u00edcola y oliv\u00edcola. Fue director de Bodegas de Argentina, fundador del Consejo Oliv\u00edcola Argentino, presidente de la Bolsa de Comercio de Mendoza, ProMendoza, la Federaci\u00f3n de Comercio Exterior del Interior del Pa\u00eds y de la C\u00e1mara de Comercio Exterior de Cuyo.<\/p>\n\n\n\n<p>En cuanto a su actividad pol\u00edtica, fue precandidato a senador nacional en elecciones PASO 2021 dentro del frente Cambia Mendoza. Actualmente es uno de los l\u00edderes de Activ\u00e1 Mendoza + Rep\u00fablica, espacio conformado por diversos referentes del sector empresario y productivo de la provincia, que apoyaron la candidatura de Alfredo Cornejo a la gobernaci\u00f3n en las elecciones 2023.<\/p>\n\n\n\n<div style=\"height:15px\" aria-hidden=\"true\" class=\"wp-block-spacer\"><\/div>\n\n\n<div class=\"wp-block-image\">\n<figure class=\"alignleft size-full is-resized\"><a href=\"https:\/\/enolife.com.ar\/es\/wp-content\/uploads\/2023\/12\/DSC_7338-700x466-1.jpg\" data-rel=\"penci-gallery-image-content\" ><img loading=\"lazy\" decoding=\"async\" src=\"https:\/\/enolife.com.ar\/es\/wp-content\/uploads\/2023\/12\/DSC_7338-700x466-1.jpg\" alt=\"\" class=\"wp-image-107958\" width=\"170\" height=\"184\"\/><\/a><\/figure><\/div>\n\n\n<p><strong>Patricia Gim\u00e9nez <\/strong>(61) es magister en Ciencias por la Universidad Cat\u00f3lica de Valpara\u00edso. Adem\u00e1s, posee un diplomado en Alta Gerencia de ADEM y es profesora de Matem\u00e1tica, F\u00edsica y Cosmograf\u00eda de la Universidad Juan Agust\u00edn Maza.<\/p>\n\n\n\n<p>Se ha desempe\u00f1ado como secretaria del Foro Diplom\u00e1tico de Mendoza, fue embajadora de la Argentina en Costa Rica, diputada nacional por Mendoza y consultora internacional para el Programa de las Naciones Unidas para el Desarrollo en Venezuela. Tambi\u00e9n ha sido directora de Estad\u00edsticas e Investigaciones Econ\u00f3micas de la Provincia.<\/p>\n\n\n\n<div style=\"height:15px\" aria-hidden=\"true\" class=\"wp-block-spacer\"><\/div>\n\n\n<div class=\"wp-block-image\">\n<figure class=\"alignleft size-full is-resized\"><a href=\"https:\/\/enolife.com.ar\/es\/wp-content\/uploads\/2023\/12\/GA1RLhAWEAAP0AJ.jpg\" data-rel=\"penci-gallery-image-content\" ><img loading=\"lazy\" decoding=\"async\" src=\"https:\/\/enolife.com.ar\/es\/wp-content\/uploads\/2023\/12\/GA1RLhAWEAAP0AJ.jpg\" alt=\"\" class=\"wp-image-107959\" width=\"170\" height=\"190\" srcset=\"https:\/\/enolife.com.ar\/es\/wp-content\/uploads\/2023\/12\/GA1RLhAWEAAP0AJ.jpg 408w, https:\/\/enolife.com.ar\/es\/wp-content\/uploads\/2023\/12\/GA1RLhAWEAAP0AJ-268x300.jpg 268w\" sizes=\"auto, (max-width: 170px) 100vw, 170px\" \/><\/a><\/figure><\/div>\n\n\n<p><strong>Gabriela Testa<\/strong> (55) es licenciada en Turismo recibida en la Universidad Champagnat con un posgrado en turismo internacional en la Universidad de Congreso y otro de la Universidad Nacional de Cuyo de pol\u00edticas p\u00fablicas y formulaci\u00f3n y evaluaci\u00f3n de proyectos.<\/p>\n\n\n\n<p>Desde noviembre de 2019 hasta diciembre de 2023, cumpli\u00f3 funciones como senadora provincial, liderando la Comisi\u00f3n de Turismo, Cultura y Deportes. Antes, presidi\u00f3 el Ente Mendoza Turismo, donde tambi\u00e9n fue miembro titular del Consejo Federal e integrante del Directorio del Instituto de Promoci\u00f3n Tur\u00edstica del Ministerio de Turismo de la Rep\u00fablica Argentina.<\/p>\n\n\n\n<p>Se desempe\u00f1\u00f3 en la Municipalidad de Godoy Cruz como concejala, vicepresidenta primera del Concejo Deliberante y miembro de diversas comisiones. Entre 2003 y 2007, fue subsecretaria de Turismo del Gobierno de Mendoza miembro titular del Consejo Federal de la Secretar\u00eda de Turismo de la Rep\u00fablica Argentina. Dedic\u00f3 16 a\u00f1os de su carrera a la Municipalidad de la Ciudad de Mendoza, donde desempe\u00f1\u00f3 varias funciones en la Direcci\u00f3n de Turismo, culminando como directora del \u00e1rea durante los \u00faltimos cuatro a\u00f1os.<\/p>\n\n\n\n<p><\/p>\n\n\n\n<p><\/p>\n\n\n\n<div style=\"height:33px\" aria-hidden=\"true\" class=\"wp-block-spacer\"><\/div>\n","protected":false},"excerpt":{"rendered":"<p>El ministro de Producci\u00f3n de Mendoza, Rodolfo Vargas Arizu, se reuni\u00f3 con Patricia Gim\u00e9nez, titular&hellip;<\/p>\n","protected":false},"author":3,"featured_media":107961,"comment_status":"open","ping_status":"open","sticky":false,"template":"","format":"standard","meta":{"footnotes":""},"categories":[14],"tags":[],"class_list":["post-107641","post","type-post","status-publish","format-standard","has-post-thumbnail","hentry","category-news"],"_links":{"self":[{"href":"https:\/\/enolife.com.ar\/es\/wp-json\/wp\/v2\/posts\/107641","targetHints":{"allow":["GET"]}}],"collection":[{"href":"https:\/\/enolife.com.ar\/es\/wp-json\/wp\/v2\/posts"}],"about":[{"href":"https:\/\/enolife.com.ar\/es\/wp-json\/wp\/v2\/types\/post"}],"author":[{"embeddable":true,"href":"https:\/\/enolife.com.ar\/es\/wp-json\/wp\/v2\/users\/3"}],"replies":[{"embeddable":true,"href":"https:\/\/enolife.com.ar\/es\/wp-json\/wp\/v2\/comments?post=107641"}],"version-history":[{"count":0,"href":"https:\/\/enolife.com.ar\/es\/wp-json\/wp\/v2\/posts\/107641\/revisions"}],"wp:featuredmedia":[{"embeddable":true,"href":"https:\/\/enolife.com.ar\/es\/wp-json\/wp\/v2\/media\/107961"}],"wp:attachment":[{"href":"https:\/\/enolife.com.ar\/es\/wp-json\/wp\/v2\/media?parent=107641"}],"wp:term":[{"taxonomy":"category","embeddable":true,"href":"https:\/\/enolife.com.ar\/es\/wp-json\/wp\/v2\/categories?post=107641"},{"taxonomy":"post_tag","embeddable":true,"href":"https:\/\/enolife.com.ar\/es\/wp-json\/wp\/v2\/tags?post=107641"}],"curies":[{"name":"wp","href":"https:\/\/api.w.org\/{rel}","templated":true}]}}