{"id":10752,"date":"2020-04-08T03:17:02","date_gmt":"2020-04-08T03:17:02","guid":{"rendered":"http:\/\/enolife.com.ar\/es\/?p=10752"},"modified":"2020-04-10T16:21:40","modified_gmt":"2020-04-10T16:21:40","slug":"ya-se-cosecho-el-88-de-las-uvas-del-pais-188-millones-de-quintales","status":"publish","type":"post","link":"https:\/\/enolife.com.ar\/es\/ya-se-cosecho-el-88-de-las-uvas-del-pais-188-millones-de-quintales\/","title":{"rendered":"Ya se cosech\u00f3 el 88% de las uvas del pa\u00eds: 18,8 millones de quintales"},"content":{"rendered":"\n<h4 class=\"wp-block-heading\"><em><strong>Luego de 19 semanas de labor en las vi\u00f1as argentinas, y pese a los problemas causados por el coronavirus, ya se han recolectado 1.881.834.732 millones de kilos, equivalentes al 87% de las uvas de Mendoza y al 93% de las de San Juan, respecto de la estimaci\u00f3n base del Instituto Nacional de Vitivinicultura (INV).<\/strong><\/em><\/h4>\n\n\n\n<div style=\"height:20px\" aria-hidden=\"true\" class=\"wp-block-spacer\"><\/div>\n\n\n\n<p>Seg\u00fan el \u00faltimo informe del INV, divulgado ayer 7\/4, la cosecha recuper\u00f3 su ritmo normal tras algunos inconvenientes causados por la restricci\u00f3n a los movimientos de los cosechadores por la emergencia sanitaria. Las labores avanzan hacia sus \u00faltimas dos semanas, en las que se espera alcanzar un volumen total de uvas de algo m\u00e1s de<strong> 21 millones de quintales.<\/strong><\/p>\n\n\n\n<p>En los cuadros estad\u00edsticos que m\u00e1s abajo reproducimos se consigna que de ese total de kilos se han obtenido <strong>361.060.298 litros de mostos<\/strong> y <strong>702.997.934 litros de vinos descubado<\/strong>s. Tambi\u00e9n consta que para procesar esos productos han estado elaborando <strong>824 bodegas de las 1.213 bodegas inscriptas<\/strong> en todo el pa\u00eds al 5\/1\/2020.<\/p>\n\n\n\n<p>Cabe destacar que el informe incluye la desagregaci\u00f3n de kilos cosechados varietal por varietal y provincia por provincia, datos que han sido incorporados recientemente por la nueva conducci\u00f3n del INV, con el tunuyanino <strong>Mart\u00edn Hinojosa<\/strong> como presidente y el sanjuanino <strong>Hugo Carmona Torres<\/strong> como vicepresidente.  <\/p>\n\n\n\n<div style=\"height:20px\" aria-hidden=\"true\" class=\"wp-block-spacer\"><\/div>\n\n\n\n<hr class=\"wp-block-separator\"\/>\n\n\n\n<p class=\"has-background has-text-align-center has-medium-font-size has-vivid-cyan-blue-background-color\"><strong> Totales acumulados al 5 de abril<\/strong> <strong>de 2020<\/strong><\/p>\n\n\n\n<div style=\"height:20px\" aria-hidden=\"true\" class=\"wp-block-spacer\"><\/div>\n\n\n\n<p class=\"has-text-align-center\"><strong>Todas las provincias<\/strong><\/p>\n\n\n\n<figure class=\"wp-block-image size-large\"><img loading=\"lazy\" decoding=\"async\" width=\"909\" height=\"557\" src=\"https:\/\/enolife.com.ar\/es\/wp-content\/uploads\/2020\/04\/grafico-1-inv-semana-19.jpg\" alt=\"\" class=\"wp-image-10756\" srcset=\"https:\/\/enolife.com.ar\/es\/wp-content\/uploads\/2020\/04\/grafico-1-inv-semana-19.jpg 909w, https:\/\/enolife.com.ar\/es\/wp-content\/uploads\/2020\/04\/grafico-1-inv-semana-19-300x184.jpg 300w, https:\/\/enolife.com.ar\/es\/wp-content\/uploads\/2020\/04\/grafico-1-inv-semana-19-768x471.jpg 768w, https:\/\/enolife.com.ar\/es\/wp-content\/uploads\/2020\/04\/grafico-1-inv-semana-19-585x358.jpg 585w\" sizes=\"auto, (max-width: 909px) 100vw, 909px\" \/><\/figure>\n\n\n\n<div style=\"height:20px\" aria-hidden=\"true\" class=\"wp-block-spacer\"><\/div>\n\n\n\n<p class=\"has-text-align-center\"><strong>Provincias de Mendoza y San Juan<\/strong><\/p>\n\n\n\n<figure class=\"wp-block-image size-large\"><img loading=\"lazy\" decoding=\"async\" width=\"899\" height=\"151\" src=\"https:\/\/enolife.com.ar\/es\/wp-content\/uploads\/2020\/04\/grafico-2-inv-semana-19-1.jpg\" alt=\"\" class=\"wp-image-10759\" srcset=\"https:\/\/enolife.com.ar\/es\/wp-content\/uploads\/2020\/04\/grafico-2-inv-semana-19-1.jpg 899w, https:\/\/enolife.com.ar\/es\/wp-content\/uploads\/2020\/04\/grafico-2-inv-semana-19-1-300x50.jpg 300w, https:\/\/enolife.com.ar\/es\/wp-content\/uploads\/2020\/04\/grafico-2-inv-semana-19-1-768x129.jpg 768w, https:\/\/enolife.com.ar\/es\/wp-content\/uploads\/2020\/04\/grafico-2-inv-semana-19-1-585x98.jpg 585w\" sizes=\"auto, (max-width: 899px) 100vw, 899px\" \/><\/figure>\n\n\n\n<div style=\"height:20px\" aria-hidden=\"true\" class=\"wp-block-spacer\"><\/div>\n\n\n\n<p class=\"has-background has-text-align-center has-medium-font-size has-vivid-cyan-blue-background-color\"><strong>Comparativo kilogramos de uva 2010\/2020 <\/strong><\/p>\n\n\n\n<div style=\"height:20px\" aria-hidden=\"true\" class=\"wp-block-spacer\"><\/div>\n\n\n\n<p class=\"has-text-align-center\"><strong>Acumulado al 5 de abril de 2020<\/strong><\/p>\n\n\n\n<figure class=\"wp-block-image size-large is-resized\"><img loading=\"lazy\" decoding=\"async\" src=\"https:\/\/enolife.com.ar\/es\/wp-content\/uploads\/2020\/04\/grafico-3--1024x484.jpg\" alt=\"\" class=\"wp-image-10758\" width=\"1128\" height=\"533\" srcset=\"https:\/\/enolife.com.ar\/es\/wp-content\/uploads\/2020\/04\/grafico-3--1024x484.jpg 1024w, https:\/\/enolife.com.ar\/es\/wp-content\/uploads\/2020\/04\/grafico-3--300x142.jpg 300w, https:\/\/enolife.com.ar\/es\/wp-content\/uploads\/2020\/04\/grafico-3--768x363.jpg 768w, https:\/\/enolife.com.ar\/es\/wp-content\/uploads\/2020\/04\/grafico-3--585x276.jpg 585w, https:\/\/enolife.com.ar\/es\/wp-content\/uploads\/2020\/04\/grafico-3-.jpg 1151w\" sizes=\"auto, (max-width: 1128px) 100vw, 1128px\" \/><\/figure>\n\n\n\n<div style=\"height:20px\" aria-hidden=\"true\" class=\"wp-block-spacer\"><\/div>\n\n\n\n<p class=\"has-background has-text-align-center has-very-light-gray-background-color\"><strong>Ver Informe completo con  <a href=\"https:\/\/enolife.com.ar\/es\/wp-content\/uploads\/2020\/04\/cosecha_semana_19_acumulado_al_05-04-2020-_1.pdf\">desagregaci\u00f3n de kilos cosechados varietal por varietal y provincia por provincia<\/a><\/strong><\/p>\n\n\n\n<div style=\"height:178px\" aria-hidden=\"true\" class=\"wp-block-spacer\"><\/div>\n","protected":false},"excerpt":{"rendered":"<p>Luego de 19 semanas de labor en las vi\u00f1as argentinas, y pese a los problemas&hellip;<\/p>\n","protected":false},"author":3,"featured_media":10764,"comment_status":"open","ping_status":"open","sticky":false,"template":"","format":"standard","meta":{"footnotes":""},"categories":[5],"tags":[],"class_list":["post-10752","post","type-post","status-publish","format-standard","has-post-thumbnail","hentry","category-fincas"],"_links":{"self":[{"href":"https:\/\/enolife.com.ar\/es\/wp-json\/wp\/v2\/posts\/10752","targetHints":{"allow":["GET"]}}],"collection":[{"href":"https:\/\/enolife.com.ar\/es\/wp-json\/wp\/v2\/posts"}],"about":[{"href":"https:\/\/enolife.com.ar\/es\/wp-json\/wp\/v2\/types\/post"}],"author":[{"embeddable":true,"href":"https:\/\/enolife.com.ar\/es\/wp-json\/wp\/v2\/users\/3"}],"replies":[{"embeddable":true,"href":"https:\/\/enolife.com.ar\/es\/wp-json\/wp\/v2\/comments?post=10752"}],"version-history":[{"count":0,"href":"https:\/\/enolife.com.ar\/es\/wp-json\/wp\/v2\/posts\/10752\/revisions"}],"wp:featuredmedia":[{"embeddable":true,"href":"https:\/\/enolife.com.ar\/es\/wp-json\/wp\/v2\/media\/10764"}],"wp:attachment":[{"href":"https:\/\/enolife.com.ar\/es\/wp-json\/wp\/v2\/media?parent=10752"}],"wp:term":[{"taxonomy":"category","embeddable":true,"href":"https:\/\/enolife.com.ar\/es\/wp-json\/wp\/v2\/categories?post=10752"},{"taxonomy":"post_tag","embeddable":true,"href":"https:\/\/enolife.com.ar\/es\/wp-json\/wp\/v2\/tags?post=10752"}],"curies":[{"name":"wp","href":"https:\/\/api.w.org\/{rel}","templated":true}]}}