{"id":107261,"date":"2023-12-09T15:15:47","date_gmt":"2023-12-09T15:15:47","guid":{"rendered":"https:\/\/enolife.com.ar\/es\/?p=107261"},"modified":"2023-12-10T22:23:39","modified_gmt":"2023-12-10T22:23:39","slug":"hoy-10-12-el-parque-san-martin-esta-mas-verde-con-la-feria-de-alimentos-y-bebidas-saludables","status":"publish","type":"post","link":"https:\/\/enolife.com.ar\/es\/hoy-10-12-el-parque-san-martin-esta-mas-verde-con-la-feria-de-alimentos-y-bebidas-saludables\/","title":{"rendered":"Hoy 10\/12 el Parque San Mart\u00edn esta m\u00e1s verde con la feria de alimentos y bebidas saludables"},"content":{"rendered":"\n<h4 class=\"wp-block-heading\"><em><strong>La feria de alimentos y bebidas saludables, Mendoza Green Market se realiza desde ayer 9\/12 hasta la noche del 10\/12 en el Parque General San Mart\u00edn, en el predio ubicado sobre Boulogne Sur Mer entre los Portones del Parque y el Boulevard Pedro Giacchino. La entrada es libre y gratuita, tanto en la zona de mercado -donde se podr\u00e1n conocer 50 emprendimientos mendocinos innovadores- como en las actividades para disfrutar durante las dos jornadas, tales como yoga, talleres y m\u00fasica en vivo.<\/strong><\/em><\/h4>\n\n\n\n<div style=\"height:35px\" aria-hidden=\"true\" class=\"wp-block-spacer\"><\/div>\n\n\n\n\n\n<div style=\"height:45px\" aria-hidden=\"true\" class=\"wp-block-spacer\"><\/div>\n\n\n\n<p><strong>Mendoza Green Market <\/strong>es la feria de alimentos y bebidas saludables consolidada como la m\u00e1s grande de la regi\u00f3n, fue <strong>creada en 2013 por Jazm\u00edn Bulit, Rosario Diaz Araujo y Gabriela Abihaggle,<\/strong> y cuenta con el auspicio del Gobierno de Mendoza. Desde sus inicios, el objetivo fue mejorar los h\u00e1bitos de alimentaci\u00f3n vinculando a mendocinos y turistas con productores y emprendedores locales. Se trata de un paseo gratuito que tambi\u00e9n promueve, con sus actividades, el cuidado del cuerpo y el ambiente y fomenta un consumo responsable, generando un ambiente de disfrute y aprendizaje en los espacios verdes de la provincia.<\/p>\n\n\n\n<div style=\"height:30px\" aria-hidden=\"true\" class=\"wp-block-spacer\"><\/div>\n\n\n<div class=\"wp-block-image\">\n<figure class=\"aligncenter size-large is-resized\"><a href=\"https:\/\/enolife.com.ar\/es\/wp-content\/uploads\/2023\/12\/las-tres-2.jpg\" data-rel=\"penci-gallery-image-content\" ><img loading=\"lazy\" decoding=\"async\" src=\"https:\/\/enolife.com.ar\/es\/wp-content\/uploads\/2023\/12\/las-tres-2-1024x690.jpg\" alt=\"\" class=\"wp-image-107304\" width=\"552\" height=\"372\" srcset=\"https:\/\/enolife.com.ar\/es\/wp-content\/uploads\/2023\/12\/las-tres-2-1024x690.jpg 1024w, https:\/\/enolife.com.ar\/es\/wp-content\/uploads\/2023\/12\/las-tres-2-300x202.jpg 300w, https:\/\/enolife.com.ar\/es\/wp-content\/uploads\/2023\/12\/las-tres-2-768x517.jpg 768w, https:\/\/enolife.com.ar\/es\/wp-content\/uploads\/2023\/12\/las-tres-2-585x394.jpg 585w, https:\/\/enolife.com.ar\/es\/wp-content\/uploads\/2023\/12\/las-tres-2.jpg 1139w\" sizes=\"auto, (max-width: 552px) 100vw, 552px\" \/><\/a><figcaption class=\"wp-element-caption\"><strong><em>Rosario Diaz Araujo, Gabriela Abihaggle y Jazm\u00edn Bulit<\/em><\/strong><\/figcaption><\/figure><\/div>\n\n\n<div style=\"height:30px\" aria-hidden=\"true\" class=\"wp-block-spacer\"><\/div>\n\n\n\n<p>Este a\u00f1o, la feria <strong>festeja sus 10mo aniversario con una edici\u00f3n nocturna<\/strong> ideal para encontrarse con amigos y familia, comprar los alimentos ricos y sanos para las fiestas y adquirir regalitos sustentables. <\/p>\n\n\n<div class=\"wp-block-image\">\n<figure class=\"alignleft size-full is-resized\"><a href=\"https:\/\/enolife.com.ar\/es\/wp-content\/uploads\/2023\/12\/image1.jpeg\" data-rel=\"penci-gallery-image-content\" ><img loading=\"lazy\" decoding=\"async\" src=\"https:\/\/enolife.com.ar\/es\/wp-content\/uploads\/2023\/12\/image1.jpeg\" alt=\"\" class=\"wp-image-107306\" width=\"268\" height=\"258\" srcset=\"https:\/\/enolife.com.ar\/es\/wp-content\/uploads\/2023\/12\/image1.jpeg 415w, https:\/\/enolife.com.ar\/es\/wp-content\/uploads\/2023\/12\/image1-300x289.jpeg 300w\" sizes=\"auto, (max-width: 268px) 100vw, 268px\" \/><\/a><\/figure><\/div>\n\n\n<p class=\"has-background\" style=\"background-color:#abb7c278\">Es hoy domingo 10\/12 hasta las<strong> 24 hs, en el Parque General San Mart\u00edn<\/strong> (Boulogne Sur Mer entre los Portones del Parque y Giacchino).<br><br>Durante esta tarde noche hay una agenda llena de actividades gratuitas. Entre ellas, clases de yoga y de cocina saludable, talleres para que los ni\u00f1os hagan sus propia decoraci\u00f3n navide\u00f1a, entrenamiento nutritivo (una pr\u00e1ctica para incrementar las habilidades motrices y desarrollar fuera y resistencia) y shows en vivo. Y un espacio destinado a comedor comunitario para que mendocinos y turistas.<\/p>\n\n\n\n<div style=\"height:35px\" aria-hidden=\"true\" class=\"wp-block-spacer\"><\/div>\n\n\n\n<p class=\"has-medium-font-size\"><strong>Emprendimientos <\/strong><\/p>\n\n\n\n<p>El mercado vuelve renovado con la participaci\u00f3n de casi 50 emprendimientos, que incluyen: Huertana,&nbsp; Sabores Delicatessen y Bienestar Green (conservas artesanales); Finca Feliz (vinos sustentables y veganos); Aromata Almac\u00e9n (almac\u00e9n natural); Finca Domingo Lovecchio y Old Tree (aceites de oliva premium); Biogreen (productos de limpieza y cosm\u00e9tica sustentables); C\u00e1scara Morena (frutos secos); Romina Cruse\u00f1o (cer\u00e1mica); Do\u00f1a Antonia (milanesas de soja org\u00e1nica); Essen (art\u00edculos de cocina); Finca Cosmos (finca biodin\u00e1mica que produce mermeladas, vinos, y cosm\u00e9tica natural); Frangus y Gualta (cervezas artesanales); Dulce Copla (pasteler\u00eda libre de gluten); Esmeralda Panes M\u00e1gicos (panes y delicias caseras); Humus Dorrego (humus de lombriz y plantines); Ida Weiss (cosm\u00e9tica natural); Lemon Tea (t\u00e9 y derivados); Licores Pierino y Mendublin (licores artesanales); Lotus-Eco tienda (productos sustentables); Vivero Lunta (plantines para huerta); Mandala Fruta y Las Verde (jugos naturales); Margha Pizza (pizzas de masa madre); Giokana Microgreens (micro verdes); Muchachito Delivery (comida vegana); Panquehua (frutas y verduras deshidratadas); Peque\u00f1os Verdes (regalos sustentables); Planeta Chip\u00e1 (chip\u00e1s saborizados); Dolcezza y Helados del Arbol (helados); Solandes (vinos org\u00e1nicos); Espora Hongos (hongos frescos y en conserva); The Nook (comida); T\u00eda Clara (conservas y dulces naturales); Universo de Miel; Verde Urbano (kokedamas y plantas); Cava de Yerba Mate (yerbas agroecol\u00f3gicas); A pura Katalindia (salsas gourmet); At\u00edpico (caf\u00e9 y panader\u00eda con opciones keto y veganas); Tambo La Isla (quesos sin conservantes); Rever-Reciclarg&nbsp; y Vulca (piezas de dise\u00f1o provenientes del reciclado).<\/p>\n\n\n\n<div style=\"height:30px\" aria-hidden=\"true\" class=\"wp-block-spacer\"><\/div>\n\n\n\n<figure class=\"wp-block-gallery has-nested-images columns-default is-cropped wp-block-gallery-1 is-layout-flex wp-block-gallery-is-layout-flex\">\n<figure class=\"wp-block-image size-full\"><a href=\"https:\/\/enolife.com.ar\/es\/wp-content\/uploads\/2023\/12\/15626300_656233801168566_6057169479006551165_o.jpg\" data-rel=\"penci-gallery-image-content\" ><img loading=\"lazy\" decoding=\"async\" width=\"664\" height=\"500\" data-id=\"107311\" src=\"https:\/\/enolife.com.ar\/es\/wp-content\/uploads\/2023\/12\/15626300_656233801168566_6057169479006551165_o.jpg\" alt=\"\" class=\"wp-image-107311\" srcset=\"https:\/\/enolife.com.ar\/es\/wp-content\/uploads\/2023\/12\/15626300_656233801168566_6057169479006551165_o.jpg 664w, https:\/\/enolife.com.ar\/es\/wp-content\/uploads\/2023\/12\/15626300_656233801168566_6057169479006551165_o-300x226.jpg 300w, https:\/\/enolife.com.ar\/es\/wp-content\/uploads\/2023\/12\/15626300_656233801168566_6057169479006551165_o-585x441.jpg 585w\" sizes=\"auto, (max-width: 664px) 100vw, 664px\" \/><\/a><\/figure>\n\n\n\n<figure class=\"wp-block-image size-full\"><a href=\"https:\/\/enolife.com.ar\/es\/wp-content\/uploads\/2023\/12\/greenmarket.jpg\" data-rel=\"penci-gallery-image-content\" ><img loading=\"lazy\" decoding=\"async\" width=\"584\" height=\"500\" data-id=\"107314\" src=\"https:\/\/enolife.com.ar\/es\/wp-content\/uploads\/2023\/12\/greenmarket.jpg\" alt=\"\" class=\"wp-image-107314\" srcset=\"https:\/\/enolife.com.ar\/es\/wp-content\/uploads\/2023\/12\/greenmarket.jpg 584w, https:\/\/enolife.com.ar\/es\/wp-content\/uploads\/2023\/12\/greenmarket-300x257.jpg 300w\" sizes=\"auto, (max-width: 584px) 100vw, 584px\" \/><\/a><\/figure>\n\n\n\n<figure class=\"wp-block-image size-full\"><a href=\"https:\/\/enolife.com.ar\/es\/wp-content\/uploads\/2023\/12\/f608x342-200459_230182_0.jpg\" data-rel=\"penci-gallery-image-content\" ><img loading=\"lazy\" decoding=\"async\" width=\"452\" height=\"339\" data-id=\"107313\" src=\"https:\/\/enolife.com.ar\/es\/wp-content\/uploads\/2023\/12\/f608x342-200459_230182_0.jpg\" alt=\"\" class=\"wp-image-107313\" srcset=\"https:\/\/enolife.com.ar\/es\/wp-content\/uploads\/2023\/12\/f608x342-200459_230182_0.jpg 452w, https:\/\/enolife.com.ar\/es\/wp-content\/uploads\/2023\/12\/f608x342-200459_230182_0-300x225.jpg 300w\" sizes=\"auto, (max-width: 452px) 100vw, 452px\" \/><\/a><\/figure>\n<\/figure>\n\n\n\n<div style=\"height:35px\" aria-hidden=\"true\" class=\"wp-block-spacer\"><\/div>\n\n\n\n<p class=\"has-background\" style=\"background-color:#abb7c278\"><strong>Domingo 10 de diciembre<\/strong><\/p>\n\n\n\n<ul class=\"wp-block-list\">\n<li>18 hs. Yoga y meditaci\u00f3n con cuencos (Valeria Imperiale y Raquel Pisi)<\/li>\n\n\n\n<li>19 hs. Taller para peques: decoraci\u00f3n navide\u00f1a (El Rinc\u00f3n de los Porfiados)<\/li>\n\n\n\n<li>20 hs. Movimiento Consciente (Equipo Nuta)<\/li>\n\n\n\n<li>21 hs. Clase de cocina saludable para las Fiestas (Rosario D\u00edaz Araujo)<\/li>\n\n\n\n<li>22 hs. M\u00fasica en vivo (Los Corazones Imposibles)<\/li>\n<\/ul>\n\n\n\n<div style=\"height:20px\" aria-hidden=\"true\" class=\"wp-block-spacer\"><\/div>\n\n\n\n<p><strong>M\u00e1s info en redes sociales, <a href=\"https:\/\/www.facebook.com\/MendozaGreenMarket\" title=\"\">Facebook Mendoza Green Market<\/a> &#8211; Intagram <a href=\"https:\/\/www.instagram.com\/mendozagreenmarket\/?hl=es-la\" title=\"\">@mendozagreenmarket<\/a><\/strong><\/p>\n\n\n\n<div style=\"height:30px\" aria-hidden=\"true\" class=\"wp-block-spacer\"><\/div>\n","protected":false},"excerpt":{"rendered":"<p>La feria de alimentos y bebidas saludables, Mendoza Green Market se realiza desde ayer 9\/12&hellip;<\/p>\n","protected":false},"author":3,"featured_media":107309,"comment_status":"open","ping_status":"open","sticky":false,"template":"","format":"standard","meta":{"footnotes":""},"categories":[47],"tags":[],"class_list":["post-107261","post","type-post","status-publish","format-standard","has-post-thumbnail","hentry","category-agenda"],"_links":{"self":[{"href":"https:\/\/enolife.com.ar\/es\/wp-json\/wp\/v2\/posts\/107261","targetHints":{"allow":["GET"]}}],"collection":[{"href":"https:\/\/enolife.com.ar\/es\/wp-json\/wp\/v2\/posts"}],"about":[{"href":"https:\/\/enolife.com.ar\/es\/wp-json\/wp\/v2\/types\/post"}],"author":[{"embeddable":true,"href":"https:\/\/enolife.com.ar\/es\/wp-json\/wp\/v2\/users\/3"}],"replies":[{"embeddable":true,"href":"https:\/\/enolife.com.ar\/es\/wp-json\/wp\/v2\/comments?post=107261"}],"version-history":[{"count":0,"href":"https:\/\/enolife.com.ar\/es\/wp-json\/wp\/v2\/posts\/107261\/revisions"}],"wp:featuredmedia":[{"embeddable":true,"href":"https:\/\/enolife.com.ar\/es\/wp-json\/wp\/v2\/media\/107309"}],"wp:attachment":[{"href":"https:\/\/enolife.com.ar\/es\/wp-json\/wp\/v2\/media?parent=107261"}],"wp:term":[{"taxonomy":"category","embeddable":true,"href":"https:\/\/enolife.com.ar\/es\/wp-json\/wp\/v2\/categories?post=107261"},{"taxonomy":"post_tag","embeddable":true,"href":"https:\/\/enolife.com.ar\/es\/wp-json\/wp\/v2\/tags?post=107261"}],"curies":[{"name":"wp","href":"https:\/\/api.w.org\/{rel}","templated":true}]}}