{"id":107240,"date":"2023-12-07T18:52:27","date_gmt":"2023-12-07T18:52:27","guid":{"rendered":"https:\/\/enolife.com.ar\/es\/?p=107240"},"modified":"2023-12-10T23:59:06","modified_gmt":"2023-12-10T23:59:06","slug":"pau-roca-director-general-de-la-oiv-muere-en-dijon-francia-a-los-65-anos","status":"publish","type":"post","link":"https:\/\/enolife.com.ar\/es\/pau-roca-director-general-de-la-oiv-muere-en-dijon-francia-a-los-65-anos\/","title":{"rendered":"Pau Roca, director general de la OIV, muere en Dijon, Francia, a los 65 a\u00f1os"},"content":{"rendered":"\n<h4 class=\"wp-block-heading\"><em><strong>La Organizaci\u00f3n Internacional de la Vid y el Vino comunic\u00f3 hoy la triste noticia del fallecimiento de Pau Roca Blasco, a los 65 a\u00f1os de edad, elegido para dirigir dicha entidad por un mandato de cinco a\u00f1os en la Asamblea General de 2018 en Uruguay. Fue el 1er espa\u00f1ol en ocupar ese cargo, catal\u00e1n, licenciado en Ciencias Biol\u00f3gicas con una especializaci\u00f3n en&nbsp;Gesti\u00f3n y Administraci\u00f3n de Empresas. Durante 27 a\u00f1os fue secretario general de la Federaci\u00f3n Espa\u00f1ola del Vino (FEV), presidente del grupo de expertos \u00abDerecho e Informaci\u00f3n del Consumidor\u00bb (Drocon) entre 2010 y 2016, as\u00ed como vicepresidente del grupo de expertos \u00abDesarrollo Sostenible y Cambio Clim\u00e1tico\u00bb entre 2016 y 2018. <\/strong><\/em><\/h4>\n\n\n\n<div style=\"height:44px\" aria-hidden=\"true\" class=\"wp-block-spacer\"><\/div>\n\n\n\n<p>El catal\u00e1n&nbsp;<strong>Pau Roca Blasco<\/strong>, primer espa\u00f1ol en conducir la&nbsp;<strong>Organizaci\u00f3n Internacional de la Vi\u00f1a y el Vino (OIV)<\/strong>, falleci\u00f3 hoy 7\/12 en Dijon, Francia, donde resid\u00eda hasta finalizar su mandato como director de dicha instituci\u00f3n, que ser\u00eda a fin de este mes de diciembre de 2023.<\/p>\n\n\n\n<p>Desde 1992, ha sido delegado espa\u00f1ol en la OIV y fue presidente del grupo de expertos \u00abDerecho e Informaci\u00f3n del Consumidor\u00bb (Drocon) entre 2010 y 2016, as\u00ed como vicepresidente del grupo de expertos \u00abDesarrollo Sostenible y Cambio Clim\u00e1tico\u00bb entre 2016 y 2018.<\/p>\n\n\n\n<p>Tras haber adquirido experiencia en el sector del aceite de oliva y haberse iniciado en la investigaci\u00f3n cient\u00edfica en oceanograf\u00eda, Pau Roca ten\u00eda conocimientos espec\u00edficos y profundos del sector vitivin\u00edcola mundial y experiencia adquirida al frente de la Federaci\u00f3n Espa\u00f1ola del Vino (FEV), que dirigi\u00f3 durante m\u00e1s de 20 a\u00f1os.<\/p>\n\n\n\n<div style=\"height:30px\" aria-hidden=\"true\" class=\"wp-block-spacer\"><\/div>\n\n\n<div class=\"wp-block-image\">\n<figure class=\"alignleft size-full is-resized\"><a href=\"https:\/\/enolife.com.ar\/es\/wp-content\/uploads\/2023\/12\/Imagen4-2-1024x452-1.jpg\" data-rel=\"penci-gallery-image-content\" ><img loading=\"lazy\" decoding=\"async\" src=\"https:\/\/enolife.com.ar\/es\/wp-content\/uploads\/2023\/12\/Imagen4-2-1024x452-1.jpg\" alt=\"\" class=\"wp-image-107247\" width=\"307\" height=\"167\" srcset=\"https:\/\/enolife.com.ar\/es\/wp-content\/uploads\/2023\/12\/Imagen4-2-1024x452-1.jpg 826w, https:\/\/enolife.com.ar\/es\/wp-content\/uploads\/2023\/12\/Imagen4-2-1024x452-1-300x163.jpg 300w, https:\/\/enolife.com.ar\/es\/wp-content\/uploads\/2023\/12\/Imagen4-2-1024x452-1-768x417.jpg 768w, https:\/\/enolife.com.ar\/es\/wp-content\/uploads\/2023\/12\/Imagen4-2-1024x452-1-585x318.jpg 585w\" sizes=\"auto, (max-width: 307px) 100vw, 307px\" \/><\/a><\/figure><\/div>\n\n\n<p class=\"has-background\" style=\"background-color:#abb7c25c\"><strong>Un homnaje a Pau Roca, la entrevista que le hicimos en Enolife en junio de 2021<\/strong><br><strong><a href=\"https:\/\/enolife.com.ar\/es\/pau-roca-el-vino-sigue-siendo-rehen-de-las-negociaciones-comerciales-y-eso-no-es-bueno\/\" title=\"\">Pau Roca: \u00abEl vino sigue siendo reh\u00e9n de las negociaciones comerciales y eso no es bueno\u00bb<\/a><\/strong><\/p>\n\n\n\n<div style=\"height:30px\" aria-hidden=\"true\" class=\"wp-block-spacer\"><\/div>\n\n\n\n<p>Multiling\u00fce en franc\u00e9s e ingl\u00e9s, Pau Roca ha impulsado el desarrollo de la digitalizaci\u00f3n en el sector vitivin\u00edcola, pero tambi\u00e9n para la OIV, promoviendo nuevas herramientas de comunicaci\u00f3n interna dentro de un departamento que ha desarrollado en gran medida. Asimismo, desempe\u00f1\u00f3 un papel decisivo en el traslado de la sede de la OIV a Dijon e inici\u00f3 la gesti\u00f3n del A\u00f1o del Centenario de la OIV.<\/p>\n\n\n\n<p>Comprometido en que la OIV, su papel y sus actividades fueran reconocidos en un mundo cada vez m\u00e1s globalizado, Pau Roca tambi\u00e9n estrech\u00f3 durante su mandato lazos con otras instituciones mundiales como la Organizaci\u00f3n Mundial del Comercio, la Organizaci\u00f3n Mundial del Turismo, la OCDE, la FAO, el CIHEAM y el Codex Alimentarius. Tambi\u00e9n di\u00f3 la bienvenida a 3 nuevos Estados miembros, el Reino Unido, Ucrania y Albania, haciendo crecer el n\u00famero de Estados Miembros de la OIV a 50.&nbsp;<\/p>\n\n\n\n<p>Regina Vanderlinde y Luigi Moio, que presidieron la OIV durante el mandato de Pau Roca, elogiaron su convicci\u00f3n y compromiso con la industria vitivin\u00edcola mundial, que han permitido a la Organizaci\u00f3n entrar en un nuevo siglo.<\/p>\n\n\n\n<p>La OIV, los Estados miembros, la comunidad cient\u00edfica de la Organizaci\u00f3n, los miembros de la Mesa y el personal de la OIV, as\u00ed como el Director General electo John Barker, se unen al dolor de su familia, su esposa Diana y sus tres hijos.<\/p>\n\n\n\n<div style=\"height:30px\" aria-hidden=\"true\" class=\"wp-block-spacer\"><\/div>\n\n\n\n<p><br><\/p>\n","protected":false},"excerpt":{"rendered":"<p>La Organizaci\u00f3n Internacional de la Vid y el Vino comunic\u00f3 hoy la triste noticia del&hellip;<\/p>\n","protected":false},"author":3,"featured_media":107248,"comment_status":"open","ping_status":"open","sticky":false,"template":"","format":"standard","meta":{"footnotes":""},"categories":[14],"tags":[],"class_list":["post-107240","post","type-post","status-publish","format-standard","has-post-thumbnail","hentry","category-news"],"_links":{"self":[{"href":"https:\/\/enolife.com.ar\/es\/wp-json\/wp\/v2\/posts\/107240","targetHints":{"allow":["GET"]}}],"collection":[{"href":"https:\/\/enolife.com.ar\/es\/wp-json\/wp\/v2\/posts"}],"about":[{"href":"https:\/\/enolife.com.ar\/es\/wp-json\/wp\/v2\/types\/post"}],"author":[{"embeddable":true,"href":"https:\/\/enolife.com.ar\/es\/wp-json\/wp\/v2\/users\/3"}],"replies":[{"embeddable":true,"href":"https:\/\/enolife.com.ar\/es\/wp-json\/wp\/v2\/comments?post=107240"}],"version-history":[{"count":0,"href":"https:\/\/enolife.com.ar\/es\/wp-json\/wp\/v2\/posts\/107240\/revisions"}],"wp:featuredmedia":[{"embeddable":true,"href":"https:\/\/enolife.com.ar\/es\/wp-json\/wp\/v2\/media\/107248"}],"wp:attachment":[{"href":"https:\/\/enolife.com.ar\/es\/wp-json\/wp\/v2\/media?parent=107240"}],"wp:term":[{"taxonomy":"category","embeddable":true,"href":"https:\/\/enolife.com.ar\/es\/wp-json\/wp\/v2\/categories?post=107240"},{"taxonomy":"post_tag","embeddable":true,"href":"https:\/\/enolife.com.ar\/es\/wp-json\/wp\/v2\/tags?post=107240"}],"curies":[{"name":"wp","href":"https:\/\/api.w.org\/{rel}","templated":true}]}}