{"id":10723,"date":"2020-04-08T00:09:26","date_gmt":"2020-04-08T00:09:26","guid":{"rendered":"http:\/\/enolife.com.ar\/es\/?p=10723"},"modified":"2020-04-12T19:44:47","modified_gmt":"2020-04-12T19:44:47","slug":"79-millones-de-litros-de-malbec-argentino-se-vendieron-en-el-mundo-en-2019","status":"publish","type":"post","link":"https:\/\/enolife.com.ar\/es\/79-millones-de-litros-de-malbec-argentino-se-vendieron-en-el-mundo-en-2019\/","title":{"rendered":"79 millones de litros de malbec argentino se vendieron en el mundo en 2019"},"content":{"rendered":"\n<h4 class=\"wp-block-heading\"><em><strong> Por iniciativa de Wines of Argentina (WofA), el 17 de abril se celebra en todo el planeta la 10ma. edici\u00f3n del \u00abMalbec World Day\u00bb. Con el lema  \u201cMalbec Argentino: \u00a1Me Gusta!\u201d, se sigue posicionando el varietal insignia del pa\u00eds en el exterior. <\/strong><\/em><\/h4>\n\n\n\n<div style=\"height:20px\" aria-hidden=\"true\" class=\"wp-block-spacer\"><\/div>\n\n\n\n<p>Celebrado por primera vez en abril del 2011, el&nbsp;\u00ab<strong>Malbec World Day<\/strong>\u00bb&nbsp;ya se ha posicionado como un festejo cl\u00e1sico en la promoci\u00f3n de la marca <strong>Vino Argentino<\/strong>&nbsp;a nivel mundial, formando parte del calendario internacional de eventos vitivin\u00edcolas y, a su vez, alcanzando fuerte protagonismo en el mercado nacional argentino.&nbsp;En la \u00faltima edici\u00f3n, m\u00e1s de 100 actos y reuniones tuvieron lugar en 86 ciudades de 50 pa\u00edses.<\/p>\n\n\n\n<p>Este a\u00f1o, sin embargo, el contexto global generado a partir del avance del covid-19 exige actuar de manera responsable, evit\u00e1ndo moment\u00e1neamente las reuniones, los abrazos y los saludos que tanto se identifican con la pasi\u00f3n de los argentinos. As\u00ed las cosas, Wines of Argentina (WofA) decidi\u00f3 volcar toda su estrategia de promoci\u00f3n al mundo online, a trav\u00e9s de m\u00faltiples acciones en los principales pa\u00edses foco de exportaci\u00f3n.<\/p>\n\n\n\n<p> WofA es la entidad que promueve la imagen de los vinos locales en el exterior, en campa\u00f1as que cuentan con el apoyo del&nbsp;Ministerio de Relaciones Exteriores, Comercio Internacional y Culto de la Naci\u00f3n&nbsp;y de la&nbsp;Corporaci\u00f3n Vitivin\u00edcola Argentina (Coviar), y que ha estado enmarcada en el Plan Estrat\u00e9gico Vitivin\u00edcola Argentina 2020.  <\/p>\n\n\n\n<p>El concepto elegido este a\u00f1o para homenajear a la cepa emblem\u00e1tica del pa\u00eds es&nbsp;<em>\u201c<strong>Malbec Argentino, \u00a1Me Gusta!\u201d,<\/strong><\/em>&nbsp;ya que sintetiza la experiencia de quienes lo eligen y descubren en \u00e9l m\u00e1s que un vino. <\/p>\n\n\n\n<div style=\"height:20px\" aria-hidden=\"true\" class=\"wp-block-spacer\"><\/div>\n\n\n\n<p class=\"has-background has-pale-pink-background-color\">Para conocer m\u00e1s sobre el malbec argentino ysobre la campa\u00f1a de este a\u00f1o, te invitamos a descubrir la p\u00e1gina oficial del&nbsp;<strong>Malbec World Day<\/strong>:&nbsp;<a rel=\"noreferrer noopener\" href=\"http:\/\/www.malbecworldday.com\/\" target=\"_blank\">http:\/\/www.malbecworldday.com\/<\/a><\/p>\n\n\n\n<div style=\"height:20px\" aria-hidden=\"true\" class=\"wp-block-spacer\"><\/div>\n\n\n\n<p>\u201cIndependientemente de que estemos lejos y a pesar de las diferencias culturales, de costumbres y paladares, el malbec argentino es un hecho que a\u00f1o a a\u00f1o nos acerca, nos invita a conectarnos con lo que nos gusta y nos hace bien. Hoy el malbec nos ofrece la excusa perfecta para seguir compartiendo sin movernos de casa\u201d, destac\u00f3 Alberto Arizu, presidente de Wines of Argentina.<\/p>\n\n\n\n<p>Con m\u00e1s de 44.000 hect\u00e1reas plantadas en el territorio nacional, el malbec representa el 38,6% de las variedades tintas y el 22,39% de la superficie total cultivada en el pa\u00eds, convirti\u00e9ndose en la variedad m\u00e1s extendida desde el a\u00f1o 2011 y en la que&nbsp;m\u00e1s ha aumentado su superficie en los \u00faltimos 19 a\u00f1os. De 16.347 hect\u00e1reas en el a\u00f1o 2000, la superficie de malbec ha registrado hasta la actualidad un incremento del 171%, el equivalente a 28.040 hect\u00e1reas.<\/p>\n\n\n\n<div style=\"height:20px\" aria-hidden=\"true\" class=\"wp-block-spacer\"><\/div>\n\n\n\n<div class=\"wp-block-image\"><figure class=\"aligncenter\"><img loading=\"lazy\" decoding=\"async\" width=\"960\" height=\"720\" src=\"https:\/\/enolife.com.ar\/es\/wp-content\/uploads\/2020\/04\/Malbec-Superficie-en-Argentina.jpg\" alt=\"\" class=\"wp-image-10728\" srcset=\"https:\/\/enolife.com.ar\/es\/wp-content\/uploads\/2020\/04\/Malbec-Superficie-en-Argentina.jpg 960w, https:\/\/enolife.com.ar\/es\/wp-content\/uploads\/2020\/04\/Malbec-Superficie-en-Argentina-300x225.jpg 300w, https:\/\/enolife.com.ar\/es\/wp-content\/uploads\/2020\/04\/Malbec-Superficie-en-Argentina-768x576.jpg 768w, https:\/\/enolife.com.ar\/es\/wp-content\/uploads\/2020\/04\/Malbec-Superficie-en-Argentina-585x439.jpg 585w\" sizes=\"auto, (max-width: 960px) 100vw, 960px\" \/><\/figure><\/div>\n\n\n\n<div style=\"height:20px\" aria-hidden=\"true\" class=\"wp-block-spacer\"><\/div>\n\n\n\n<p>En dicha distribuci\u00f3n, Mendoza lidera la producci\u00f3n local de malbec con 37.754,1 hect\u00e1reas cultivadas (85,06% del total de vi\u00f1edos). En segundo lugar se encuentra San Juan con 2.792,7 has. de plantaciones (6,29%) y, posteriormente, Salta con 1.398,70 has. (3,15%), La Rioja, Neuqu\u00e9n, R\u00edo Negro y Catamarca.<\/p>\n\n\n\n<div class=\"wp-block-image\"><figure class=\"aligncenter size-large\"><img loading=\"lazy\" decoding=\"async\" width=\"960\" height=\"720\" src=\"https:\/\/enolife.com.ar\/es\/wp-content\/uploads\/2020\/04\/Malbec-Cosecha-y-Elaboraci\u00f3n-1.jpg\" alt=\"\" class=\"wp-image-10730\" srcset=\"https:\/\/enolife.com.ar\/es\/wp-content\/uploads\/2020\/04\/Malbec-Cosecha-y-Elaboraci\u00f3n-1.jpg 960w, https:\/\/enolife.com.ar\/es\/wp-content\/uploads\/2020\/04\/Malbec-Cosecha-y-Elaboraci\u00f3n-1-300x225.jpg 300w, https:\/\/enolife.com.ar\/es\/wp-content\/uploads\/2020\/04\/Malbec-Cosecha-y-Elaboraci\u00f3n-1-768x576.jpg 768w, https:\/\/enolife.com.ar\/es\/wp-content\/uploads\/2020\/04\/Malbec-Cosecha-y-Elaboraci\u00f3n-1-585x439.jpg 585w\" sizes=\"auto, (max-width: 960px) 100vw, 960px\" \/><\/figure><\/div>\n\n\n\n<div style=\"height:20px\" aria-hidden=\"true\" class=\"wp-block-spacer\"><\/div>\n\n\n\n<p>Seg\u00fan Caucasia Wine Thinking -empresa de  servicios de informaci\u00f3n para la industria vitivin\u00edcola en Argentina- en 2019 se exportaron m\u00e1s de 79 millones de litros de malbec al mundo, siendo por lejos el varietal m\u00e1s exportado de Argentina. Esto equivale a una suma total superior a los USD 327 millones. En este contexto, Estados Unidos mantuvo su posici\u00f3n como principal destino de la variedad (USD FOB 117.437.067), seguido por Gran Breta\u00f1a (USD FOB 52.836.640), Canad\u00e1 (USD FOB 25.923.495) y Brasil (USD FOB 22.414.509).<\/p>\n\n\n\n<div style=\"height:20px\" aria-hidden=\"true\" class=\"wp-block-spacer\"><\/div>\n\n\n\n<figure class=\"wp-block-gallery columns-2 is-cropped wp-block-gallery-1 is-layout-flex wp-block-gallery-is-layout-flex\"><ul class=\"blocks-gallery-grid\"><li class=\"blocks-gallery-item\"><figure><img loading=\"lazy\" decoding=\"async\" width=\"960\" height=\"720\" src=\"https:\/\/enolife.com.ar\/es\/wp-content\/uploads\/2020\/04\/Malbec-Exportaci\u00f3n-Datos-Generales.jpg\" alt=\"\" data-id=\"10731\" data-link=\"https:\/\/enolife.com.ar\/es\/?attachment_id=10731\" class=\"wp-image-10731\" srcset=\"https:\/\/enolife.com.ar\/es\/wp-content\/uploads\/2020\/04\/Malbec-Exportaci\u00f3n-Datos-Generales.jpg 960w, https:\/\/enolife.com.ar\/es\/wp-content\/uploads\/2020\/04\/Malbec-Exportaci\u00f3n-Datos-Generales-300x225.jpg 300w, https:\/\/enolife.com.ar\/es\/wp-content\/uploads\/2020\/04\/Malbec-Exportaci\u00f3n-Datos-Generales-768x576.jpg 768w, https:\/\/enolife.com.ar\/es\/wp-content\/uploads\/2020\/04\/Malbec-Exportaci\u00f3n-Datos-Generales-585x439.jpg 585w\" sizes=\"auto, (max-width: 960px) 100vw, 960px\" \/><\/figure><\/li><li class=\"blocks-gallery-item\"><figure><img loading=\"lazy\" decoding=\"async\" width=\"960\" height=\"720\" src=\"https:\/\/enolife.com.ar\/es\/wp-content\/uploads\/2020\/04\/Malbec-Exportaci\u00f3n-por-Pa\u00eds-Destino.jpg\" alt=\"\" data-id=\"10732\" data-full-url=\"https:\/\/enolife.com.ar\/es\/wp-content\/uploads\/2020\/04\/Malbec-Exportaci\u00f3n-por-Pa\u00eds-Destino.jpg\" data-link=\"https:\/\/enolife.com.ar\/es\/?attachment_id=10732\" class=\"wp-image-10732\" srcset=\"https:\/\/enolife.com.ar\/es\/wp-content\/uploads\/2020\/04\/Malbec-Exportaci\u00f3n-por-Pa\u00eds-Destino.jpg 960w, https:\/\/enolife.com.ar\/es\/wp-content\/uploads\/2020\/04\/Malbec-Exportaci\u00f3n-por-Pa\u00eds-Destino-300x225.jpg 300w, https:\/\/enolife.com.ar\/es\/wp-content\/uploads\/2020\/04\/Malbec-Exportaci\u00f3n-por-Pa\u00eds-Destino-768x576.jpg 768w, https:\/\/enolife.com.ar\/es\/wp-content\/uploads\/2020\/04\/Malbec-Exportaci\u00f3n-por-Pa\u00eds-Destino-585x439.jpg 585w\" sizes=\"auto, (max-width: 960px) 100vw, 960px\" \/><\/figure><\/li><\/ul><\/figure>\n\n\n\n<div style=\"height:20px\" aria-hidden=\"true\" class=\"wp-block-spacer\"><\/div>\n\n\n\n<p>\u201cEl malbec refleja lo mejor de nuestra cultura y personalidad; es tan argentino como el tango, el f\u00fatbol, las empanadas y el asado. Su \u00e9xito internacional lo convirti\u00f3 en un fen\u00f3meno de alcance global, acercando tambi\u00e9n nuestra pasi\u00f3n y calidez al mundo entero.&nbsp;Estamos convencidos de que, lejos de estar agotado, el malbec argentino est\u00e1 m\u00e1s vigente que nunca\u201d, evalu\u00f3 Arizu.<\/p>\n\n\n\n<div style=\"height:20px\" aria-hidden=\"true\" class=\"wp-block-spacer\"><\/div>\n\n\n\n<p class=\"has-medium-font-size\"><strong>Posicionando al malbec en el mundo<\/strong><\/p>\n\n\n\n<div style=\"height:20px\" aria-hidden=\"true\" class=\"wp-block-spacer\"><\/div>\n\n\n\n<p>Wines of Argentina es la entidad responsable de la marca <strong>Vino Argentin<\/strong>o en el mundo. Desde 1993, la organizaci\u00f3n promueve la imagen de los vinos locales en el exterior, adem\u00e1s de ayudar a orientar la estrategia exportadora de Argentina, estudiando y analizando los cambios que se dan en los mercados de consumo. <\/p>\n\n\n\n<p>Su objetivo es colaborar en la consolidaci\u00f3n de Argentina entre los principales pa\u00edses exportadores de vino del mund, procurando elevar la percepci\u00f3n positiva en el <em>trade<\/em> y entre los l\u00edderes de opini\u00f3n y los consumidores. Actualmente, tiene m\u00e1s de 260.000 seguidores en la red social Facebook.<\/p>\n\n\n\n<div style=\"height:20px\" aria-hidden=\"true\" class=\"wp-block-spacer\"><\/div>\n\n\n\n<p class=\"has-small-font-size\"><em><strong>Fuente: Wines of Argentina<\/strong><\/em><\/p>\n","protected":false},"excerpt":{"rendered":"<p>Por iniciativa de Wines of Argentina (WofA), el 17 de abril se celebra en todo&hellip;<\/p>\n","protected":false},"author":3,"featured_media":10743,"comment_status":"open","ping_status":"open","sticky":false,"template":"","format":"standard","meta":{"footnotes":""},"categories":[14],"tags":[],"class_list":["post-10723","post","type-post","status-publish","format-standard","has-post-thumbnail","hentry","category-news"],"_links":{"self":[{"href":"https:\/\/enolife.com.ar\/es\/wp-json\/wp\/v2\/posts\/10723","targetHints":{"allow":["GET"]}}],"collection":[{"href":"https:\/\/enolife.com.ar\/es\/wp-json\/wp\/v2\/posts"}],"about":[{"href":"https:\/\/enolife.com.ar\/es\/wp-json\/wp\/v2\/types\/post"}],"author":[{"embeddable":true,"href":"https:\/\/enolife.com.ar\/es\/wp-json\/wp\/v2\/users\/3"}],"replies":[{"embeddable":true,"href":"https:\/\/enolife.com.ar\/es\/wp-json\/wp\/v2\/comments?post=10723"}],"version-history":[{"count":0,"href":"https:\/\/enolife.com.ar\/es\/wp-json\/wp\/v2\/posts\/10723\/revisions"}],"wp:featuredmedia":[{"embeddable":true,"href":"https:\/\/enolife.com.ar\/es\/wp-json\/wp\/v2\/media\/10743"}],"wp:attachment":[{"href":"https:\/\/enolife.com.ar\/es\/wp-json\/wp\/v2\/media?parent=10723"}],"wp:term":[{"taxonomy":"category","embeddable":true,"href":"https:\/\/enolife.com.ar\/es\/wp-json\/wp\/v2\/categories?post=10723"},{"taxonomy":"post_tag","embeddable":true,"href":"https:\/\/enolife.com.ar\/es\/wp-json\/wp\/v2\/tags?post=10723"}],"curies":[{"name":"wp","href":"https:\/\/api.w.org\/{rel}","templated":true}]}}