{"id":107220,"date":"2023-12-07T20:35:00","date_gmt":"2023-12-07T20:35:00","guid":{"rendered":"https:\/\/enolife.com.ar\/es\/?p=107220"},"modified":"2023-12-14T14:16:55","modified_gmt":"2023-12-14T14:16:55","slug":"inta-y-coviar-invitan-a-las-jornadas-de-mecanizacion-y-tecnologia-vitivinicola-en-tunuyan-el-15-y-16-12","status":"publish","type":"post","link":"https:\/\/enolife.com.ar\/es\/inta-y-coviar-invitan-a-las-jornadas-de-mecanizacion-y-tecnologia-vitivinicola-en-tunuyan-el-15-y-16-12\/","title":{"rendered":"INTA y Coviar invitan a las jornadas de mecanizaci\u00f3n y tecnolog\u00eda vitivin\u00edcola en Tunuy\u00e1n el 15 y 16\/12"},"content":{"rendered":"\n<h4 class=\"wp-block-heading\"><em><strong>La Municipalidad de Tunuy\u00e1n, el Instituto Nacional de Tecnolog\u00eda Agropecuaria (INTA) y la Corporaci\u00f3n Vitivin\u00edcola Argentina (Coviar) con su Centro de Desarrollo Vit\u00edcola (CDV) de Valle de Uco, realizar\u00e1n el viernes 15 y s\u00e1bado 16 de diciembre  la \u00abExpo Tecnol\u00f3gica 2023\u00bb dirigida a productores, t\u00e9cnicos, empresarios vitivin\u00edcolas y p\u00fablico en general. Las empresas que quieran exponer pueden hacerlo sin costo -previa reserva- y la entrada al p\u00fablico es libre y gratuita. La actividad comienza a las 10 hs en el Anfiteatro Municipal de Tunuy\u00e1n.<\/strong><\/em><\/h4>\n\n\n\n<div style=\"height:35px\" aria-hidden=\"true\" class=\"wp-block-spacer\"><\/div>\n\n\n<a href=\"https:\/\/www.linkedin.com\/company\/agrinet-sa\/?originalSubdomain=ar\" aria-label=\"1700X500\"><img loading=\"lazy\" decoding=\"async\" src=\"https:\/\/enolife.com.ar\/es\/wp-content\/uploads\/2021\/11\/1700X500.gif\" alt=\"\"  width=\"1700\" height=\"500\"   \/><\/a>\n\n\n<div style=\"height:45px\" aria-hidden=\"true\" class=\"wp-block-spacer\"><\/div>\n\n\n\n<p>Durante las 2das <strong>Jornadas Provinciales de mecanizaci\u00f3n y tecnolog\u00eda para la viticultura<\/strong>, los asistentes tendr\u00e1n la posibilidad de conocer las novedades en equipamiento de agricultura de precisi\u00f3n, energ\u00edas renovables, sistemas de riego, y otras maquinarias. Est\u00e1 destinado a empresarios, productores, ingenieros agr\u00f3nomos, t\u00e9cnicos y p\u00fablico en general. Adem\u00e1s de la exposici\u00f3n se realizar\u00e1n charlas abiertas, habr\u00e1n muestras din\u00e1micas y se podr\u00e1 disfrutar de buena gastronom\u00eda en un patio de Foodtrucks. <\/p>\n\n\n<div class=\"wp-block-image\">\n<figure class=\"alignleft size-full is-resized\"><a href=\"https:\/\/enolife.com.ar\/es\/wp-content\/uploads\/2023\/12\/cb8f8c4c-53f9-4e43-8303-b3c073e2325b.jpg\" data-rel=\"penci-gallery-image-content\" ><img loading=\"lazy\" decoding=\"async\" src=\"https:\/\/enolife.com.ar\/es\/wp-content\/uploads\/2023\/12\/cb8f8c4c-53f9-4e43-8303-b3c073e2325b.jpg\" alt=\"\" class=\"wp-image-107227\" width=\"363\" height=\"363\" srcset=\"https:\/\/enolife.com.ar\/es\/wp-content\/uploads\/2023\/12\/cb8f8c4c-53f9-4e43-8303-b3c073e2325b.jpg 500w, https:\/\/enolife.com.ar\/es\/wp-content\/uploads\/2023\/12\/cb8f8c4c-53f9-4e43-8303-b3c073e2325b-300x300.jpg 300w, https:\/\/enolife.com.ar\/es\/wp-content\/uploads\/2023\/12\/cb8f8c4c-53f9-4e43-8303-b3c073e2325b-150x150.jpg 150w\" sizes=\"auto, (max-width: 363px) 100vw, 363px\" \/><\/a><\/figure><\/div>\n\n\n<p>Se podr\u00e1 visitar el <strong>viernes 15 y s\u00e1bado 16 de diciembre de 10 a 17 hs<\/strong>, en el <strong>Anfiteatro Municipal de Tunuyan<\/strong> en Hilario Cuadros 1251 de esa ciudad, la <strong>entrada es libre y gratuita.<\/strong><\/p>\n\n\n\n<p>Las empresas expositoras pueden participar sin costo previa reserva de su espacio, solicit\u00e1ndolo con una nota formal los siguientes e-mails, d\u00f3nde adem\u00e1s podr\u00e1n solicitar las bases para la utilizaci\u00f3n del espacio:<\/p>\n\n\n\n<p class=\"has-background\" style=\"background-color:#abb7c24f\"><strong>Cintia Valverde: <a href=\"mailto:cint-valverde131@hotmail.com\">cint-valverde131@hotmail.com<\/a> (Coordinaci\u00f3n T\u00e9cnica Charlas)<\/strong><br><strong>Federica Ag\u00fcero: <a href=\"mailto:aguero.federica@inta.gob.ar\">aguero.federica@inta.gob.ar<\/a> (Comunicaci\u00f3n y Difusi\u00f3n)<\/strong><br><strong>Cristian Bonamaizon: <a href=\"mailto:bonamaizonc@gmail.com\">bonamaizonc@gmail.com<\/a> (Confirmaci\u00f3n y Contacto Institucional)<\/strong><br><strong>Juan Laudadio: <a href=\"mailto:juaneltercero3@gmail.com\">juaneltercero3@gmail.com<\/a> (Confirmaci\u00f3n y Contacto Institucional)<\/strong><br><strong>M\u00e1s informaci\u00f3n: +54 9 261 605 5603<\/strong><\/p>\n\n\n\n<p><br><br><\/p>\n","protected":false},"excerpt":{"rendered":"<p>La Municipalidad de Tunuy\u00e1n, el Instituto Nacional de Tecnolog\u00eda Agropecuaria (INTA) y la Corporaci\u00f3n Vitivin\u00edcola&hellip;<\/p>\n","protected":false},"author":3,"featured_media":107233,"comment_status":"open","ping_status":"open","sticky":false,"template":"","format":"standard","meta":{"footnotes":""},"categories":[47],"tags":[],"class_list":["post-107220","post","type-post","status-publish","format-standard","has-post-thumbnail","hentry","category-agenda"],"_links":{"self":[{"href":"https:\/\/enolife.com.ar\/es\/wp-json\/wp\/v2\/posts\/107220","targetHints":{"allow":["GET"]}}],"collection":[{"href":"https:\/\/enolife.com.ar\/es\/wp-json\/wp\/v2\/posts"}],"about":[{"href":"https:\/\/enolife.com.ar\/es\/wp-json\/wp\/v2\/types\/post"}],"author":[{"embeddable":true,"href":"https:\/\/enolife.com.ar\/es\/wp-json\/wp\/v2\/users\/3"}],"replies":[{"embeddable":true,"href":"https:\/\/enolife.com.ar\/es\/wp-json\/wp\/v2\/comments?post=107220"}],"version-history":[{"count":0,"href":"https:\/\/enolife.com.ar\/es\/wp-json\/wp\/v2\/posts\/107220\/revisions"}],"wp:featuredmedia":[{"embeddable":true,"href":"https:\/\/enolife.com.ar\/es\/wp-json\/wp\/v2\/media\/107233"}],"wp:attachment":[{"href":"https:\/\/enolife.com.ar\/es\/wp-json\/wp\/v2\/media?parent=107220"}],"wp:term":[{"taxonomy":"category","embeddable":true,"href":"https:\/\/enolife.com.ar\/es\/wp-json\/wp\/v2\/categories?post=107220"},{"taxonomy":"post_tag","embeddable":true,"href":"https:\/\/enolife.com.ar\/es\/wp-json\/wp\/v2\/tags?post=107220"}],"curies":[{"name":"wp","href":"https:\/\/api.w.org\/{rel}","templated":true}]}}