{"id":107078,"date":"2023-12-06T03:13:15","date_gmt":"2023-12-06T03:13:15","guid":{"rendered":"https:\/\/enolife.com.ar\/es\/?p=107078"},"modified":"2023-12-14T13:41:17","modified_gmt":"2023-12-14T13:41:17","slug":"el-titular-de-bioeconomia-de-milei-fernando-vilella-presento-a-su-equipo-y-suena-tizio-para-el-inv","status":"publish","type":"post","link":"https:\/\/enolife.com.ar\/es\/el-titular-de-bioeconomia-de-milei-fernando-vilella-presento-a-su-equipo-y-suena-tizio-para-el-inv\/","title":{"rendered":"El titular de Bioeconom\u00eda de Milei, Fernando Vilella, present\u00f3 a su equipo y suena Tizio para el INV"},"content":{"rendered":"\n<h4 class=\"wp-block-heading\"><em><strong>El ingeniero agr\u00f3nomo, investigador y ex decano de la Facultad de Agronom\u00eda de la Universidad de Buenos Aires (UBA), quien en la pr\u00e1ctica ser\u00e1 el m\u00e1ximo responsable de las pol\u00edticas oficiales para la agricultura argentina en la nueva Secretar\u00eda de Bioeconom\u00eda durante el pr\u00f3ximo gobierno que comienza el 10\/12\/23, present\u00f3 a sus funcionarios designados en el marco de un encuentro con empresarios y l\u00edderes del agro en Buenos Aires. Si bien en la lista no figura el mendocino por adopci\u00f3n Carlos Tizio, porque el cargo de presidente del Instituto Nacional de Vitivinicultura (INV) es decidido y anunciado por el presidente de la Naci\u00f3n, tradicionalmente en enero o febrero del primer a\u00f1o de mandato, Fernando Vilella (68) lo mencion\u00f3 a Tizio durante la presentaci\u00f3n como uno de sus hombres de confianza ante la pregunta de un asistente. El nombre de Tizio tambi\u00e9n es mencionado como posible titular del organismo fiscalizador de la vitivinicultura argentina en c\u00edrculos pol\u00edticos, en entidades p\u00fablicas y privadas ligadas al vino y en el propio INV. Cabe recordar que Tizio ya presidi\u00f3 esa instituci\u00f3n, designado por el entonces presidente Mauricio Macri, entre 2016 y 2020.<\/strong><\/em><\/h4>\n\n\n\n<div style=\"height:35px\" aria-hidden=\"true\" class=\"wp-block-spacer\"><\/div>\n\n\n<a href=\"https:\/\/jmzeballos.com\/\" aria-label=\"PUBLICIDAD ENOLIFE 2023_\u00c1NFORAS 1700 x 500\"><img loading=\"lazy\" decoding=\"async\" src=\"https:\/\/enolife.com.ar\/es\/wp-content\/uploads\/2020\/12\/PUBLICIDAD-ENOLIFE-2023_ANFORAS-1700-x-500.jpg\" alt=\"\"  srcset=\"https:\/\/enolife.com.ar\/es\/wp-content\/uploads\/2020\/12\/PUBLICIDAD-ENOLIFE-2023_ANFORAS-1700-x-500.jpg 1700w, https:\/\/enolife.com.ar\/es\/wp-content\/uploads\/2020\/12\/PUBLICIDAD-ENOLIFE-2023_ANFORAS-1700-x-500-300x88.jpg 300w, https:\/\/enolife.com.ar\/es\/wp-content\/uploads\/2020\/12\/PUBLICIDAD-ENOLIFE-2023_ANFORAS-1700-x-500-1024x301.jpg 1024w, https:\/\/enolife.com.ar\/es\/wp-content\/uploads\/2020\/12\/PUBLICIDAD-ENOLIFE-2023_ANFORAS-1700-x-500-768x226.jpg 768w, https:\/\/enolife.com.ar\/es\/wp-content\/uploads\/2020\/12\/PUBLICIDAD-ENOLIFE-2023_ANFORAS-1700-x-500-1536x452.jpg 1536w, https:\/\/enolife.com.ar\/es\/wp-content\/uploads\/2020\/12\/PUBLICIDAD-ENOLIFE-2023_ANFORAS-1700-x-500-1170x344.jpg 1170w, https:\/\/enolife.com.ar\/es\/wp-content\/uploads\/2020\/12\/PUBLICIDAD-ENOLIFE-2023_ANFORAS-1700-x-500-585x172.jpg 585w\" sizes=\"auto, (max-width: 1700px) 100vw, 1700px\" width=\"1700\" height=\"500\"   \/><\/a>\n\n\n<div style=\"height:45px\" aria-hidden=\"true\" class=\"wp-block-spacer\"><\/div>\n\n\n\n<p>Desde el inicio de la presentaci\u00f3n durante la tarde del 5\/12\/23 en la sala Casa Guerrero, en el centro de la Ciudad Aut\u00f3noma de Buenos Aires, <strong>el designado nuevo secretario de Bioeconom\u00eda, Fernando Vilella,<\/strong> dej\u00f3 en claro que su intenci\u00f3n, en l\u00ednea con las pol\u00edticas del Ministerio de Econom\u00eda del cual depende, es <em>\u00abdesregular o realizar una regulaci\u00f3n efectiva, porque en el agro en muchos casos se necesita cierta regulaci\u00f3n porque la actividad est\u00e1 asociada al cuidado de la salud, y hay par\u00e1metros internacionales que deben responderse para salir al mundo\u00bb. <\/em><\/p>\n\n\n\n<div style=\"height:30px\" aria-hidden=\"true\" class=\"wp-block-spacer\"><\/div>\n\n\n<div class=\"wp-block-image\">\n<figure class=\"aligncenter size-full is-resized\"><a href=\"https:\/\/enolife.com.ar\/es\/wp-content\/uploads\/2023\/12\/360193bb-21d4-42c6-94d7-e24ac345dcb9.jpg\" data-rel=\"penci-gallery-image-content\" ><img loading=\"lazy\" decoding=\"async\" src=\"https:\/\/enolife.com.ar\/es\/wp-content\/uploads\/2023\/12\/360193bb-21d4-42c6-94d7-e24ac345dcb9.jpg\" alt=\"\" class=\"wp-image-107100\" width=\"651\" height=\"346\" srcset=\"https:\/\/enolife.com.ar\/es\/wp-content\/uploads\/2023\/12\/360193bb-21d4-42c6-94d7-e24ac345dcb9.jpg 941w, https:\/\/enolife.com.ar\/es\/wp-content\/uploads\/2023\/12\/360193bb-21d4-42c6-94d7-e24ac345dcb9-300x159.jpg 300w, https:\/\/enolife.com.ar\/es\/wp-content\/uploads\/2023\/12\/360193bb-21d4-42c6-94d7-e24ac345dcb9-768x408.jpg 768w, https:\/\/enolife.com.ar\/es\/wp-content\/uploads\/2023\/12\/360193bb-21d4-42c6-94d7-e24ac345dcb9-585x311.jpg 585w\" sizes=\"auto, (max-width: 651px) 100vw, 651px\" \/><\/a><figcaption class=\"wp-element-caption\"><em><strong>Fernando Vilella present\u00f3 a sus funcionarios designados en el marco de un encuentro con empresarios y l\u00edderes del agro en Buenos Aires.<\/strong><\/em><\/figcaption><\/figure><\/div>\n\n\n<div style=\"height:30px\" aria-hidden=\"true\" class=\"wp-block-spacer\"><\/div>\n\n\n\n<p>Con respecto a la inserci\u00f3n del pa\u00eds en los mercados internacionales con sus productos agroalimentarios, Vilella manifest\u00f3: <em>\u00abArgentina no est\u00e1 limitada por la demanda sino por la oferta, no somos capaces de construir oferta porque no somos capaces de generar inversiones, y para eso estamos pensando en una Ley de Inversiones, para que se multiplique la oferta, una Ley de Inversiones que no distinga entre regiones ni sectores, con la que todos tengamos las mismas reglas del juego, con instrumentos como amortizaci\u00f3n acelerada, devoluci\u00f3n inmediata del IVA, cuestiones laborales, etc. todos los cuales deben ser transversales a todos los sectores\u00bb.<\/em><\/p>\n\n\n\n<div style=\"height:15px\" aria-hidden=\"true\" class=\"wp-block-spacer\"><\/div>\n\n\n\n<blockquote class=\"wp-block-quote is-layout-flow wp-block-quote-is-layout-flow\">\n<p>El eje ordenador de toda nuestra estrategia es duplicar nuestras actuales exportaciones; hoy cada argentino exporta la mitad que un uruguayo y la tercera parte que un chileno, y creo que eso se puede logar en pocos a\u00f1os si damos los instrumentos adecuados\u00bb.<\/p>\n<cite>Fernando Vilella, secretario de Bioeconom\u00eda designado<\/cite><\/blockquote>\n\n\n\n<div style=\"height:21px\" aria-hidden=\"true\" class=\"wp-block-spacer\"><\/div>\n\n\n\n<p>En su caracter de especialista en Bioeconom\u00eda, Vilella se refiri\u00f3 a sus planes para la transformaci\u00f3n de las grandes cantidades de biomasa generada por las industrias argentinas en m\u00faltiples productos de valor: <em>\u00abEste tema de la opci\u00f3n vegetal tiene que ver tambi\u00e9n con la industria, donde estamos pensando en la trasnformaci\u00f3n de esa biomasa generada en m\u00faltiples productos que vayan reemplazando aquello que hasta hoy proviene de la petroqu\u00edmica y la industria pesada; all\u00ed algunas cosas se est\u00e1n haciendo pero se puede hacer mucho m\u00e1s, sobre todo en temas vinculados a los biomateriales de insumos de distinta naturaleza\u00bb.<\/em><\/p>\n\n\n\n<div style=\"height:20px\" aria-hidden=\"true\" class=\"wp-block-spacer\"><\/div>\n\n\n\n<p class=\"has-medium-font-size\"><strong>El equipo de la Secretar\u00eda de Bioeconom\u00eda<\/strong><\/p>\n\n\n\n<ul class=\"wp-block-list\">\n<li>Subsecretario de mercados agropecuarios: <strong>Agust\u00edn Tejeda<\/strong><\/li>\n\n\n\n<li>Subsecretario de bioeconom\u00eda e innovaci\u00f3n: <strong>Pablo Nardone<\/strong><\/li>\n\n\n\n<li>Jefatura de gabinete: <strong>Pedro Vigneau<\/strong> y <strong>Germ\u00e1n Paats<\/strong><\/li>\n\n\n\n<li>Direcci\u00f3n de Producci\u00f3n Vegetal: <strong>Nicol\u00e1s Bronzovich<\/strong><\/li>\n\n\n\n<li>Direcci\u00f3n de Producci\u00f3n Animal: <strong>Belisario Castillo<\/strong><\/li>\n\n\n\n<li>Direcci\u00f3n de Producci\u00f3n Lechera: <strong>Sebasti\u00e1n Alconada<\/strong><\/li>\n\n\n\n<li>Direcci\u00f3n de Producci\u00f3n Forestal:&nbsp;<strong>Sabina Vetter<\/strong><\/li>\n\n\n\n<li>Direcci\u00f3n de Control Agropecuario: <strong>Luis Maria Migliaro<\/strong><\/li>\n\n\n\n<li>Direcci\u00f3n de Negocios y Cooperaci\u00f3n Internacional: <strong>Maximiliano Moreno<\/strong><\/li>\n\n\n\n<li>Tecnolog\u00edas Digitales: <strong>Patricio Barbera<\/strong><\/li>\n\n\n\n<li>Bioenerg\u00edas: <strong>Miguel Almada<\/strong><\/li>\n\n\n\n<li>Unidad de desregulaci\u00f3n:<strong> Juli\u00e1n Echazarreta<\/strong> (ex funcionario de Luis Basterra)<\/li>\n\n\n\n<li>Presidente del INTA: <strong>Juan Cruz Molina<\/strong><\/li>\n\n\n\n<li>Vicepresidenta del INTA: <strong>Beatriz \u00abPilu\u00bb Giraudo<\/strong><\/li>\n\n\n\n<li>Presidente Senasa: <strong>Pablo Cortese<\/strong><\/li>\n\n\n\n<li>Vicepresidente Senasa: <strong>Sergio Roberts<\/strong><\/li>\n\n\n\n<li>Consejo Federal Agropecuario: <strong>Leo Sarqu\u00eds<\/strong><\/li>\n<\/ul>\n\n\n\n<div style=\"height:27px\" aria-hidden=\"true\" class=\"wp-block-spacer\"><\/div>\n\n\n\n<p>En otro momento de la presentaci\u00f3n, Vilella remarc\u00f3 el perfil biotecnol\u00f3gico que buscar\u00e1 imprimirle a su gesti\u00f3n:<em> \u00abEstamos atravesando el siglo de las tech y de las biolog\u00edas, el siglo pasado fue de la f\u00edsica y la qu\u00edmica, y esa biolog\u00eda y esas tech cuando se unen hacen cosas extraordinarias, que est\u00e1n acelerando todos los procesos de cambio que vivimos&#8230; Hace 3 o 4 a\u00f1os, frente al covid, en menos de un a\u00f1o el sistema cient\u00edfico internacional fue capaz de generar m\u00faltiples respuestas de vacunas de distintas plataformas y nunca jam\u00e1s hab\u00eda pasado en la historia, y eso tuvo que ver con ese cruzamiento de saberes tan eficaz&#8230; Despu\u00e9s faltaban frasquitos, faltaban jeringas, la faz industrial pas\u00f3 a ser la limitante en mucho de los casos, pero la innovaci\u00f3n fue lo decisivo. Por eso pensamos que los sistemas biol\u00f3gicos y los sistemas productivos que est\u00e1n empezando a aparecer tendr\u00e1n un recorrido promisorio y un gran protagonismo\u00bb.<\/em><\/p>\n\n\n\n<div style=\"height:19px\" aria-hidden=\"true\" class=\"wp-block-spacer\"><\/div>\n\n\n<div class=\"wp-block-image\">\n<figure class=\"alignleft size-full is-resized\"><a href=\"https:\/\/enolife.com.ar\/es\/wp-content\/uploads\/2023\/12\/carlos-tizio.jpg\" data-rel=\"penci-gallery-image-content\" ><img loading=\"lazy\" decoding=\"async\" src=\"https:\/\/enolife.com.ar\/es\/wp-content\/uploads\/2023\/12\/carlos-tizio.jpg\" alt=\"\" class=\"wp-image-107102\" width=\"328\" height=\"210\" srcset=\"https:\/\/enolife.com.ar\/es\/wp-content\/uploads\/2023\/12\/carlos-tizio.jpg 603w, https:\/\/enolife.com.ar\/es\/wp-content\/uploads\/2023\/12\/carlos-tizio-300x192.jpg 300w, https:\/\/enolife.com.ar\/es\/wp-content\/uploads\/2023\/12\/carlos-tizio-585x374.jpg 585w\" sizes=\"auto, (max-width: 328px) 100vw, 328px\" \/><\/a><\/figure><\/div>\n\n\n<p class=\"has-background\" style=\"background-color:#abb7c273\"><strong>Perfil del posible nuevo titular del INV<\/strong><br><br><strong>Carlos Tizio<\/strong> es ingeniero agr\u00f3nomo oriundo de La Plata y afincado en Mendoza hace a\u00f1os. Tiene un master en Vitivinicultura de la Universidad California Davis, EEUU. <br><br>Fue director t\u00e9cnico de Bodega Norton, CEO del Clos de los Siete y presidente del INV entre 2016 y 2020. Actualmente, est\u00e1 al frente de su proyecto personal Tizzio Family Wines.<\/p>\n\n\n\n<div style=\"height:30px\" aria-hidden=\"true\" class=\"wp-block-spacer\"><\/div>\n\n\n\n<p>Finalmente, Vilella destac\u00f3 que <em>\u00abeste sector agroindustrial juega un papel esencial en la construcci\u00f3n del futuro sostenible y pr\u00f3spero que creemos est\u00e1 basado en la innovaci\u00f3n. Y eso va a asegurar no s\u00f3lo la seguridad alimentaria de Argentina, que es una al\u00edcuota del potencial que tenemos, sino que nos integrar\u00e1 como un participante importante de la ciudad alimentaria global\u00bb.<\/em><\/p>\n\n\n\n<div style=\"height:35px\" aria-hidden=\"true\" class=\"wp-block-spacer\"><\/div>\n\n\n\n<p class=\"has-medium-font-size\"><strong>El cordob\u00e9s Juan Cruz Molina Hafford al frente del INTA<\/strong><\/p>\n\n\n\n<p>Vilella le propuso la presidencia del <strong>Instituto Nacional de Tecnolog\u00eda Agropecuaria (INTA)<\/strong> a su colega cordob\u00e9s <strong>Juan Cruz Molina Hafford<\/strong>, quien acept\u00f3 el cargo. El nuevo funcionario reemplazar\u00e1 en el cargo al tucumano Mariano Garmendia.<\/p>\n\n\n\n<div style=\"height:30px\" aria-hidden=\"true\" class=\"wp-block-spacer\"><\/div>\n\n\n<div class=\"wp-block-image\">\n<figure class=\"aligncenter size-full is-resized\"><a href=\"https:\/\/enolife.com.ar\/es\/wp-content\/uploads\/2023\/12\/Molina-JuanCruz_w.jpg\" data-rel=\"penci-gallery-image-content\" ><img loading=\"lazy\" decoding=\"async\" src=\"https:\/\/enolife.com.ar\/es\/wp-content\/uploads\/2023\/12\/Molina-JuanCruz_w.jpg\" alt=\"\" class=\"wp-image-107104\" width=\"575\" height=\"354\" srcset=\"https:\/\/enolife.com.ar\/es\/wp-content\/uploads\/2023\/12\/Molina-JuanCruz_w.jpg 650w, https:\/\/enolife.com.ar\/es\/wp-content\/uploads\/2023\/12\/Molina-JuanCruz_w-300x185.jpg 300w, https:\/\/enolife.com.ar\/es\/wp-content\/uploads\/2023\/12\/Molina-JuanCruz_w-585x360.jpg 585w\" sizes=\"auto, (max-width: 575px) 100vw, 575px\" \/><\/a><figcaption class=\"wp-element-caption\"><em><strong> Juan Cruz Molina Hafford, nombrado presidente del INTA<\/strong><\/em><\/figcaption><\/figure><\/div>\n\n\n<div style=\"height:30px\" aria-hidden=\"true\" class=\"wp-block-spacer\"><\/div>\n\n\n\n<p>Molina Hafford es el actual director del <strong>Centro Regional C\u00f3rdoba<\/strong> del INTA y ex secretario de Agricultura y Ganader\u00eda de C\u00f3rdoba, cargo que ocup\u00f3 durante 6 a\u00f1os en la gesti\u00f3n de Sergio Busso, desde donde fue un gran impulsor y coordinador del Programa de Buenas Pr\u00e1cticas Agropecuarias (BPA). <\/p>\n\n\n\n<p>Tambi\u00e9n fue asesor y miembro del Movimiento CREA en el centro-norte de C\u00f3rdoba, -donde hoy revista como directiva su esposa, la ingeniera Adriana Arnaldo-, con quien tambi\u00e9n mantiene una sociedad en la empresa Campo y Negocios SA.<\/p>\n\n\n\n<div style=\"height:30px\" aria-hidden=\"true\" class=\"wp-block-spacer\"><\/div>\n\n\n<div class=\"wp-block-image\">\n<figure class=\"aligncenter size-full is-resized\"><a href=\"https:\/\/enolife.com.ar\/es\/wp-content\/uploads\/2023\/12\/Pilu-Giraudo-prensa.jpg\" data-rel=\"penci-gallery-image-content\" ><img loading=\"lazy\" decoding=\"async\" src=\"https:\/\/enolife.com.ar\/es\/wp-content\/uploads\/2023\/12\/Pilu-Giraudo-prensa.jpg\" alt=\"\" class=\"wp-image-107105\" width=\"622\" height=\"406\" srcset=\"https:\/\/enolife.com.ar\/es\/wp-content\/uploads\/2023\/12\/Pilu-Giraudo-prensa.jpg 631w, https:\/\/enolife.com.ar\/es\/wp-content\/uploads\/2023\/12\/Pilu-Giraudo-prensa-300x196.jpg 300w, https:\/\/enolife.com.ar\/es\/wp-content\/uploads\/2023\/12\/Pilu-Giraudo-prensa-585x382.jpg 585w\" sizes=\"auto, (max-width: 622px) 100vw, 622px\" \/><\/a><figcaption class=\"wp-element-caption\"><em><strong>La flamante vicepresidenta del INTA Mar\u00eda Beatriz \u00abPilu\u00bb Giraudo<\/strong><\/em><\/figcaption><\/figure><\/div>\n\n\n<div style=\"height:30px\" aria-hidden=\"true\" class=\"wp-block-spacer\"><\/div>\n\n\n\n<p>Lo secundar\u00e1 como vicepresidenta del INTA la santafesina <strong>Mar\u00eda Beatriz \u00abPilu\u00bb Giraudo<\/strong>, integante de laes quinta generaci\u00f3n de productores en su familia, en la provincia de Santa Fe, tambi\u00e9n ingeniera agr\u00f3noma, productora y asesora, y presidente honoraria de la <strong>Asociaci\u00f3n Argentina de Productores en Siembra Directa (Aapresid)<\/strong>&nbsp;y una de las voces m\u00e1s respetadas a la hora de hablar de producci\u00f3n sustentable.<\/p>\n\n\n\n<div style=\"height:30px\" aria-hidden=\"true\" class=\"wp-block-spacer\"><\/div>\n\n\n\n<div style=\"height:36px\" aria-hidden=\"true\" class=\"wp-block-spacer\"><\/div>\n","protected":false},"excerpt":{"rendered":"<p>El ingeniero agr\u00f3nomo, investigador y ex decano de la Facultad de Agronom\u00eda de la Universidad&hellip;<\/p>\n","protected":false},"author":3,"featured_media":107098,"comment_status":"open","ping_status":"open","sticky":false,"template":"","format":"standard","meta":{"footnotes":""},"categories":[14],"tags":[],"class_list":["post-107078","post","type-post","status-publish","format-standard","has-post-thumbnail","hentry","category-news"],"_links":{"self":[{"href":"https:\/\/enolife.com.ar\/es\/wp-json\/wp\/v2\/posts\/107078","targetHints":{"allow":["GET"]}}],"collection":[{"href":"https:\/\/enolife.com.ar\/es\/wp-json\/wp\/v2\/posts"}],"about":[{"href":"https:\/\/enolife.com.ar\/es\/wp-json\/wp\/v2\/types\/post"}],"author":[{"embeddable":true,"href":"https:\/\/enolife.com.ar\/es\/wp-json\/wp\/v2\/users\/3"}],"replies":[{"embeddable":true,"href":"https:\/\/enolife.com.ar\/es\/wp-json\/wp\/v2\/comments?post=107078"}],"version-history":[{"count":0,"href":"https:\/\/enolife.com.ar\/es\/wp-json\/wp\/v2\/posts\/107078\/revisions"}],"wp:featuredmedia":[{"embeddable":true,"href":"https:\/\/enolife.com.ar\/es\/wp-json\/wp\/v2\/media\/107098"}],"wp:attachment":[{"href":"https:\/\/enolife.com.ar\/es\/wp-json\/wp\/v2\/media?parent=107078"}],"wp:term":[{"taxonomy":"category","embeddable":true,"href":"https:\/\/enolife.com.ar\/es\/wp-json\/wp\/v2\/categories?post=107078"},{"taxonomy":"post_tag","embeddable":true,"href":"https:\/\/enolife.com.ar\/es\/wp-json\/wp\/v2\/tags?post=107078"}],"curies":[{"name":"wp","href":"https:\/\/api.w.org\/{rel}","templated":true}]}}