{"id":107071,"date":"2023-12-06T18:02:34","date_gmt":"2023-12-06T18:02:34","guid":{"rendered":"https:\/\/enolife.com.ar\/es\/?p=107071"},"modified":"2023-12-07T18:52:50","modified_gmt":"2023-12-07T18:52:50","slug":"con-andres-malamud-y-maria-g-abalos-la-uncuyo-y-la-um-analizan-las-elecciones-2023-el-11-12","status":"publish","type":"post","link":"https:\/\/enolife.com.ar\/es\/con-andres-malamud-y-maria-g-abalos-la-uncuyo-y-la-um-analizan-las-elecciones-2023-el-11-12\/","title":{"rendered":"Con Andr\u00e9s Malamud y Mar\u00eda G. \u00c1balos, la UNCuyo y la UM analizan las elecciones 2023, el 11\/12"},"content":{"rendered":"\n<h4 class=\"wp-block-heading\"><em><strong>Con la organizaci\u00f3n de la Secretar\u00eda de Extensi\u00f3n de la Facultad de Derecho (FD) de la Universidad Nacional de Cuyo (UNCuyo) y la Universidad de Mendoza (UM), en conjunto con la Editorial El Derecho y la Fundaci\u00f3n Atenea, un grupo de expertos acad\u00e9micos en Ciencias Sociales y Derecho, encabezados por el investigador en Ciencias Pol\u00edticas y escritor Andr\u00e9s Malamud (foto principal) y por la jueza y docente de Derecho Constitucional mendocina Mar\u00eda Gabriela \u00c1balos, se realizar\u00e1 una jornada de relevamiento, an\u00e1lisis y conclusiones de las \u00faltimas elecciones argentinas en las provincias, municipios y Ciudad Aut\u00f3noma de Buenos Aires. La actividad es abierta y gratuita, con modalidad virtual, y tendr\u00e1 lugar el pr\u00f3ximo lunes 11\/12\/23 de 15 a 17 hs. La participaci\u00f3n es abierta y gratuita, con certificaci\u00f3n arancelada para quien lo solicite. Inscripciones: <a href=\"https:\/\/docs.google.com\/forms\/d\/e\/1FAIpQLSdHhfDQawiE5ZirMENRLEFwevE6LOBrqRxt0Y6eKqmf3xBFJg\/viewform\">Aqu\u00ed<\/a><\/strong><\/em>.<\/h4>\n\n\n\n<div style=\"height:35px\" aria-hidden=\"true\" class=\"wp-block-spacer\"><\/div>\n\n\n\n\n\n<div style=\"height:33px\" aria-hidden=\"true\" class=\"wp-block-spacer\"><\/div>\n\n\n\n<p>El <strong>suplemento especial dedicado a las elecciones 2023<\/strong> y sus resultados en las 23 provincias argentinas y sus respectivos municipios, m\u00e1s la Ciudad Aut\u00f3noma de Buenos Aires, publicado por <strong>El Derecho<\/strong>, forma parte del estudio<strong> \u201cElecciones Nacionales y Subanacionales en Argentina 2023 &#8211; 40 A\u00f1os de Democracia\u201d<\/strong>, llevado adelante por un equipo de expertos que integran el <strong>Proyecto Red Federal de Estudios Electorales (Refee)<\/strong>, siendo su director ejecutivo <strong>Cristian Altavilla<\/strong>. <\/p>\n\n\n\n<p>Este proyecto es motorizado por <strong>Politeia Consultora-Fundaci\u00f3n Atenea I+D<\/strong>. La Red Federal de Estudios Electorales es un grupo acad\u00e9mico de profesionales de las ciencias sociales que tiene como objetivo efectuar un relevamiento de las elecciones practicadas en cada una de las jurisdicciones argentinas. Con vocaci\u00f3n federal se nutre de especialistas de todas las provincias que han brindado los informes que se han ido elaborando en el marco del a\u00f1o electoral y de un nuevo aniversario de la democracia\u00a0argentina.<\/p>\n\n\n\n<div style=\"height:30px\" aria-hidden=\"true\" class=\"wp-block-spacer\"><\/div>\n\n\n<div class=\"wp-block-image\">\n<figure class=\"aligncenter size-full is-resized\"><a href=\"https:\/\/enolife.com.ar\/es\/wp-content\/uploads\/2023\/12\/maria-gabriela-abalos.jpg\" data-rel=\"penci-gallery-image-content\" ><img loading=\"lazy\" decoding=\"async\" src=\"https:\/\/enolife.com.ar\/es\/wp-content\/uploads\/2023\/12\/maria-gabriela-abalos.jpg\" alt=\"\" class=\"wp-image-107137\" width=\"584\" height=\"412\" srcset=\"https:\/\/enolife.com.ar\/es\/wp-content\/uploads\/2023\/12\/maria-gabriela-abalos.jpg 710w, https:\/\/enolife.com.ar\/es\/wp-content\/uploads\/2023\/12\/maria-gabriela-abalos-300x211.jpg 300w, https:\/\/enolife.com.ar\/es\/wp-content\/uploads\/2023\/12\/maria-gabriela-abalos-585x412.jpg 585w\" sizes=\"auto, (max-width: 584px) 100vw, 584px\" \/><\/a><figcaption class=\"wp-element-caption\"><em> <strong>Mar\u00eda Gabriela \u00c1balos<\/strong><\/em><\/figcaption><\/figure><\/div>\n\n\n<div style=\"height:30px\" aria-hidden=\"true\" class=\"wp-block-spacer\"><\/div>\n\n\n\n<p>Desde la <strong>Universidad Nacional de Cuyo (UNCuyo)<\/strong> y la <strong>Universidad de Mendoza (UM)<\/strong>, participa como coordinadora y expositora del conversatorio la profesora titular de Derecho Constitucional de las Facultades de Derecho de ambas casas de estudio, jueza <strong>Mar\u00eda Gabriela \u00c1balos<\/strong>.\u00a0<\/p>\n\n\n\n<div style=\"height:30px\" aria-hidden=\"true\" class=\"wp-block-spacer\"><\/div>\n\n\n\n<p>Este conversatorio se iniciar\u00e1 con la participaci\u00f3n del experto en Ciencias Pol\u00edticas <strong>Andr\u00e9s Malamud<\/strong> y luego\u00a0los referentes de\u00a0cada provincia y de la Ciudad Aut\u00f3noma de Buenos Aires (CABA) compartir\u00e1n el balance en torno a las elecciones a fin de mostrar renovaciones, cambios, reelecciones, composiciones legislativas y otros datos de inter\u00e9s.<\/p>\n\n\n<div class=\"wp-block-image\">\n<figure class=\"alignleft size-full is-resized\"><a href=\"https:\/\/enolife.com.ar\/es\/wp-content\/uploads\/2023\/12\/a8af4b73-a360-4ef5-8e47-a53ae4939d84.jpg\" data-rel=\"penci-gallery-image-content\" ><img loading=\"lazy\" decoding=\"async\" src=\"https:\/\/enolife.com.ar\/es\/wp-content\/uploads\/2023\/12\/a8af4b73-a360-4ef5-8e47-a53ae4939d84.jpg\" alt=\"\" class=\"wp-image-107139\" width=\"352\" height=\"352\" srcset=\"https:\/\/enolife.com.ar\/es\/wp-content\/uploads\/2023\/12\/a8af4b73-a360-4ef5-8e47-a53ae4939d84.jpg 400w, https:\/\/enolife.com.ar\/es\/wp-content\/uploads\/2023\/12\/a8af4b73-a360-4ef5-8e47-a53ae4939d84-300x300.jpg 300w, https:\/\/enolife.com.ar\/es\/wp-content\/uploads\/2023\/12\/a8af4b73-a360-4ef5-8e47-a53ae4939d84-150x150.jpg 150w\" sizes=\"auto, (max-width: 352px) 100vw, 352px\" \/><\/a><\/figure><\/div>\n\n\n<p class=\"has-background\" style=\"background-color:#abb7c278\"><strong>Costos de los certificados<\/strong><br>Estudiantes: $1.000<br>Graduados: $1.600<br>P\u00fablico en general: $2.500<br>La informaci\u00f3n de pago se encuentra en el formulario de inscripci\u00f3n<em><strong>: <\/strong><\/em><strong><a href=\"https:\/\/docs.google.com\/forms\/d\/e\/1FAIpQLSdHhfDQawiE5ZirMENRLEFwevE6LOBrqRxt0Y6eKqmf3xBFJg\/viewform\">Aqu\u00ed<\/a><\/strong><br><br><strong>D\u00eda y\u00a0horario<\/strong>: Lunes 11 de diciembre de 15 a 17 hs<br><br><strong>Modalidad<\/strong>: Virtual &#8211; ZOOM<br><strong>ID de reuni\u00f3n<\/strong>: 811 9158 0609<br><strong>C\u00f3digo de acceso<\/strong>: 309352<\/p>\n\n\n\n<div style=\"height:35px\" aria-hidden=\"true\" class=\"wp-block-spacer\"><\/div>\n\n\n\n<p class=\"has-medium-font-size\"><strong>Sobre Andr\u00e9s Malamud<\/strong><\/p>\n\n\n\n<p>Es investigador principal en el <strong>Instituto de Ciencias Sociales de la Universidad de Lisboa<\/strong>. Licenciado en Ciencia Pol\u00edtica por la <strong>Universidad de Buenos Aires<\/strong>, obtuvo su doctorado en el <strong>Instituto Universitario Europeo (Florencia, Italia)<\/strong>. Ha sido investigador visitante en el <strong>Instituto Max Planck (Heidelberg, Alemania)<\/strong> y en la <strong>Universidad de Maryland (College Park, Estados Unidos).<\/strong><\/p>\n\n\n\n<p>Sus intereses de investigaci\u00f3n abarcan las instituciones democr\u00e1ticas, la pol\u00edtica exterior comparada y los procesos de integraci\u00f3n regional. Sus \u00e1reas de especializaci\u00f3n geogr\u00e1fica son Europa y Am\u00e9rica Latina. Autor del libro&nbsp;El oficio m\u00e1s antiguo del mundo. Secretos, mentiras y belleza de la pol\u00edtica, sus trabajos han sido publicados en revistas acad\u00e9micas de 20 pa\u00edses.<\/p>\n\n\n\n<p>Malamud ha realizado tareas de consultor\u00eda para El Di\u00e1logo Interamericano, el Banco Interamericano de Desarrollo (BID) y el Banco de Desarrollo de Am\u00e9rica Latina (CAF). Ha integrado el comit\u00e9 ejecutivo de la Asociaci\u00f3n Latinoamericana de Ciencia Pol\u00edtica (Alacip) y es secretario general de la Asociaci\u00f3n Portuguesa de Ciencia Pol\u00edtica (APCP). Sus columnas de opini\u00f3n pueden leerse en La Naci\u00f3n, Clar\u00edn y El Pa\u00eds (Espa\u00f1a).<\/p>\n\n\n\n<div style=\"height:30px\" aria-hidden=\"true\" class=\"wp-block-spacer\"><\/div>\n","protected":false},"excerpt":{"rendered":"<p>Con la organizaci\u00f3n de la Secretar\u00eda de Extensi\u00f3n de la Facultad de Derecho (FD) de&hellip;<\/p>\n","protected":false},"author":3,"featured_media":107135,"comment_status":"open","ping_status":"open","sticky":false,"template":"","format":"standard","meta":{"footnotes":""},"categories":[47],"tags":[],"class_list":["post-107071","post","type-post","status-publish","format-standard","has-post-thumbnail","hentry","category-agenda"],"_links":{"self":[{"href":"https:\/\/enolife.com.ar\/es\/wp-json\/wp\/v2\/posts\/107071","targetHints":{"allow":["GET"]}}],"collection":[{"href":"https:\/\/enolife.com.ar\/es\/wp-json\/wp\/v2\/posts"}],"about":[{"href":"https:\/\/enolife.com.ar\/es\/wp-json\/wp\/v2\/types\/post"}],"author":[{"embeddable":true,"href":"https:\/\/enolife.com.ar\/es\/wp-json\/wp\/v2\/users\/3"}],"replies":[{"embeddable":true,"href":"https:\/\/enolife.com.ar\/es\/wp-json\/wp\/v2\/comments?post=107071"}],"version-history":[{"count":0,"href":"https:\/\/enolife.com.ar\/es\/wp-json\/wp\/v2\/posts\/107071\/revisions"}],"wp:featuredmedia":[{"embeddable":true,"href":"https:\/\/enolife.com.ar\/es\/wp-json\/wp\/v2\/media\/107135"}],"wp:attachment":[{"href":"https:\/\/enolife.com.ar\/es\/wp-json\/wp\/v2\/media?parent=107071"}],"wp:term":[{"taxonomy":"category","embeddable":true,"href":"https:\/\/enolife.com.ar\/es\/wp-json\/wp\/v2\/categories?post=107071"},{"taxonomy":"post_tag","embeddable":true,"href":"https:\/\/enolife.com.ar\/es\/wp-json\/wp\/v2\/tags?post=107071"}],"curies":[{"name":"wp","href":"https:\/\/api.w.org\/{rel}","templated":true}]}}