{"id":107016,"date":"2023-12-06T16:47:00","date_gmt":"2023-12-06T16:47:00","guid":{"rendered":"https:\/\/enolife.com.ar\/es\/?p=107016"},"modified":"2023-12-07T20:35:26","modified_gmt":"2023-12-07T20:35:26","slug":"gran-fiesta-de-la-bebida-nacional-el-7-12-en-la-nueva-plaza-del-vino-de-la-enoteca-de-mendoza","status":"publish","type":"post","link":"https:\/\/enolife.com.ar\/es\/gran-fiesta-de-la-bebida-nacional-el-7-12-en-la-nueva-plaza-del-vino-de-la-enoteca-de-mendoza\/","title":{"rendered":"Gran fiesta de la Bebida Nacional, el 7\/12 en la nueva Plaza del Vino de La Enoteca de Mendoza"},"content":{"rendered":"\n<h4 class=\"wp-block-heading\"><em><strong>El nuevo espacio p\u00fablico inaugurado el 5\/12\/23, situado entre la Enoteca de Mendoza y el ingreso al Centro de Exposiciones y Congresos, sobre calle Peltier al 611, ser\u00e1 el escenario ideal para cerrar el a\u00f1o celebrando al<\/strong><\/em> <em><strong>Vino Argentino, Bebida Nacional. La fiesta se llevar\u00e1 a cabo el 7\/11 de 20 a 24 hs, y all\u00ed se podr\u00e1n probar vinos blancos, tintos y dulces de Dilema Wines, de Bodega Estancia Mendoza, y Calle Lafi, de la bodega hom\u00f3nima de General Alvear, Mendoza. Tambi\u00e9n habr\u00e1 un puesto de comidas con bocadillos y platos pensados para maridar con esos vinos. Animar\u00e1 la fiesta la banda de m\u00fasica tropical Hidalgo y sus Gal\u00e1cticos y el DJ Josse. El costo de la entrada, que incluye 3 copas de vino bien servidas, es de $4.500 para p\u00fablico general y $4.000 para socios de La Enoteca Club. La entradas se pueden adquirir por Eventbrite, en el link que figura m\u00e1s abajo. <\/strong><\/em><\/h4>\n\n\n\n<div style=\"height:35px\" aria-hidden=\"true\" class=\"wp-block-spacer\"><\/div>\n\n\n\n\n\n<div style=\"height:45px\" aria-hidden=\"true\" class=\"wp-block-spacer\"><\/div>\n\n\n\n<p>En el atardecer del 5\/12\/23, el gobernador de la provincia de Mendoza, <strong>Rodolfo \u00abRody\u00bb Su\u00e1rez<\/strong>, junto a la ministra de Turismo y Cultura<strong> Nora Vicario<\/strong> y directivos del <strong>Fondo Vitivin\u00edcola<\/strong>, inauguraron el <strong>Patio del Vino<\/strong> en el <strong>Centro C\u00edvico de Mendoza<\/strong>. Es un nuevo espacio p\u00fablico en el coraz\u00f3n de la ciudad de Mendoza, con una peque\u00f1a vi\u00f1a \u00abde verdad\u00bb, representativa de las variedades que se plantan en esta provincia; una frondosa arboleda e instalaciones de servicio, situado en el predio entre la Enoteca (Centro Tem\u00e1tico del Vino) y el Centro de Exposiciones y Congresos de la Ciudad. All\u00ed, hace m\u00e1s de 100 a\u00f1os, se erigi\u00f3 la Quinta Agron\u00f3mica y la Escuela Nacional de Vitivinicultura, edificios de los que se conservan restos arquitect\u00f3nicos. All\u00ed, en esa \u00e9poca, se formaron los primeros profesionales de la vitivinicultura de Argentina y Am\u00e9rica Latina.<\/p>\n\n\n<div class=\"wp-block-image\">\n<figure class=\"alignleft size-large is-resized\"><a href=\"https:\/\/enolife.com.ar\/es\/wp-content\/uploads\/2023\/12\/a81fcf3b-471b-432a-bc7e-726752ad547f.jpg\" data-rel=\"penci-gallery-image-content\" ><img loading=\"lazy\" decoding=\"async\" src=\"https:\/\/enolife.com.ar\/es\/wp-content\/uploads\/2023\/12\/a81fcf3b-471b-432a-bc7e-726752ad547f-819x1024.jpg\" alt=\"\" class=\"wp-image-107092\" width=\"290\" height=\"363\" srcset=\"https:\/\/enolife.com.ar\/es\/wp-content\/uploads\/2023\/12\/a81fcf3b-471b-432a-bc7e-726752ad547f-819x1024.jpg 819w, https:\/\/enolife.com.ar\/es\/wp-content\/uploads\/2023\/12\/a81fcf3b-471b-432a-bc7e-726752ad547f-240x300.jpg 240w, https:\/\/enolife.com.ar\/es\/wp-content\/uploads\/2023\/12\/a81fcf3b-471b-432a-bc7e-726752ad547f-768x960.jpg 768w, https:\/\/enolife.com.ar\/es\/wp-content\/uploads\/2023\/12\/a81fcf3b-471b-432a-bc7e-726752ad547f-585x731.jpg 585w, https:\/\/enolife.com.ar\/es\/wp-content\/uploads\/2023\/12\/a81fcf3b-471b-432a-bc7e-726752ad547f.jpg 1080w\" sizes=\"auto, (max-width: 290px) 100vw, 290px\" \/><\/a><\/figure><\/div>\n\n\n<p>Para celebrar el cierre del a\u00f1o, La Enoteca realizar\u00e1 en ese nuevo espacio la Fiesta del Vino Argentino, dedicada a la Bebida Nacional. Ser\u00e1 el<strong> jueves 7\/12\/23, desde las 20 y hasta las 24 hs<\/strong>. De este modo, la flamante<strong> Plaza del Vino<\/strong> ser\u00e1 el escenario donde vino, atardecer y m\u00fasica se unir\u00e1n en una propuesta de puro placer.<\/p>\n\n\n\n<p>La invitaci\u00f3n es para mendocinos y turistas y, al ritmo de los brindis con blancos, tintos y dulces de las marcas <strong>Dilema Wines (Estancia Mendoza) y Calle Lafi<\/strong> (Bodega Calle Lafi, de General Alvear, Mendoza), sonar\u00e1 la divertida<strong> m\u00fasica tropical de Hidalgo y sus Gal\u00e1cticos y la selecci\u00f3n de temas del DJ Josse.<\/strong> <\/p>\n\n\n\n<p class=\"has-background\" style=\"background-color:#abb7c266\">La entrada incluir\u00e1 <strong>3 copas de vino<\/strong> y habr\u00e1 un <strong>puesto de comidas<\/strong> para quienes deseen maridar sus copas. El costo de la entrada es de $4.500 para p\u00fablico general y $4.000 para socios y socias de La Enoteca Club y ya est\u00e1n<strong> disponibles <a href=\"https:\/\/www.eventbrite.com.ar\/e\/fiesta-del-vino-argentino-tickets-769016748797?aff=erelexpmlt\" title=\"\">AQU\u00cd<\/a>. <\/strong><\/p>\n\n\n\n<div style=\"height:30px\" aria-hidden=\"true\" class=\"wp-block-spacer\"><\/div>\n","protected":false},"excerpt":{"rendered":"<p>El nuevo espacio p\u00fablico inaugurado el 5\/12\/23, situado entre la Enoteca de Mendoza y el&hellip;<\/p>\n","protected":false},"author":3,"featured_media":107118,"comment_status":"open","ping_status":"open","sticky":false,"template":"","format":"standard","meta":{"footnotes":""},"categories":[47],"tags":[],"class_list":["post-107016","post","type-post","status-publish","format-standard","has-post-thumbnail","hentry","category-agenda"],"_links":{"self":[{"href":"https:\/\/enolife.com.ar\/es\/wp-json\/wp\/v2\/posts\/107016","targetHints":{"allow":["GET"]}}],"collection":[{"href":"https:\/\/enolife.com.ar\/es\/wp-json\/wp\/v2\/posts"}],"about":[{"href":"https:\/\/enolife.com.ar\/es\/wp-json\/wp\/v2\/types\/post"}],"author":[{"embeddable":true,"href":"https:\/\/enolife.com.ar\/es\/wp-json\/wp\/v2\/users\/3"}],"replies":[{"embeddable":true,"href":"https:\/\/enolife.com.ar\/es\/wp-json\/wp\/v2\/comments?post=107016"}],"version-history":[{"count":0,"href":"https:\/\/enolife.com.ar\/es\/wp-json\/wp\/v2\/posts\/107016\/revisions"}],"wp:featuredmedia":[{"embeddable":true,"href":"https:\/\/enolife.com.ar\/es\/wp-json\/wp\/v2\/media\/107118"}],"wp:attachment":[{"href":"https:\/\/enolife.com.ar\/es\/wp-json\/wp\/v2\/media?parent=107016"}],"wp:term":[{"taxonomy":"category","embeddable":true,"href":"https:\/\/enolife.com.ar\/es\/wp-json\/wp\/v2\/categories?post=107016"},{"taxonomy":"post_tag","embeddable":true,"href":"https:\/\/enolife.com.ar\/es\/wp-json\/wp\/v2\/tags?post=107016"}],"curies":[{"name":"wp","href":"https:\/\/api.w.org\/{rel}","templated":true}]}}