{"id":106957,"date":"2023-12-05T01:00:26","date_gmt":"2023-12-05T01:00:26","guid":{"rendered":"https:\/\/enolife.com.ar\/es\/?p=106957"},"modified":"2023-12-06T18:02:57","modified_gmt":"2023-12-06T18:02:57","slug":"el-verones-paolo-arena-sucede-a-la-mendocina-mariana-juri-al-frente-de-grandes-capitales-del-vino","status":"publish","type":"post","link":"https:\/\/enolife.com.ar\/es\/el-verones-paolo-arena-sucede-a-la-mendocina-mariana-juri-al-frente-de-grandes-capitales-del-vino\/","title":{"rendered":"El veron\u00e9s Paolo Arena sucede a la mendocina Mariana Juri al frente de Grandes Capitales del Vino"},"content":{"rendered":"\n<h4 class=\"wp-block-heading\"><em><strong>El 1\/12 se llev\u00f3 a cabo en Lausana, Suiza, la Asamblea General Anual de la Red Grandes Capitales del Vino (Great Wine Capitals, GWC). Durante la reuni\u00f3n se eligi\u00f3 a la ciudad italiana de Verona -una de las 12 urbes del mundo que conforman la red- como sede de la pr\u00f3xima asamblea, que se llevar\u00e1 a cabo del 20 al 24 de octubre de 2024, y se nombr\u00f3 como nuevo presidente al empresario veron\u00e9s Paolo Arena, quien reemplaza a la experta en turismo y actual senadora mendocina, Mariana Juri, tras su mandato de 2 a\u00f1os. Arena es asesor de la C\u00e1mara de Comercio de Verona, entidad que forma parte de la GWC desde 2016.<\/strong><\/em><\/h4>\n\n\n\n<div style=\"height:35px\" aria-hidden=\"true\" class=\"wp-block-spacer\"><\/div>\n\n\n<a href=\"https:\/\/www.dellatoffola.com.ar\/es\/home\" aria-label=\"della toffolla 1700&#215;500\"><img loading=\"lazy\" decoding=\"async\" src=\"https:\/\/enolife.com.ar\/es\/wp-content\/uploads\/2023\/10\/della-toffolla-1700x500-2.png\" alt=\"\"  srcset=\"https:\/\/enolife.com.ar\/es\/wp-content\/uploads\/2023\/10\/della-toffolla-1700x500-2.png 1699w, https:\/\/enolife.com.ar\/es\/wp-content\/uploads\/2023\/10\/della-toffolla-1700x500-2-300x88.png 300w, https:\/\/enolife.com.ar\/es\/wp-content\/uploads\/2023\/10\/della-toffolla-1700x500-2-1024x301.png 1024w, https:\/\/enolife.com.ar\/es\/wp-content\/uploads\/2023\/10\/della-toffolla-1700x500-2-768x226.png 768w, https:\/\/enolife.com.ar\/es\/wp-content\/uploads\/2023\/10\/della-toffolla-1700x500-2-1536x451.png 1536w, https:\/\/enolife.com.ar\/es\/wp-content\/uploads\/2023\/10\/della-toffolla-1700x500-2-1170x344.png 1170w, https:\/\/enolife.com.ar\/es\/wp-content\/uploads\/2023\/10\/della-toffolla-1700x500-2-585x172.png 585w\" sizes=\"auto, (max-width: 1699px) 100vw, 1699px\" width=\"1699\" height=\"499\"   \/><\/a>\n\n\n<div style=\"height:45px\" aria-hidden=\"true\" class=\"wp-block-spacer\"><\/div>\n\n\n\n<p>Fundada en 1999 como una comunidad de ciudades globales que comparten un recurso econ\u00f3mico y cultural com\u00fan (conexiones con regiones vitivin\u00edcolas de renombre internacional), la&nbsp;red <strong>Grandes Capitales del Vino (GWC, por sus siglas en ingl\u00e9s)<\/strong>&nbsp;re\u00fane a 12 capitales mundiales del vino bajo una marca compartida, la vocaci\u00f3n de enoturismo: <strong>Adelaida, Australia del Sur;&nbsp;Bilbao-Rioja, Espa\u00f1a;&nbsp;Burdeos, Francia;&nbsp;Ciudad del Cabo-Cape Winelands, Sud\u00e1frica, Lausana, Suiza;&nbsp;Maguncia-Rin Hesse, Alemania;&nbsp;Mendoza, Argentina;&nbsp;Oporto, Portugal;&nbsp;San Francisco-Valle de Napa, Estados Unidos;&nbsp;Valle de Valpara\u00edso-Casablanca, Chile, Verona, Italia y Bah\u00eda de Hawke, Nueva Zelanda.<\/strong><\/p>\n\n\n\n<p>El 1\/12 tuvo lugar en la ciudad suiza de Lausana la Asamblea General Anual de la entidad, durante la cual se nombr\u00f3 al veron\u00e9s Paolo Arena como su nuevo presidente.  <\/p>\n\n\n\n<div style=\"height:30px\" aria-hidden=\"true\" class=\"wp-block-spacer\"><\/div>\n\n\n\n<blockquote class=\"wp-block-quote is-layout-flow wp-block-quote-is-layout-flow\">\n<p>Las 12 capitales cuentan con 34,5 millones de turistas al a\u00f1o, 49 millones de hectolitros de vino producidos, 644 mil hect\u00e1reas de vi\u00f1edos, 88 mil viticultores y 13 mil bodegas\u00bb.<\/p>\n<cite>Paolo Arena<\/cite><\/blockquote>\n\n\n\n<div style=\"height:30px\" aria-hidden=\"true\" class=\"wp-block-spacer\"><\/div>\n\n\n\n<p><strong>Paolo Arena es <\/strong>asesor de la<strong> C\u00e1mara de Comercio de Verona<\/strong> y ha cumplido la misi\u00f3n de aumentar la visibilidad de esta ciudad italiana y sus empresas en el sector del enoturismo, como componente del Comit\u00e9 Ejecutivo de las Grandes Capitales del Vino.&nbsp;Aporta una amplia experiencia derivada de su mandato como presidente de la asociaci\u00f3n profesional (<strong>Confcommercio Verona<\/strong>) y del aeropuerto Valerio Catullo. La C\u00e1mara de Comercio de Verona forma parte de la red Great Wine Capitals desde 2016.<\/p>\n\n\n\n<div style=\"height:30px\" aria-hidden=\"true\" class=\"wp-block-spacer\"><\/div>\n\n\n<div class=\"wp-block-image\">\n<figure class=\"aligncenter size-full is-resized\"><a href=\"https:\/\/enolife.com.ar\/es\/wp-content\/uploads\/2023\/12\/20210409150154-verona-veneto-gettyimages-610871156.jpg\" data-rel=\"penci-gallery-image-content\" ><img loading=\"lazy\" decoding=\"async\" src=\"https:\/\/enolife.com.ar\/es\/wp-content\/uploads\/2023\/12\/20210409150154-verona-veneto-gettyimages-610871156.jpg\" alt=\"\" class=\"wp-image-106994\" width=\"642\" height=\"373\" srcset=\"https:\/\/enolife.com.ar\/es\/wp-content\/uploads\/2023\/12\/20210409150154-verona-veneto-gettyimages-610871156.jpg 859w, https:\/\/enolife.com.ar\/es\/wp-content\/uploads\/2023\/12\/20210409150154-verona-veneto-gettyimages-610871156-300x175.jpg 300w, https:\/\/enolife.com.ar\/es\/wp-content\/uploads\/2023\/12\/20210409150154-verona-veneto-gettyimages-610871156-768x447.jpg 768w, https:\/\/enolife.com.ar\/es\/wp-content\/uploads\/2023\/12\/20210409150154-verona-veneto-gettyimages-610871156-585x341.jpg 585w\" sizes=\"auto, (max-width: 642px) 100vw, 642px\" \/><\/a><figcaption class=\"wp-element-caption\"><strong><em>Ponte Pietra, en Verona.<\/em><\/strong><\/figcaption><\/figure><\/div>\n\n\n<div style=\"height:30px\" aria-hidden=\"true\" class=\"wp-block-spacer\"><\/div>\n\n\n\n<p>Tras su elecci\u00f3n, el flamante presidente declar\u00f3: <em>\u00abEs un honor liderar esta red en colaboraci\u00f3n con todas las ciudades que forman las Grandes Capitales del Vino. La red fue fundada en 1999 entre ciudades que tienen como objetivo compartir conocimientos y experiencias. con el fin de desarrollar conexiones entre regiones vitivin\u00edcolas de renombre internacional. La Red re\u00fane a 12 capitales que tienen en com\u00fan una fuerte vocaci\u00f3n enotur\u00edstica.\u00bb<\/em> <\/p>\n\n\n\n<p>Y agreg\u00f3: <em>\u00abLas 12 zonas cuentan con 34,5 millones de turistas al a\u00f1o, 49 millones de hectolitros de vino producidos, 644 mil hect\u00e1reas de vi\u00f1edos, 88 mil viticultores y 13 mil bodegas. Nuestra misi\u00f3n es clara: potenciar las regiones vitivin\u00edcolas de las ciudades participantes, creando oportunidades de crecimiento para las empresas y el territorio. Seguir\u00e9, incluso en mi nuevo rol como Presidente, trabajando incansablemente para incrementar la perfil de nuestra Red Junto con nuestros colegas del Comit\u00e9 Ejecutivo, construiremos un futuro s\u00f3lido para el enoturismo.\u00bb<\/em><\/p>\n\n\n\n<div style=\"height:30px\" aria-hidden=\"true\" class=\"wp-block-spacer\"><\/div>\n\n\n<div class=\"wp-block-image\">\n<figure class=\"aligncenter size-full is-resized\"><a href=\"https:\/\/enolife.com.ar\/es\/wp-content\/uploads\/2023\/12\/arena-verona-1.jpg\" data-rel=\"penci-gallery-image-content\" ><img loading=\"lazy\" decoding=\"async\" src=\"https:\/\/enolife.com.ar\/es\/wp-content\/uploads\/2023\/12\/arena-verona-1.jpg\" alt=\"\" class=\"wp-image-106997\" width=\"635\" height=\"383\" srcset=\"https:\/\/enolife.com.ar\/es\/wp-content\/uploads\/2023\/12\/arena-verona-1.jpg 829w, https:\/\/enolife.com.ar\/es\/wp-content\/uploads\/2023\/12\/arena-verona-1-300x181.jpg 300w, https:\/\/enolife.com.ar\/es\/wp-content\/uploads\/2023\/12\/arena-verona-1-768x463.jpg 768w, https:\/\/enolife.com.ar\/es\/wp-content\/uploads\/2023\/12\/arena-verona-1-585x353.jpg 585w\" sizes=\"auto, (max-width: 635px) 100vw, 635px\" \/><\/a><figcaption class=\"wp-element-caption\"><strong><em>Anfiteatro Arena de Verona<\/em><\/strong><\/figcaption><\/figure><\/div>\n\n\n<div style=\"height:30px\" aria-hidden=\"true\" class=\"wp-block-spacer\"><\/div>\n\n\n\n<p><strong>Catherine Leparmentier, <\/strong>directora ejecutiva de<strong> Great Wine Capitals Global Network<\/strong>, dio la bienvenida con entusiasmo al nuevo l\u00edder y afirm\u00f3: <em>\u201cEstamos encantados de dar la bienvenida a Paolo Arena y <strong>Jo Collins<\/strong> (Australia) en sus respectivos roles como presidente y vicepresidente.&nbsp;Su experiencia colectiva y sus perspectivas \u00fanicas ser\u00e1n fundamentales para guiar a las Grandes Capitales del Vino hacia nuestra estrategia 2030 para los pr\u00f3ximos dos a\u00f1os.&nbsp;Nos guiar\u00e1n en nuestra misi\u00f3n de promover y conectar ciudades con las mejores regiones vitivin\u00edcolas del mundo para el intercambio de conocimientos, el turismo y la creaci\u00f3n de redes empresariales\u201d<\/em>.<\/p>\n\n\n\n<p>Por su parte <strong>Diego Begalli, <\/strong>presidente de <strong>MuVin<\/strong>, el ecomuseo internacional del vino de Verona afirm\u00f3: <em>\u201cEs una gran oportunidad para el sistema de Verona poder presidir la red de las Grandes Capitales del Vino\u00bb.<\/em><\/p>\n\n\n\n<p>Adem\u00e1s, Verona ser\u00e1 del 20 al 24 de octubre de 2024 la sede de la Asamblea General de las Grandes Capitales del Vino, donde se reunir\u00e1n representantes del sector enotur\u00edstico de las 12 capitales.<\/p>\n\n\n\n<div style=\"height:20px\" aria-hidden=\"true\" class=\"wp-block-spacer\"><\/div>\n\n\n\n<p class=\"has-small-font-size\"><strong><em>Fuente: C\u00e1mara de Comercio e Industria de Verona<\/em><\/strong><\/p>\n\n\n\n<div style=\"height:30px\" aria-hidden=\"true\" class=\"wp-block-spacer\"><\/div>\n","protected":false},"excerpt":{"rendered":"<p>El 1\/12 se llev\u00f3 a cabo en Lausana, Suiza, la Asamblea General Anual de la&hellip;<\/p>\n","protected":false},"author":3,"featured_media":106992,"comment_status":"open","ping_status":"open","sticky":false,"template":"","format":"standard","meta":{"footnotes":""},"categories":[14],"tags":[],"class_list":["post-106957","post","type-post","status-publish","format-standard","has-post-thumbnail","hentry","category-news"],"_links":{"self":[{"href":"https:\/\/enolife.com.ar\/es\/wp-json\/wp\/v2\/posts\/106957","targetHints":{"allow":["GET"]}}],"collection":[{"href":"https:\/\/enolife.com.ar\/es\/wp-json\/wp\/v2\/posts"}],"about":[{"href":"https:\/\/enolife.com.ar\/es\/wp-json\/wp\/v2\/types\/post"}],"author":[{"embeddable":true,"href":"https:\/\/enolife.com.ar\/es\/wp-json\/wp\/v2\/users\/3"}],"replies":[{"embeddable":true,"href":"https:\/\/enolife.com.ar\/es\/wp-json\/wp\/v2\/comments?post=106957"}],"version-history":[{"count":0,"href":"https:\/\/enolife.com.ar\/es\/wp-json\/wp\/v2\/posts\/106957\/revisions"}],"wp:featuredmedia":[{"embeddable":true,"href":"https:\/\/enolife.com.ar\/es\/wp-json\/wp\/v2\/media\/106992"}],"wp:attachment":[{"href":"https:\/\/enolife.com.ar\/es\/wp-json\/wp\/v2\/media?parent=106957"}],"wp:term":[{"taxonomy":"category","embeddable":true,"href":"https:\/\/enolife.com.ar\/es\/wp-json\/wp\/v2\/categories?post=106957"},{"taxonomy":"post_tag","embeddable":true,"href":"https:\/\/enolife.com.ar\/es\/wp-json\/wp\/v2\/tags?post=106957"}],"curies":[{"name":"wp","href":"https:\/\/api.w.org\/{rel}","templated":true}]}}