{"id":106803,"date":"2023-12-05T00:48:36","date_gmt":"2023-12-05T00:48:36","guid":{"rendered":"https:\/\/enolife.com.ar\/es\/?p=106803"},"modified":"2023-12-05T14:25:41","modified_gmt":"2023-12-05T14:25:41","slug":"eduardo-cordoba-titular-de-avm-debemos-optimizar-los-recursos-para-mantener-nuestras-fincas","status":"publish","type":"post","link":"https:\/\/enolife.com.ar\/es\/eduardo-cordoba-titular-de-avm-debemos-optimizar-los-recursos-para-mantener-nuestras-fincas\/","title":{"rendered":"Eduardo C\u00f3rdoba, titular de AVM: \u00abDebemos optimizar los recursos para mantener nuestras fincas\u00bb"},"content":{"rendered":"\n<h4 class=\"wp-block-heading\"><em><strong>El dirigente de la Asociaci\u00f3n de Vi\u00f1ateros de Mendoza (AVM) presidi\u00f3 el acto de cierre del a\u00f1o vitivin\u00edcola 2023 y, simb\u00f3licamente, el inicio de una nueva temporada de vendimia. Fue en el Parque de Servicios e Industrias (Pasip) de Palmira, San Mart\u00edn, Mendoza, ante unos 200 productores de toda la provincia. En el tradicional almuerzo, C\u00f3rdoba rese\u00f1\u00f3 las acciones de su entidad durante el a\u00f1o, puntualiz\u00f3 los problemas que enfrentan los productores primarios y advirti\u00f3 que la mejor manera de superar los desaf\u00edos y restricciones que vienen es fortaleciendo las instituciones del sector.  <\/strong><\/em><\/h4>\n\n\n\n<div style=\"height:35px\" aria-hidden=\"true\" class=\"wp-block-spacer\"><\/div>\n\n\n\n\n\n<div style=\"height:45px\" aria-hidden=\"true\" class=\"wp-block-spacer\"><\/div>\n\n\n\n<p>Cierre de a\u00f1o y comienzo de una nueva temporada de vendimia. Esas fueron las premisas del encuentro y tradicional almuerzo que la <strong>Asociaci\u00f3n Vi\u00f1ateros de Mendoza (AVM)<\/strong> ofreci\u00f3 el pasado s\u00e1bado 2\/12 en el  <strong>Parque de Servicios e Industrias (Pasip)<\/strong> de Palmira, San Mart\u00edn, Mendoza.<\/p>\n\n\n\n<div style=\"height:30px\" aria-hidden=\"true\" class=\"wp-block-spacer\"><\/div>\n\n\n<div class=\"wp-block-image\">\n<figure class=\"aligncenter size-full is-resized\"><a href=\"https:\/\/enolife.com.ar\/es\/wp-content\/uploads\/2023\/12\/a29b171d-23ab-4009-9521-b20ab73660d6.jpg\" data-rel=\"penci-gallery-image-content\" ><img loading=\"lazy\" decoding=\"async\" src=\"https:\/\/enolife.com.ar\/es\/wp-content\/uploads\/2023\/12\/a29b171d-23ab-4009-9521-b20ab73660d6.jpg\" alt=\"\" class=\"wp-image-107002\" width=\"600\" height=\"358\" srcset=\"https:\/\/enolife.com.ar\/es\/wp-content\/uploads\/2023\/12\/a29b171d-23ab-4009-9521-b20ab73660d6.jpg 1024w, https:\/\/enolife.com.ar\/es\/wp-content\/uploads\/2023\/12\/a29b171d-23ab-4009-9521-b20ab73660d6-300x180.jpg 300w, https:\/\/enolife.com.ar\/es\/wp-content\/uploads\/2023\/12\/a29b171d-23ab-4009-9521-b20ab73660d6-768x460.jpg 768w, https:\/\/enolife.com.ar\/es\/wp-content\/uploads\/2023\/12\/a29b171d-23ab-4009-9521-b20ab73660d6-585x350.jpg 585w\" sizes=\"auto, (max-width: 600px) 100vw, 600px\" \/><\/a><figcaption class=\"wp-element-caption\"><em><strong>Tradicional almuerzo que la Asociaci\u00f3n Vi\u00f1ateros de Mendoza (AVM)<\/strong><\/em><\/figcaption><\/figure><\/div>\n\n\n<div style=\"height:30px\" aria-hidden=\"true\" class=\"wp-block-spacer\"><\/div>\n\n\n\n<p>Durante la reuni\u00f3n, el titular de la entidad, <strong>Eduardo C\u00f3rdoba<\/strong>, realiz\u00f3 un balance de las actividades desarrolladas por la entidad durante el a\u00f1o, resaltando en primer lugar el alto inter\u00e9s y la participaci\u00f3n mayoritaria de los vi\u00f1ateros nucleados en AVM.<\/p>\n\n\n\n<p><em>\u201cVenimos arrastrando una disminuci\u00f3n de la producci\u00f3n por heladas, vientos y granizo <\/em>-manifest\u00f3 el dirigente. Y agreg\u00f3:<em> \u00abPor otro lado, los indicadores mundiales aducen que el consumo de vinos sigue mermando. Vienen \u00e9pocas nacionales donde deberemos optimizar al m\u00e1ximo los recursos y reducir los costos de producci\u00f3n para lograr mantener nuestras fincas; por eso creemos que el trabajo con las instituciones son el camino para obtener buenos resultados\u201d<\/em>.<\/p>\n\n\n\n<p>En otro momento del discurso, C\u00f3rdoba destac\u00f3 y puso en valor las diferentes acciones realizadas junto a la <strong>Corporaci\u00f3n Vitivin\u00edcola Argentina (Coviar)<\/strong>, tales como la asistencia a productores a trav\u00e9s del subsidio de poda y el programa de asistencia <strong>Proviar II.<\/strong> Al respecto, el directivo rescat\u00f3 el <strong>Programa de Cosecha Asistida<\/strong> para productores del oasis Norte de Mendoza y el <strong>Proyecto Pr\u00f3cer<\/strong> para los productores del departamento de San Rafael. Asimismo, se\u00f1al\u00f3 que AVM trabaj\u00f3 en la conformaci\u00f3n de la denominada <strong>Mesa Nacional de Productores de Uvas<\/strong> y que enprendi\u00f3 compras conjuntas de barbechos para abaratar costos.<\/p>\n\n\n\n<div style=\"height:30px\" aria-hidden=\"true\" class=\"wp-block-spacer\"><\/div>\n\n\n<div class=\"wp-block-image\">\n<figure class=\"aligncenter size-full is-resized\"><a href=\"https:\/\/enolife.com.ar\/es\/wp-content\/uploads\/2023\/12\/98b70f74-fde8-44c7-8031-850e9c10d9ae.jpg\" data-rel=\"penci-gallery-image-content\" ><img loading=\"lazy\" decoding=\"async\" src=\"https:\/\/enolife.com.ar\/es\/wp-content\/uploads\/2023\/12\/98b70f74-fde8-44c7-8031-850e9c10d9ae.jpg\" alt=\"\" class=\"wp-image-107008\" width=\"638\" height=\"387\" srcset=\"https:\/\/enolife.com.ar\/es\/wp-content\/uploads\/2023\/12\/98b70f74-fde8-44c7-8031-850e9c10d9ae.jpg 824w, https:\/\/enolife.com.ar\/es\/wp-content\/uploads\/2023\/12\/98b70f74-fde8-44c7-8031-850e9c10d9ae-300x182.jpg 300w, https:\/\/enolife.com.ar\/es\/wp-content\/uploads\/2023\/12\/98b70f74-fde8-44c7-8031-850e9c10d9ae-768x466.jpg 768w, https:\/\/enolife.com.ar\/es\/wp-content\/uploads\/2023\/12\/98b70f74-fde8-44c7-8031-850e9c10d9ae-585x355.jpg 585w\" sizes=\"auto, (max-width: 638px) 100vw, 638px\" \/><\/a><figcaption class=\"wp-element-caption\"><em><strong>Productores en la reuni\u00f3n de AVM, el 2\/12 en el Parque de Servicios e Industrias (Pasip) de Palmira<\/strong><\/em>.<\/figcaption><\/figure><\/div>\n\n\n<div style=\"height:23px\" aria-hidden=\"true\" class=\"wp-block-spacer\"><\/div>\n\n\n\n<p class=\"has-medium-font-size\"><strong>\u00abSin agua no hay vino ni Fiesta de la Vendimia\u00bb<\/strong><\/p>\n\n\n\n<p>En cuanto a los problemas que acarrea la sequ\u00eda y la escasez del vital recurso h\u00eddrico, el dirigente vitivin\u00edcola llam\u00f3 a cuidar el agua y pidi\u00f3 a los funcionarios a cargo del <strong>Departamento General de Irrigaci\u00f3n<\/strong> de Mendoza que garanticen el agua de riego para los productores de toda la provincia.<\/p>\n\n\n\n<p><em>\u00abSin agua no hay uvas en nuestras fincas, por ende, no hay vinos <\/em>-advirti\u00f3 C\u00f3rdoba<em>-; sin vinos no hay Fiesta de la Vendimia, no hay enoturismo, y todas las dem\u00e1s actividades que generan trabajo y cultura para la sociedad mendocina&#8230; Debemos hacernos escuchar para que las decisiones pol\u00edticas vayan acorde a las necesidades de nuestra provincia\u201d<\/em>.<\/p>\n\n\n\n<p>Adem\u00e1s de las actividades mencionadas, como <strong>capacitaciones en manejo de heladas, post heladas, nutrici\u00f3n y fertilizaci\u00f3n de vi\u00f1edos<\/strong>, C\u00f3rdoba destac\u00f3 la firma de un convenio de colaboraci\u00f3n entre AVM y el <strong>Instituto Nacional de Tecnolog\u00eda Agropecuaria (INTA)<\/strong>. Se inform\u00f3 a los productores presentes que el acuerdo seguir\u00e1 vigente durante 2024, al igual que la <strong>campa\u00f1a de c\u00e1lculo de precios sugeridos<\/strong> <strong>para el kilo de uva, el mosto y el vino<\/strong>, de manera que los productores, con esos valores de referencia, puedan defender sus ingresos.<\/p>\n\n\n\n<div style=\"height:35px\" aria-hidden=\"true\" class=\"wp-block-spacer\"><\/div>\n","protected":false},"excerpt":{"rendered":"<p>El dirigente de la Asociaci\u00f3n de Vi\u00f1ateros de Mendoza (AVM) presidi\u00f3 el acto de cierre&hellip;<\/p>\n","protected":false},"author":3,"featured_media":107005,"comment_status":"open","ping_status":"open","sticky":false,"template":"","format":"standard","meta":{"footnotes":""},"categories":[14],"tags":[],"class_list":["post-106803","post","type-post","status-publish","format-standard","has-post-thumbnail","hentry","category-news"],"_links":{"self":[{"href":"https:\/\/enolife.com.ar\/es\/wp-json\/wp\/v2\/posts\/106803","targetHints":{"allow":["GET"]}}],"collection":[{"href":"https:\/\/enolife.com.ar\/es\/wp-json\/wp\/v2\/posts"}],"about":[{"href":"https:\/\/enolife.com.ar\/es\/wp-json\/wp\/v2\/types\/post"}],"author":[{"embeddable":true,"href":"https:\/\/enolife.com.ar\/es\/wp-json\/wp\/v2\/users\/3"}],"replies":[{"embeddable":true,"href":"https:\/\/enolife.com.ar\/es\/wp-json\/wp\/v2\/comments?post=106803"}],"version-history":[{"count":0,"href":"https:\/\/enolife.com.ar\/es\/wp-json\/wp\/v2\/posts\/106803\/revisions"}],"wp:featuredmedia":[{"embeddable":true,"href":"https:\/\/enolife.com.ar\/es\/wp-json\/wp\/v2\/media\/107005"}],"wp:attachment":[{"href":"https:\/\/enolife.com.ar\/es\/wp-json\/wp\/v2\/media?parent=106803"}],"wp:term":[{"taxonomy":"category","embeddable":true,"href":"https:\/\/enolife.com.ar\/es\/wp-json\/wp\/v2\/categories?post=106803"},{"taxonomy":"post_tag","embeddable":true,"href":"https:\/\/enolife.com.ar\/es\/wp-json\/wp\/v2\/tags?post=106803"}],"curies":[{"name":"wp","href":"https:\/\/api.w.org\/{rel}","templated":true}]}}