{"id":106707,"date":"2023-12-01T22:32:17","date_gmt":"2023-12-01T22:32:17","guid":{"rendered":"https:\/\/enolife.com.ar\/es\/?p=106707"},"modified":"2024-02-26T22:16:28","modified_gmt":"2024-02-26T22:16:28","slug":"verallia-presento-su-nuevo-envase-borgona-ana-en-honor-a-la-reina-nacional-de-la-vendimia-2023","status":"publish","type":"post","link":"https:\/\/enolife.com.ar\/es\/verallia-presento-su-nuevo-envase-borgona-ana-en-honor-a-la-reina-nacional-de-la-vendimia-2023\/","title":{"rendered":"Verallia present\u00f3 su nuevo envase \u00abBorgo\u00f1a Ana\u00bb, en honor a la Reina Nacional de la Vendimia 2023"},"content":{"rendered":"\n<h4 class=\"wp-block-heading\"><em><strong>Verallia Argentina, la empresa con sede en Guaymall\u00e9n, Mendoza, l\u00edder en la fabricaci\u00f3n y comercializaci\u00f3n de envases de vidrio para la industria del vino y el aceite de oliva, lanz\u00f3 un nuevo envase en homenaje a Ana Laura Verde, Reina Nacional de la Vendimia. En su edici\u00f3n 2023, presentada en p\u00fablico el 30\/11\/23 en la Bodega Norton de Luj\u00e1n, Mendoza, la nueva botella es una versi\u00f3n \u00abEco\u00bb caracterizada por una notable reducci\u00f3n en su peso, pasando de 965 gramos a 790 gramos. Se destinar\u00e1 al segmento de vinos premium de alta gama. <\/strong><\/em><\/h4>\n\n\n\n<div style=\"height:42px\" aria-hidden=\"true\" class=\"wp-block-spacer\"><\/div>\n\n\n<a href=\"https:\/\/ar.verallia.com\/\" aria-label=\"VERALLIA 1700 x 500\"><img loading=\"lazy\" decoding=\"async\" src=\"https:\/\/enolife.com.ar\/es\/wp-content\/uploads\/2021\/04\/VERALLIA-1700-x-500.jpg\" alt=\"\"  srcset=\"https:\/\/enolife.com.ar\/es\/wp-content\/uploads\/2021\/04\/VERALLIA-1700-x-500.jpg 1700w, https:\/\/enolife.com.ar\/es\/wp-content\/uploads\/2021\/04\/VERALLIA-1700-x-500-300x88.jpg 300w, https:\/\/enolife.com.ar\/es\/wp-content\/uploads\/2021\/04\/VERALLIA-1700-x-500-1024x301.jpg 1024w, https:\/\/enolife.com.ar\/es\/wp-content\/uploads\/2021\/04\/VERALLIA-1700-x-500-768x226.jpg 768w, https:\/\/enolife.com.ar\/es\/wp-content\/uploads\/2021\/04\/VERALLIA-1700-x-500-1536x452.jpg 1536w, https:\/\/enolife.com.ar\/es\/wp-content\/uploads\/2021\/04\/VERALLIA-1700-x-500-1170x344.jpg 1170w, https:\/\/enolife.com.ar\/es\/wp-content\/uploads\/2021\/04\/VERALLIA-1700-x-500-585x172.jpg 585w\" sizes=\"auto, (max-width: 1700px) 100vw, 1700px\" width=\"1700\" height=\"500\"   \/><\/a>\n\n\n<div style=\"height:46px\" aria-hidden=\"true\" class=\"wp-block-spacer\"><\/div>\n\n\n\n<p>En un mercado vitivin\u00edcola que experimenta cambios en todo el mundo impulsados por la crisis ambiental, la nueva botella <strong>\u00abBorgo\u00f1a Ana\u00bb<\/strong> responde a las tendencias emergentes, contribuyendo a la reducci\u00f3n de la huella de carbono gracias a su menor peso y al menor uso de recursos naturales y energ\u00eda en su fabricaci\u00f3n.<\/p>\n\n\n\n<p>El lanzamiento de \u00abBorgo\u00f1a Ana\u00bb tuvo lugar en <strong>Bodega Norton de Luj\u00e1n, Mendoza<\/strong>, con la presencia de la <strong>Reina Nacional de la Vendimia 2023, Ana Laura Verde<\/strong>, oriunda del departamento mendocino La Paz y adem\u00e1s estudiante de enolog\u00eda. <\/p>\n\n\n\n<p>La joven soberana expres\u00f3 al respecto: <em>\u201cAgradezco a Verallia por presentar \u2018Borgo\u00f1a Ana\u2019 y engalanarnos cada a\u00f1o con una botella que lleva nuestro nombre, el de las Reinas Nacionales de la Vendimia. As\u00ed como cada botella lleva en su interior la m\u00e1s noble de las bebidas, nosotras llevamos en nuesto interior  el amor a la fiesta m\u00e1xima de los mendocinos y, en conjunto, representamos a la industria madre de nuestra provincia. Es un orgullo para m\u00ed recibir este homenaje que dar\u00e1 la vuelta al mundo a trav\u00e9s de una botella que, adem\u00e1s, responde a las nuevas tendencias de sustentabilidad que exige hoy en d\u00eda la industria&nbsp;vitivin\u00edcola\u201d.<\/em><\/p>\n\n\n\n<div style=\"height:18px\" aria-hidden=\"true\" class=\"wp-block-spacer\"><\/div>\n\n\n<div class=\"wp-block-image\">\n<figure class=\"aligncenter size-full is-resized\"><a href=\"https:\/\/enolife.com.ar\/es\/wp-content\/uploads\/2023\/11\/Borgona-Ana-el-nuevo-envase-de-Verallia-en-honor-a-la-Reina-Nacional-de-la-Vendimia-2023-1.jpg\" data-rel=\"penci-gallery-image-content\" ><img loading=\"lazy\" decoding=\"async\" src=\"https:\/\/enolife.com.ar\/es\/wp-content\/uploads\/2023\/11\/Borgona-Ana-el-nuevo-envase-de-Verallia-en-honor-a-la-Reina-Nacional-de-la-Vendimia-2023-1.jpg\" alt=\"\" class=\"wp-image-106717\" width=\"605\" height=\"352\" srcset=\"https:\/\/enolife.com.ar\/es\/wp-content\/uploads\/2023\/11\/Borgona-Ana-el-nuevo-envase-de-Verallia-en-honor-a-la-Reina-Nacional-de-la-Vendimia-2023-1.jpg 858w, https:\/\/enolife.com.ar\/es\/wp-content\/uploads\/2023\/11\/Borgona-Ana-el-nuevo-envase-de-Verallia-en-honor-a-la-Reina-Nacional-de-la-Vendimia-2023-1-300x175.jpg 300w, https:\/\/enolife.com.ar\/es\/wp-content\/uploads\/2023\/11\/Borgona-Ana-el-nuevo-envase-de-Verallia-en-honor-a-la-Reina-Nacional-de-la-Vendimia-2023-1-768x448.jpg 768w, https:\/\/enolife.com.ar\/es\/wp-content\/uploads\/2023\/11\/Borgona-Ana-el-nuevo-envase-de-Verallia-en-honor-a-la-Reina-Nacional-de-la-Vendimia-2023-1-585x341.jpg 585w\" sizes=\"auto, (max-width: 605px) 100vw, 605px\" \/><\/a><figcaption class=\"wp-element-caption\"><em><strong>\u00abBorgo\u00f1a Ana\u00bb, el nuevo envase de Verallia en honor a la reina nacional de la Vendimia 2023.<\/strong><\/em><\/figcaption><\/figure><\/div>\n\n\n<div style=\"height:30px\" aria-hidden=\"true\" class=\"wp-block-spacer\"><\/div>\n\n\n\n<p>Por su parte, <strong>Walter Formica<\/strong>, director general de Verallia, explic\u00f3: <em>\u201cEl envase que se tom\u00f3 como punto de partida se conoce como Borgo\u00f1a Cima y pesa 965 gramos. Hoy, la botella Borgo\u00f1a Ana se lanza con un peso de 790 gramos y mantiene sus caracter\u00edsticas de altura y picada. Este nuevo envase est\u00e1 destinado al segmento de vinos premium de alta gama\u201d<\/em>.<\/p>\n\n\n\n<div style=\"height:26px\" aria-hidden=\"true\" class=\"wp-block-spacer\"><\/div>\n\n\n<div class=\"wp-block-image\">\n<figure class=\"aligncenter size-full is-resized\"><a href=\"https:\/\/enolife.com.ar\/es\/wp-content\/uploads\/2023\/11\/Ana-Laura-Reina-Nacional-de-la-Vendimia-2023-durante-la-presentacion-de-la-nueva-botella-de-Verallia-1.jpg\" data-rel=\"penci-gallery-image-content\" ><img loading=\"lazy\" decoding=\"async\" src=\"https:\/\/enolife.com.ar\/es\/wp-content\/uploads\/2023\/11\/Ana-Laura-Reina-Nacional-de-la-Vendimia-2023-durante-la-presentacion-de-la-nueva-botella-de-Verallia-1.jpg\" alt=\"\" class=\"wp-image-106727\" width=\"650\" height=\"434\" srcset=\"https:\/\/enolife.com.ar\/es\/wp-content\/uploads\/2023\/11\/Ana-Laura-Reina-Nacional-de-la-Vendimia-2023-durante-la-presentacion-de-la-nueva-botella-de-Verallia-1.jpg 750w, https:\/\/enolife.com.ar\/es\/wp-content\/uploads\/2023\/11\/Ana-Laura-Reina-Nacional-de-la-Vendimia-2023-durante-la-presentacion-de-la-nueva-botella-de-Verallia-1-300x200.jpg 300w, https:\/\/enolife.com.ar\/es\/wp-content\/uploads\/2023\/11\/Ana-Laura-Reina-Nacional-de-la-Vendimia-2023-durante-la-presentacion-de-la-nueva-botella-de-Verallia-1-585x390.jpg 585w\" sizes=\"auto, (max-width: 650px) 100vw, 650px\" \/><\/a><figcaption class=\"wp-element-caption\"><em><strong>Ana Laura Verde, reina nacional de la Vendimia 2023, muy contenta con la botella que lleva su nombre.<\/strong><\/em><\/figcaption><\/figure><\/div>\n\n\n<div style=\"height:30px\" aria-hidden=\"true\" class=\"wp-block-spacer\"><\/div>\n\n\n\n<p><em>\u201cEl cambio clim\u00e1tico y el avance de las nuevas tecnolog\u00edas <\/em>-agreg\u00f3 Formica-<em> nos instan a innovar de manera disruptiva. Estamos presenciando un crecimiento en la demanda de productos m\u00e1s livianos, y con este nuevo envase, Verallia est\u00e1 a la vanguardia de estas tendencias sumando soluciones sostenibles, atractivas y que agregan valor al producto final\u201d<\/em>.<\/p>\n\n\n\n<div style=\"height:30px\" aria-hidden=\"true\" class=\"wp-block-spacer\"><\/div>\n\n\n<div class=\"wp-block-image\">\n<figure class=\"aligncenter size-full is-resized\"><a href=\"https:\/\/enolife.com.ar\/es\/wp-content\/uploads\/2023\/11\/Claudia-Ortiz-hospitalidad-de-bodegas-Norton-Ana-Laura-Verde-Walter-Formica-y-y-Santiago-Mestre-chef-ejecutivo-de-Norton.jpg\" data-rel=\"penci-gallery-image-content\" ><img loading=\"lazy\" decoding=\"async\" src=\"https:\/\/enolife.com.ar\/es\/wp-content\/uploads\/2023\/11\/Claudia-Ortiz-hospitalidad-de-bodegas-Norton-Ana-Laura-Verde-Walter-Formica-y-y-Santiago-Mestre-chef-ejecutivo-de-Norton.jpg\" alt=\"\" class=\"wp-image-106711\" width=\"622\" height=\"438\" srcset=\"https:\/\/enolife.com.ar\/es\/wp-content\/uploads\/2023\/11\/Claudia-Ortiz-hospitalidad-de-bodegas-Norton-Ana-Laura-Verde-Walter-Formica-y-y-Santiago-Mestre-chef-ejecutivo-de-Norton.jpg 710w, https:\/\/enolife.com.ar\/es\/wp-content\/uploads\/2023\/11\/Claudia-Ortiz-hospitalidad-de-bodegas-Norton-Ana-Laura-Verde-Walter-Formica-y-y-Santiago-Mestre-chef-ejecutivo-de-Norton-300x211.jpg 300w, https:\/\/enolife.com.ar\/es\/wp-content\/uploads\/2023\/11\/Claudia-Ortiz-hospitalidad-de-bodegas-Norton-Ana-Laura-Verde-Walter-Formica-y-y-Santiago-Mestre-chef-ejecutivo-de-Norton-585x412.jpg 585w\" sizes=\"auto, (max-width: 622px) 100vw, 622px\" \/><\/a><figcaption class=\"wp-element-caption\"><em><strong>Claudia Ortiz (hospitalidad de bodegas Norton), Ana Laura Verde, Walter Formica y y Santiago Mestre (chef ejecutivo de Norton).<\/strong><\/em><\/figcaption><\/figure><\/div>\n\n\n<div style=\"height:30px\" aria-hidden=\"true\" class=\"wp-block-spacer\"><\/div>\n\n\n\n<p>Esta iniciativa de Verallia naci\u00f3 en 2013 y, desde siempre su objetivo declarado ha sido brindar tributo a la actividad cultural m\u00e1s importante de la provincia de Mendoza y destacar el rol de las soberanas vendimiales como embajadoras de la vitivinicultura argentina.<\/p>\n\n\n\n<div style=\"height:30px\" aria-hidden=\"true\" class=\"wp-block-spacer\"><\/div>\n\n\n<div class=\"wp-block-image\">\n<figure class=\"aligncenter size-full is-resized\"><a href=\"https:\/\/enolife.com.ar\/es\/wp-content\/uploads\/2023\/11\/Ana-Laura-Verde-reina-nacional-de-la-Vendimia-2023-junto-a-los-integrantes-del-equipo-de-Verallia.jpg\" data-rel=\"penci-gallery-image-content\" ><img loading=\"lazy\" decoding=\"async\" src=\"https:\/\/enolife.com.ar\/es\/wp-content\/uploads\/2023\/11\/Ana-Laura-Verde-reina-nacional-de-la-Vendimia-2023-junto-a-los-integrantes-del-equipo-de-Verallia.jpg\" alt=\"\" class=\"wp-image-106710\" width=\"608\" height=\"384\" srcset=\"https:\/\/enolife.com.ar\/es\/wp-content\/uploads\/2023\/11\/Ana-Laura-Verde-reina-nacional-de-la-Vendimia-2023-junto-a-los-integrantes-del-equipo-de-Verallia.jpg 792w, https:\/\/enolife.com.ar\/es\/wp-content\/uploads\/2023\/11\/Ana-Laura-Verde-reina-nacional-de-la-Vendimia-2023-junto-a-los-integrantes-del-equipo-de-Verallia-300x189.jpg 300w, https:\/\/enolife.com.ar\/es\/wp-content\/uploads\/2023\/11\/Ana-Laura-Verde-reina-nacional-de-la-Vendimia-2023-junto-a-los-integrantes-del-equipo-de-Verallia-768x485.jpg 768w, https:\/\/enolife.com.ar\/es\/wp-content\/uploads\/2023\/11\/Ana-Laura-Verde-reina-nacional-de-la-Vendimia-2023-junto-a-los-integrantes-del-equipo-de-Verallia-585x369.jpg 585w\" sizes=\"auto, (max-width: 608px) 100vw, 608px\" \/><\/a><figcaption class=\"wp-element-caption\"><em><strong>Ana Laura Verde junto a los integrantes del equipo de Verallia.<\/strong><\/em><\/figcaption><\/figure><\/div>\n\n\n<div style=\"height:30px\" aria-hidden=\"true\" class=\"wp-block-spacer\"><\/div>\n\n\n\n<p>La nueva \u00abBorgo\u00f1a Ana\u00bb se suma a un cat\u00e1logo integrado por los diferentes modelos de botellas que llevan el nombre de las reinas de la Vendimia, las que se encuentran entre las m\u00e1s populares y son vendidas por Verallia Argentina para el mercado local e internacional, para vinos producidos en bodegas del pa\u00eds.<\/p>\n\n\n\n<div style=\"height:30px\" aria-hidden=\"true\" class=\"wp-block-spacer\"><\/div>\n\n\n<div class=\"wp-block-image\">\n<figure class=\"aligncenter size-full is-resized\"><a href=\"https:\/\/enolife.com.ar\/es\/wp-content\/uploads\/2023\/11\/Fabian-Sama-director-de-estrategias-culturales-Ana-Laura-Verde-reina-nacional-de-la-vendimia-2023-y-Alejandra-Gamboa-coordinadora-de-las-reinas-nacionales-de-Vendimia.jpg\" data-rel=\"penci-gallery-image-content\" ><img loading=\"lazy\" decoding=\"async\" src=\"https:\/\/enolife.com.ar\/es\/wp-content\/uploads\/2023\/11\/Fabian-Sama-director-de-estrategias-culturales-Ana-Laura-Verde-reina-nacional-de-la-vendimia-2023-y-Alejandra-Gamboa-coordinadora-de-las-reinas-nacionales-de-Vendimia.jpg\" alt=\"\" class=\"wp-image-106718\" width=\"644\" height=\"452\" srcset=\"https:\/\/enolife.com.ar\/es\/wp-content\/uploads\/2023\/11\/Fabian-Sama-director-de-estrategias-culturales-Ana-Laura-Verde-reina-nacional-de-la-vendimia-2023-y-Alejandra-Gamboa-coordinadora-de-las-reinas-nacionales-de-Vendimia.jpg 712w, https:\/\/enolife.com.ar\/es\/wp-content\/uploads\/2023\/11\/Fabian-Sama-director-de-estrategias-culturales-Ana-Laura-Verde-reina-nacional-de-la-vendimia-2023-y-Alejandra-Gamboa-coordinadora-de-las-reinas-nacionales-de-Vendimia-300x211.jpg 300w, https:\/\/enolife.com.ar\/es\/wp-content\/uploads\/2023\/11\/Fabian-Sama-director-de-estrategias-culturales-Ana-Laura-Verde-reina-nacional-de-la-vendimia-2023-y-Alejandra-Gamboa-coordinadora-de-las-reinas-nacionales-de-Vendimia-585x411.jpg 585w\" sizes=\"auto, (max-width: 644px) 100vw, 644px\" \/><\/a><figcaption class=\"wp-element-caption\"><em><strong>Fabi\u00e1n Sama (director de Estrategias Culturales del gobierno de Mendoza), Ana Laura Verde y Alejandra Gamboa (coordinadora de las reinas nacionales de Vendimia).<\/strong><\/em><\/figcaption><\/figure><\/div>\n\n\n<div style=\"height:30px\" aria-hidden=\"true\" class=\"wp-block-spacer\"><\/div>\n\n\n\n<p class=\"has-medium-font-size\"><strong>\u00abReimaginar el vidrio para un futuro sostenible\u00bb<\/strong><\/p>\n\n\n\n<p>En Verallia, el prop\u00f3sito declarado y lema es \u00abreimaginar el vidrio para un futuro sostenible\u00bb. Seg\u00fan explicaron sus directivos, <em>\u00abqueremos redefinir c\u00f3mo se produce, reutiliza y recicla el vidrio, para convertirlo en el material de embalaje m\u00e1s sostenible del mundo; para ello estamos uniendo fuerzas con nuestros clientes, proveedores y otros socios a lo largo de la cadena de valor para desarrollar nuevas soluciones beneficiosas y sostenibles para todos\u00bb.<\/em><\/p>\n\n\n\n<p>La empresa cuenta con unos 10.000 empleados y 34 plantas de producci\u00f3n de vidrio en 12 pa\u00edses. Son el l\u00edder europeo y el tercer productor mundial de envases de vidrio para bebidas y productos alimenticios. Ofrecen soluciones innovadoras, personalizadas y respetuosas con el medio ambiente a m\u00e1s de 10.000 empresas en todo el mundo. En 2022, Verallia produjo alrededor de 17.000 millones de botellas y frascos de vidrio y registr\u00f3 ingresos de 3,4 mil millones de euros. <\/p>\n\n\n\n<div style=\"height:25px\" aria-hidden=\"true\" class=\"wp-block-spacer\"><\/div>\n","protected":false},"excerpt":{"rendered":"<p>Verallia Argentina, la empresa con sede en Guaymall\u00e9n, Mendoza, l\u00edder en la fabricaci\u00f3n y comercializaci\u00f3n&hellip;<\/p>\n","protected":false},"author":3,"featured_media":106709,"comment_status":"open","ping_status":"open","sticky":false,"template":"","format":"standard","meta":{"footnotes":""},"categories":[57],"tags":[],"class_list":["post-106707","post","type-post","status-publish","format-standard","has-post-thumbnail","hentry","category-empresas"],"_links":{"self":[{"href":"https:\/\/enolife.com.ar\/es\/wp-json\/wp\/v2\/posts\/106707","targetHints":{"allow":["GET"]}}],"collection":[{"href":"https:\/\/enolife.com.ar\/es\/wp-json\/wp\/v2\/posts"}],"about":[{"href":"https:\/\/enolife.com.ar\/es\/wp-json\/wp\/v2\/types\/post"}],"author":[{"embeddable":true,"href":"https:\/\/enolife.com.ar\/es\/wp-json\/wp\/v2\/users\/3"}],"replies":[{"embeddable":true,"href":"https:\/\/enolife.com.ar\/es\/wp-json\/wp\/v2\/comments?post=106707"}],"version-history":[{"count":0,"href":"https:\/\/enolife.com.ar\/es\/wp-json\/wp\/v2\/posts\/106707\/revisions"}],"wp:featuredmedia":[{"embeddable":true,"href":"https:\/\/enolife.com.ar\/es\/wp-json\/wp\/v2\/media\/106709"}],"wp:attachment":[{"href":"https:\/\/enolife.com.ar\/es\/wp-json\/wp\/v2\/media?parent=106707"}],"wp:term":[{"taxonomy":"category","embeddable":true,"href":"https:\/\/enolife.com.ar\/es\/wp-json\/wp\/v2\/categories?post=106707"},{"taxonomy":"post_tag","embeddable":true,"href":"https:\/\/enolife.com.ar\/es\/wp-json\/wp\/v2\/tags?post=106707"}],"curies":[{"name":"wp","href":"https:\/\/api.w.org\/{rel}","templated":true}]}}