{"id":106616,"date":"2023-11-28T16:31:54","date_gmt":"2023-11-28T16:31:54","guid":{"rendered":"https:\/\/enolife.com.ar\/es\/?p=106616"},"modified":"2023-12-05T00:51:14","modified_gmt":"2023-12-05T00:51:14","slug":"la-oiv-y-la-onu-trabajan-juntos-para-preservar-los-recursos-fitogeneticos-de-la-vitivinicultura","status":"publish","type":"post","link":"https:\/\/enolife.com.ar\/es\/la-oiv-y-la-onu-trabajan-juntos-para-preservar-los-recursos-fitogeneticos-de-la-vitivinicultura\/","title":{"rendered":"La OIV y la ONU trabajan juntos para preservar los recursos fitogen\u00e9ticos de la vitivinicultura"},"content":{"rendered":"\n<h4 class=\"wp-block-heading\"><em><strong>La Organizaci\u00f3n Internacional de la Vid y el Vino (OIV) y la Agencia de la Organizaci\u00f3n de las Naciones Unidas que lidera el esfuerzo internacional para poner fin al hambre (FAO), firmaron una\u00a0carta de intenci\u00f3n considerada hist\u00f3rica para la conservaci\u00f3n de recursos fitogen\u00e9ticos de la agricultura en general y la vitivinicultura en particular, dentro del marco del\u00a0Tratado Internacional sobre los Recursos Fitogen\u00e9ticos para la Alimentaci\u00f3n y la Agricultura (Tirfaa). El objetivo, expresado en la reuni\u00f3n, es \u00abdetener y revertir la degradaci\u00f3n de la tierra y la p\u00e9rdida de biodiversidad\u00bb.<\/strong><\/em><\/h4>\n\n\n\n<div style=\"height:35px\" aria-hidden=\"true\" class=\"wp-block-spacer\"><\/div>\n\n\n<a href=\"https:\/\/www.instagram.com\/agroconciencia_\" aria-label=\"BANNER AGROCONCIENCIA 1700X500\"><img loading=\"lazy\" decoding=\"async\" src=\"https:\/\/enolife.com.ar\/es\/wp-content\/uploads\/2019\/07\/BANNER-AGROCONCIENCIA-1700X500-1.jpg\" alt=\"\"  srcset=\"https:\/\/enolife.com.ar\/es\/wp-content\/uploads\/2019\/07\/BANNER-AGROCONCIENCIA-1700X500-1.jpg 1700w, https:\/\/enolife.com.ar\/es\/wp-content\/uploads\/2019\/07\/BANNER-AGROCONCIENCIA-1700X500-1-300x88.jpg 300w, https:\/\/enolife.com.ar\/es\/wp-content\/uploads\/2019\/07\/BANNER-AGROCONCIENCIA-1700X500-1-1024x301.jpg 1024w, https:\/\/enolife.com.ar\/es\/wp-content\/uploads\/2019\/07\/BANNER-AGROCONCIENCIA-1700X500-1-768x226.jpg 768w, https:\/\/enolife.com.ar\/es\/wp-content\/uploads\/2019\/07\/BANNER-AGROCONCIENCIA-1700X500-1-1536x452.jpg 1536w, https:\/\/enolife.com.ar\/es\/wp-content\/uploads\/2019\/07\/BANNER-AGROCONCIENCIA-1700X500-1-1170x344.jpg 1170w, https:\/\/enolife.com.ar\/es\/wp-content\/uploads\/2019\/07\/BANNER-AGROCONCIENCIA-1700X500-1-585x172.jpg 585w\" sizes=\"auto, (max-width: 1700px) 100vw, 1700px\" width=\"1700\" height=\"500\"   \/><\/a>\n\n\n<div style=\"height:45px\" aria-hidden=\"true\" class=\"wp-block-spacer\"><\/div>\n\n\n\n<p>La ceremonia, que tuvo lugar el 21 de noviembre, fue firmada por el secretario del <strong>Tratado Internacional<\/strong>, <strong>Kent Nnadozie<\/strong>, y <strong>Luigi Moio<\/strong>, presidente de la <strong>OIV<\/strong>. <\/p>\n\n\n\n<p><em>\u00abLa importancia de este respaldo radica en el compromiso formal de dos organismos intergubernamentales, la FAO y la OIV, para defender iniciativas orientadas a dar forma al futuro tanto del sector vit\u00edcola como de la industria agr\u00edcola mundial en general\u00bb<\/em>, dijo Moio. <\/p>\n\n\n\n<p><em>\u00abLa firma de hoy va m\u00e1s all\u00e1 de la formalidad; representa nuestro fuerte compromiso de trabajar en colaboraci\u00f3n hacia un futuro sostenible para la agricultura global\u00bb<\/em>, dijo por su parte el secretario del Tratado Internacional, Nnadozie. Esto marca un paso estrat\u00e9gico para conservar conjuntamente los recursos fitogen\u00e9ticos, promover la biodiversidad y alinearse con el Objetivo de Desarrollo Sostenible 15 para \u00abdetener y revertir la degradaci\u00f3n de la tierra y la p\u00e9rdida de biodiversidad\u00bb.<\/p>\n\n\n\n<div style=\"height:13px\" aria-hidden=\"true\" class=\"wp-block-spacer\"><\/div>\n\n\n\n<h3 class=\"wp-block-heading has-vivid-red-color has-text-color\">Por recursos fitogen\u00e9ticos para la alimentaci\u00f3n y la agricultura se entiende&nbsp;cualquier material gen\u00e9tico de origen vegetal de valor real o potencial para la alimentaci\u00f3n y la agricultura.<\/h3>\n\n\n\n<div style=\"height:17px\" aria-hidden=\"true\" class=\"wp-block-spacer\"><\/div>\n\n\n\n<p>La carta de intenci\u00f3n firmada representa el compromiso mutuo de cooperar activamente en t\u00e9rminos pol\u00edticos, cient\u00edficos y t\u00e9cnicos para la conservaci\u00f3n y mejora de los recursos fitogen\u00e9ticos para la alimentaci\u00f3n y la agricultura, con un enfoque sostenible en el sector vit\u00edcola. Esta colaboraci\u00f3n une a ambas organizaciones en su compromiso con la conservaci\u00f3n de la biodiversidad del sector vitivin\u00edcola de la vid y el vino.<\/p>\n\n\n\n<div style=\"height:15px\" aria-hidden=\"true\" class=\"wp-block-spacer\"><\/div>\n\n\n\n<p class=\"has-medium-font-size\"><strong>Las acciones a desarrollar<\/strong><\/p>\n\n\n\n<p><strong>Desarrollo de Capacidades:<\/strong>&nbsp;Fomentar programas para el desarrollo de habilidades necesarias para la conservaci\u00f3n avanzada de los recursos fitogen\u00e9ticos.<\/p>\n\n\n\n<p><strong>Intercambio de Conocimiento:<\/strong>&nbsp;Promover activamente el intercambio de informaci\u00f3n relevante para el sector vit\u00edcola.<\/p>\n\n\n\n<p><strong>Adopci\u00f3n de est\u00e1ndares internacionales:<\/strong>&nbsp;Abogar por el uso de est\u00e1ndares de datos acordados internacionalmente para la documentaci\u00f3n de los recursos fitogen\u00e9ticos.<\/p>\n\n\n\n<p><strong>Provisi\u00f3n de recursos y financiaci\u00f3n:<\/strong>&nbsp;Garantizar los recursos necesarios para apoyar actividades colaborativas, as\u00ed como desarrollar iniciativas financieras para el progreso de objetivos compartidos, incluidos aquellos relacionados con el <strong>Objetivo de Desarrollo Sostenible 15,<\/strong> que pretende <em>\u201cproteger, restaurar y promover el uso sostenible de los ecosistemas terrestres, gestionar de forma sostenible los bosques, combatir la desertificaci\u00f3n, detener e invertir la degradaci\u00f3n de las tierras y detener la p\u00e9rdida de biodiversidad\u201d.<\/em><\/p>\n\n\n\n<p>El acto de firma estuvo precedido por una serie de presentaciones sobre la uva que profundizaron en la rica historia de la uva. Las sesiones cubrieron un espectro que iba desde la conservaci\u00f3n de germoplasma de vid antiguo hasta el desarrollo innovador de nuevas variedades resistentes a enfermedades.<\/p>\n\n\n\n<div style=\"height:20px\" aria-hidden=\"true\" class=\"wp-block-spacer\"><\/div>\n\n\n\n<p class=\"has-medium-font-size\"><strong>La bodega italiana Masi, custodio del patrimonio biovit\u00edcola<\/strong><\/p>\n\n\n\n<p>Durante el acto de firma, adem\u00e1s, se hizo hincapi\u00e9 en el compromiso inquebrantable de la bodega italiana <strong>Masi<\/strong> con la preservaci\u00f3n del patrimonio biovit\u00edcola. Entre los asistentes y exponentes del tema estuvieron <strong>Jean-Claude Ruf<\/strong>, director cient\u00edfico de la OIV; <strong>Luigi Bavaresco<\/strong>, secretario del Grupo de Expertos de la OIV; <strong>Alessandro Boscaini<\/strong>, octava generaci\u00f3n de la familia Boscaini y propietario de Masi Agricola; y <strong>Roberta Beber<\/strong>, agr\u00f3noma del Grupo T\u00e9cnico de Masi. El evento cerr\u00f3 con una cata de vinos elaborados por el vi\u00f1edo italiano Masi.<\/p>\n\n\n\n<p>Seg\u00fan expres\u00f3 Ruf, el director cient\u00edfico de la OIV, ante todas las delegaciones presentes, <em>\u00abteniendo en cuenta la resoluci\u00f3n 8\/2011 del Tratado Internacional sobre Plantas, el \u00f3rgano rector solicita fomentar la cooperaci\u00f3n con organizaciones internacionales como la OIV\u00bb<\/em>.<\/p>\n\n\n\n<p>En el encuentro se destac\u00f3 el inter\u00e9s de la OIV por desarrollar y reforzar un acuerdo de cooperaci\u00f3n a largo plazo con el <strong>Tratado Internacional sobre Plantas, <\/strong><em>\u00aben aras de los intereses comunes en materia de conservaci\u00f3n y protecci\u00f3n de los recursos gen\u00e9ticos de la vid, en particular\u00bb<\/em>, seg\u00fan afirm\u00f3 Ruf.<\/p>\n\n\n\n<div style=\"height:30px\" aria-hidden=\"true\" class=\"wp-block-spacer\"><\/div>\n","protected":false},"excerpt":{"rendered":"<p>La Organizaci\u00f3n Internacional de la Vid y el Vino (OIV) y la Agencia de la&hellip;<\/p>\n","protected":false},"author":3,"featured_media":106659,"comment_status":"open","ping_status":"open","sticky":false,"template":"","format":"standard","meta":{"footnotes":""},"categories":[14],"tags":[],"class_list":["post-106616","post","type-post","status-publish","format-standard","has-post-thumbnail","hentry","category-news"],"_links":{"self":[{"href":"https:\/\/enolife.com.ar\/es\/wp-json\/wp\/v2\/posts\/106616","targetHints":{"allow":["GET"]}}],"collection":[{"href":"https:\/\/enolife.com.ar\/es\/wp-json\/wp\/v2\/posts"}],"about":[{"href":"https:\/\/enolife.com.ar\/es\/wp-json\/wp\/v2\/types\/post"}],"author":[{"embeddable":true,"href":"https:\/\/enolife.com.ar\/es\/wp-json\/wp\/v2\/users\/3"}],"replies":[{"embeddable":true,"href":"https:\/\/enolife.com.ar\/es\/wp-json\/wp\/v2\/comments?post=106616"}],"version-history":[{"count":0,"href":"https:\/\/enolife.com.ar\/es\/wp-json\/wp\/v2\/posts\/106616\/revisions"}],"wp:featuredmedia":[{"embeddable":true,"href":"https:\/\/enolife.com.ar\/es\/wp-json\/wp\/v2\/media\/106659"}],"wp:attachment":[{"href":"https:\/\/enolife.com.ar\/es\/wp-json\/wp\/v2\/media?parent=106616"}],"wp:term":[{"taxonomy":"category","embeddable":true,"href":"https:\/\/enolife.com.ar\/es\/wp-json\/wp\/v2\/categories?post=106616"},{"taxonomy":"post_tag","embeddable":true,"href":"https:\/\/enolife.com.ar\/es\/wp-json\/wp\/v2\/tags?post=106616"}],"curies":[{"name":"wp","href":"https:\/\/api.w.org\/{rel}","templated":true}]}}