{"id":106334,"date":"2023-11-25T23:06:56","date_gmt":"2023-11-25T23:06:56","guid":{"rendered":"https:\/\/enolife.com.ar\/es\/?p=106334"},"modified":"2023-11-27T22:30:38","modified_gmt":"2023-11-27T22:30:38","slug":"el-festival-de-musica-francesa-y-argentina-jazzn-chacayes-llega-a-la-bodega-piedra-negra-el-2-12-23","status":"publish","type":"post","link":"https:\/\/enolife.com.ar\/es\/el-festival-de-musica-francesa-y-argentina-jazzn-chacayes-llega-a-la-bodega-piedra-negra-el-2-12-23\/","title":{"rendered":"El festival de m\u00fasica francesa y argentina Jazz&#8217;n Chacayes llega a la bodega Piedra Negra el 2\/12\/23"},"content":{"rendered":"\n<h4 class=\"wp-block-heading\"><em><strong>El encuentro que combina ritmos del jazz y el repertorio popular franc\u00e9s con m\u00fasica argentina y latinoamericana, interpretados por una banda multinacional de reconocidos int\u00e9rpretes, con su director cordob\u00e9s afincado en Francia Minino Garay como compositor y director, tendr\u00e1 como sede la bodega Piedra Negra de Los Chacayes, Tunuy\u00e1n, Valle de Uco. En un marco de belleza natural, con la cordillera de los Andes y sus picos nevados como al alcance de la mano, el tambi\u00e9n denominado\u00a0Divino Festival vuelve al escenario que lo vio nacer. La cita es el pr\u00f3ximo s\u00e1bado 2 de diciembre a partir de las 19 hs., con la posibilidad de probar los mejores vinos de la bodega y la IG Los Chacayes y disfrutar de una gastronom\u00eda especialmente dise\u00f1ada para la ocasi\u00f3n.<\/strong><\/em><\/h4>\n\n\n\n<div style=\"height:35px\" aria-hidden=\"true\" class=\"wp-block-spacer\"><\/div>\n\n\n<a href=\"https:\/\/ar.verallia.com\/\" aria-label=\"VERALLIA 1700 x 500\"><img loading=\"lazy\" decoding=\"async\" src=\"https:\/\/enolife.com.ar\/es\/wp-content\/uploads\/2021\/04\/VERALLIA-1700-x-500.jpg\" alt=\"\"  srcset=\"https:\/\/enolife.com.ar\/es\/wp-content\/uploads\/2021\/04\/VERALLIA-1700-x-500.jpg 1700w, https:\/\/enolife.com.ar\/es\/wp-content\/uploads\/2021\/04\/VERALLIA-1700-x-500-300x88.jpg 300w, https:\/\/enolife.com.ar\/es\/wp-content\/uploads\/2021\/04\/VERALLIA-1700-x-500-1024x301.jpg 1024w, https:\/\/enolife.com.ar\/es\/wp-content\/uploads\/2021\/04\/VERALLIA-1700-x-500-768x226.jpg 768w, https:\/\/enolife.com.ar\/es\/wp-content\/uploads\/2021\/04\/VERALLIA-1700-x-500-1536x452.jpg 1536w, https:\/\/enolife.com.ar\/es\/wp-content\/uploads\/2021\/04\/VERALLIA-1700-x-500-1170x344.jpg 1170w, https:\/\/enolife.com.ar\/es\/wp-content\/uploads\/2021\/04\/VERALLIA-1700-x-500-585x172.jpg 585w\" sizes=\"auto, (max-width: 1700px) 100vw, 1700px\" width=\"1700\" height=\"500\"   \/><\/a>\n\n\n<div style=\"height:45px\" aria-hidden=\"true\" class=\"wp-block-spacer\"><\/div>\n\n\n\n<p>Una vez m\u00e1s, el <strong>Valle de Uco<\/strong> mendocino recibir\u00e1 a reconocidos m\u00fasicos de Jazz argentinos y franceses, quienes interpretar\u00e1n sus propias composiciones en la bodega Piedra Negra. All\u00ed, los asistentes podr\u00e1n disfrutar tambi\u00e9n los buenos vinos del establecimiento, as\u00ed como los de otros productores pertenecientes a la&nbsp;<strong>Indicaci\u00f3n Geogr\u00e1fica Los Chacayes<\/strong>, en un renovado espacio de degustaci\u00f3n estilo feria, con platos especialmente creados para la ocasi\u00f3n por la empresa gastron\u00f3mica <strong>Aut\u00e9ntico Mendoza<\/strong>.<\/p>\n\n\n\n<p>De este modo,&nbsp;<strong>Piedra Negra<\/strong>&nbsp;reitera un evento que apunta a fortalecer los lazos culturales con&nbsp;<strong>Francia<\/strong>, pa\u00eds estrechamente ligado a la esencia de la bodega desde sus or\u00edgenes.<\/p>\n\n\n\n<div style=\"height:29px\" aria-hidden=\"true\" class=\"wp-block-spacer\"><\/div>\n\n\n<div class=\"wp-block-image\">\n<figure class=\"aligncenter size-full is-resized\"><a href=\"https:\/\/enolife.com.ar\/es\/wp-content\/uploads\/2023\/11\/37dae28a-eaa9-32c4-3659-282ad545dabc.jpg\" data-rel=\"penci-gallery-image-content\" ><img loading=\"lazy\" decoding=\"async\" src=\"https:\/\/enolife.com.ar\/es\/wp-content\/uploads\/2023\/11\/37dae28a-eaa9-32c4-3659-282ad545dabc.jpg\" alt=\"\" class=\"wp-image-106355\" width=\"629\" height=\"363\" srcset=\"https:\/\/enolife.com.ar\/es\/wp-content\/uploads\/2023\/11\/37dae28a-eaa9-32c4-3659-282ad545dabc.jpg 866w, https:\/\/enolife.com.ar\/es\/wp-content\/uploads\/2023\/11\/37dae28a-eaa9-32c4-3659-282ad545dabc-300x173.jpg 300w, https:\/\/enolife.com.ar\/es\/wp-content\/uploads\/2023\/11\/37dae28a-eaa9-32c4-3659-282ad545dabc-768x443.jpg 768w, https:\/\/enolife.com.ar\/es\/wp-content\/uploads\/2023\/11\/37dae28a-eaa9-32c4-3659-282ad545dabc-585x338.jpg 585w\" sizes=\"auto, (max-width: 629px) 100vw, 629px\" \/><\/a><\/figure><\/div>\n\n\n<div style=\"height:30px\" aria-hidden=\"true\" class=\"wp-block-spacer\"><\/div>\n\n\n<div class=\"wp-block-image\">\n<figure class=\"aligncenter size-full is-resized\"><a href=\"https:\/\/enolife.com.ar\/es\/wp-content\/uploads\/2023\/11\/a5156f9f-566f-65b6-f90c-888508b0c6aa.jpg\" data-rel=\"penci-gallery-image-content\" ><img loading=\"lazy\" decoding=\"async\" src=\"https:\/\/enolife.com.ar\/es\/wp-content\/uploads\/2023\/11\/a5156f9f-566f-65b6-f90c-888508b0c6aa.jpg\" alt=\"\" class=\"wp-image-106364\" width=\"641\" height=\"326\" srcset=\"https:\/\/enolife.com.ar\/es\/wp-content\/uploads\/2023\/11\/a5156f9f-566f-65b6-f90c-888508b0c6aa.jpg 983w, https:\/\/enolife.com.ar\/es\/wp-content\/uploads\/2023\/11\/a5156f9f-566f-65b6-f90c-888508b0c6aa-300x153.jpg 300w, https:\/\/enolife.com.ar\/es\/wp-content\/uploads\/2023\/11\/a5156f9f-566f-65b6-f90c-888508b0c6aa-768x391.jpg 768w, https:\/\/enolife.com.ar\/es\/wp-content\/uploads\/2023\/11\/a5156f9f-566f-65b6-f90c-888508b0c6aa-585x298.jpg 585w\" sizes=\"auto, (max-width: 641px) 100vw, 641px\" \/><\/a><\/figure><\/div>\n\n\n<div style=\"height:30px\" aria-hidden=\"true\" class=\"wp-block-spacer\"><\/div>\n\n\n\n<p>La experiencia forma parte del tour&nbsp;<strong>Divino International Music Festival 2023<\/strong>&nbsp;y se realizar\u00e1 tambi\u00e9n el 30 de noviembre en la&nbsp;<strong>Ciudad de Buenos Aires<\/strong>&nbsp;y 8 y 9 de diciembre en&nbsp;<strong>C\u00f3rdoba<\/strong>.<\/p>\n\n\n\n<div style=\"height:22px\" aria-hidden=\"true\" class=\"wp-block-spacer\"><\/div>\n\n\n\n<p class=\"has-medium-font-size\"><strong>El festival en detalle<\/strong><\/p>\n\n\n\n<p>Por s\u00e9ptimo a\u00f1o consecutivo, el Divino Festival re\u00fane a los m\u00fasicos de jazz m\u00e1s reconocidos en torno al percusionista y vehemente director argentino instalado en Francia, Minino Garay. La idea es traer a Am\u00e9rica Latina a los mejores m\u00fasicos franceses, que puedan tocar sus propias composiciones, pero tambi\u00e9n y especialmente tocar con m\u00fasicos locales.<\/p>\n\n\n\n<div style=\"height:30px\" aria-hidden=\"true\" class=\"wp-block-spacer\"><\/div>\n\n\n<div class=\"wp-block-image\">\n<figure class=\"aligncenter size-full is-resized\"><a href=\"https:\/\/enolife.com.ar\/es\/wp-content\/uploads\/2023\/11\/49b3f433-c585-bdd8-938c-d35127360928.jpg\" data-rel=\"penci-gallery-image-content\" ><img loading=\"lazy\" decoding=\"async\" src=\"https:\/\/enolife.com.ar\/es\/wp-content\/uploads\/2023\/11\/49b3f433-c585-bdd8-938c-d35127360928.jpg\" alt=\"\" class=\"wp-image-106356\" width=\"659\" height=\"398\" srcset=\"https:\/\/enolife.com.ar\/es\/wp-content\/uploads\/2023\/11\/49b3f433-c585-bdd8-938c-d35127360928.jpg 827w, https:\/\/enolife.com.ar\/es\/wp-content\/uploads\/2023\/11\/49b3f433-c585-bdd8-938c-d35127360928-300x181.jpg 300w, https:\/\/enolife.com.ar\/es\/wp-content\/uploads\/2023\/11\/49b3f433-c585-bdd8-938c-d35127360928-768x464.jpg 768w, https:\/\/enolife.com.ar\/es\/wp-content\/uploads\/2023\/11\/49b3f433-c585-bdd8-938c-d35127360928-585x354.jpg 585w\" sizes=\"auto, (max-width: 659px) 100vw, 659px\" \/><\/a><\/figure><\/div>\n\n\n<div style=\"height:30px\" aria-hidden=\"true\" class=\"wp-block-spacer\"><\/div>\n\n\n\n<p>Se trata de un proyecto multicultural, en donde la sinergia de estos artistas hiper creativos, viajeros y en su mayor\u00eda poliinstrumentistas, dar\u00e1 lugar a una serie de conciertos en las provincias de Mendoza, C\u00f3rdoba y en la Ciudad de Buenos Aires, como puentes entre continentes, ritmos y estilos y con el jazz como premisa.<br><br>Minino Garay presenta su jazz del mundo a imagen de su singular camino musical, iniciado en C\u00f3rdoba, donde los ritmos populares como la cumbia, el cuarteto y el folclore cimentaron una personalidad ecl\u00e9ctica que luego se nutri\u00f3 del jazz, la m\u00fasica popular y el cancionero franc\u00e9s.<\/p>\n\n\n\n<div style=\"height:20px\" aria-hidden=\"true\" class=\"wp-block-spacer\"><\/div>\n\n\n\n<h4 class=\"wp-block-heading has-vivid-red-color has-text-color\">Las entradas anticipadas con descuento ya se pueden adquirir ingresando <a href=\"https:\/\/www.eventbrite.com.ar\/e\/festival-divino-jazz-n-chacayes-tickets-749382522297?aff=oddtdtcreator\" title=\"\">AQU\u00cd <\/a>desde $20.000 (m\u00e1s service charge), que incluyen el acceso al show de m\u00fasica y la degustaci\u00f3n de vinos.<\/h4>\n\n\n\n<div style=\"height:20px\" aria-hidden=\"true\" class=\"wp-block-spacer\"><\/div>\n\n\n\n<p class=\"has-background\" style=\"background-color:#abb7c24d\"><strong>Bodegas presentes de la IG Los Chacayes:<\/strong> Coraz\u00f3n del Sol; La Coste de los Andes; La Vigilia, entre otras.<\/p>\n\n\n\n<div style=\"height:35px\" aria-hidden=\"true\" class=\"wp-block-spacer\"><\/div>\n\n\n\n<p class=\"has-medium-font-size\"><strong>Los artistas<\/strong><\/p>\n\n\n\n<p><strong>Sabrina Romero <\/strong>(voz, bailaora), <strong>Paloma Pradal<\/strong> (voz), <strong>Pierre Bertrand<\/strong> (saxof\u00f3n), <strong>Pablo Murgier<\/strong> (piano), <strong>Mariano Martos<\/strong> (bajo) y <strong>Minino Garay<\/strong> (percusi\u00f3n y direcci\u00f3n).<\/p>\n\n\n\n<div style=\"height:30px\" aria-hidden=\"true\" class=\"wp-block-spacer\"><\/div>\n\n\n<div class=\"wp-block-image\">\n<figure class=\"aligncenter size-full is-resized\"><a href=\"https:\/\/enolife.com.ar\/es\/wp-content\/uploads\/2023\/11\/https___cdn.evbuc_.com_images_633968859_527020824261_1_original.jpg\" data-rel=\"penci-gallery-image-content\" ><img loading=\"lazy\" decoding=\"async\" src=\"https:\/\/enolife.com.ar\/es\/wp-content\/uploads\/2023\/11\/https___cdn.evbuc_.com_images_633968859_527020824261_1_original.jpg\" alt=\"\" class=\"wp-image-106365\" width=\"649\" height=\"384\" srcset=\"https:\/\/enolife.com.ar\/es\/wp-content\/uploads\/2023\/11\/https___cdn.evbuc_.com_images_633968859_527020824261_1_original.jpg 719w, https:\/\/enolife.com.ar\/es\/wp-content\/uploads\/2023\/11\/https___cdn.evbuc_.com_images_633968859_527020824261_1_original-300x177.jpg 300w, https:\/\/enolife.com.ar\/es\/wp-content\/uploads\/2023\/11\/https___cdn.evbuc_.com_images_633968859_527020824261_1_original-585x346.jpg 585w\" sizes=\"auto, (max-width: 649px) 100vw, 649px\" \/><\/a><\/figure><\/div>\n\n\n<div style=\"height:35px\" aria-hidden=\"true\" class=\"wp-block-spacer\"><\/div>\n\n\n\n<p class=\"has-medium-font-size\"><strong>Acerca de Piedra Negra<\/strong><\/p>\n\n\n\n<p>La <strong>Familia Lurton<\/strong> es uno de los apellidos m\u00e1s ilustres de Burdeos, \u00edntimamente vinculado a muchos de los mejores vinos del mundo y a la b\u00fasqueda de la excelencia. Luego de llegar a Argentina a principios de los a\u00f1os 90, <strong>Fran\u00e7ois Lurton<\/strong> decidi\u00f3 comprar en 1995 una finca de 200 hect\u00e1reas de tierra virgen a los pies de la cordillera de los Andes. En ese terreno plant\u00f3 sus vi\u00f1edos y construy\u00f3 su bodega, <strong>Bodega Piedra Negra<\/strong>, convirti\u00e9ndose en el pionero de la zona. Unos a\u00f1os m\u00e1s tarde, este <em>terroir <\/em>\u00fanico se converti\u00f3 en la <strong>Indicaci\u00f3n Geogr\u00e1fica de Los Chacayes. <\/strong>Gracias a su experiencia alrededor del mundo, Fran\u00e7ois Lurton pone en pr\u00e1ctica una viticultura org\u00e1nica y respetuosa con el medio ambiente, elaborando en este lugar vinos singulares y reconocidos a nivel global.<\/p>\n\n\n\n<div style=\"height:30px\" aria-hidden=\"true\" class=\"wp-block-spacer\"><\/div>\n\n\n\n<p><\/p>\n","protected":false},"excerpt":{"rendered":"<p>El encuentro que combina ritmos del jazz y el repertorio popular franc\u00e9s con m\u00fasica argentina&hellip;<\/p>\n","protected":false},"author":3,"featured_media":106368,"comment_status":"open","ping_status":"open","sticky":false,"template":"","format":"standard","meta":{"footnotes":""},"categories":[47],"tags":[],"class_list":["post-106334","post","type-post","status-publish","format-standard","has-post-thumbnail","hentry","category-agenda"],"_links":{"self":[{"href":"https:\/\/enolife.com.ar\/es\/wp-json\/wp\/v2\/posts\/106334","targetHints":{"allow":["GET"]}}],"collection":[{"href":"https:\/\/enolife.com.ar\/es\/wp-json\/wp\/v2\/posts"}],"about":[{"href":"https:\/\/enolife.com.ar\/es\/wp-json\/wp\/v2\/types\/post"}],"author":[{"embeddable":true,"href":"https:\/\/enolife.com.ar\/es\/wp-json\/wp\/v2\/users\/3"}],"replies":[{"embeddable":true,"href":"https:\/\/enolife.com.ar\/es\/wp-json\/wp\/v2\/comments?post=106334"}],"version-history":[{"count":0,"href":"https:\/\/enolife.com.ar\/es\/wp-json\/wp\/v2\/posts\/106334\/revisions"}],"wp:featuredmedia":[{"embeddable":true,"href":"https:\/\/enolife.com.ar\/es\/wp-json\/wp\/v2\/media\/106368"}],"wp:attachment":[{"href":"https:\/\/enolife.com.ar\/es\/wp-json\/wp\/v2\/media?parent=106334"}],"wp:term":[{"taxonomy":"category","embeddable":true,"href":"https:\/\/enolife.com.ar\/es\/wp-json\/wp\/v2\/categories?post=106334"},{"taxonomy":"post_tag","embeddable":true,"href":"https:\/\/enolife.com.ar\/es\/wp-json\/wp\/v2\/tags?post=106334"}],"curies":[{"name":"wp","href":"https:\/\/api.w.org\/{rel}","templated":true}]}}