{"id":106309,"date":"2023-11-25T15:35:42","date_gmt":"2023-11-25T15:35:42","guid":{"rendered":"https:\/\/enolife.com.ar\/es\/?p=106309"},"modified":"2023-11-26T16:59:20","modified_gmt":"2023-11-26T16:59:20","slug":"en-el-dia-del-vino-argentino-senadores-mendocinos-distinguieron-al-enologo-pionero-emilio-giaquinta","status":"publish","type":"post","link":"https:\/\/enolife.com.ar\/es\/en-el-dia-del-vino-argentino-senadores-mendocinos-distinguieron-al-enologo-pionero-emilio-giaquinta\/","title":{"rendered":"En el D\u00eda del Vino Argentino senadores mendocinos distinguieron al en\u00f3logo pionero Emilio Giaquinta"},"content":{"rendered":"\n<h4 class=\"wp-block-heading\"><em><strong>Por iniciativa de los representantes mendocinos en el Senado de la Naci\u00f3n, Alfredo Cornejo (gobernador electo de la provincia) y Mariana Juri, entidades representativas de la industria vitivin\u00edcola, la gastronom\u00eda y el enoturismo otorgaron un diploma al en\u00f3logo oriundo de esta provincia, Emilio Giaquinta (75), en reconocimiento de su labor fundacional en distintas \u00e1reas de la vitivinicultura. El acto se realiz\u00f3 en el Congreso de la Naci\u00f3n en Buenos Aires, con la presencia y acompa\u00f1amiento de directivos de la Corporaci\u00f3n Vitivin\u00edcola Argentina (Coviar), de la Asociaci\u00f3n de Cooperativas Vitivin\u00edcolas argentinas (Acovi) y del Fondo Vitivin\u00edcola Mendoza. Nieto de inmigrantes sicilianos, de los que forjaron la vitivinicultura con trabajo y amor por la tierra, fue part\u00edcipe del nacimiento del Fondo Vitivin\u00edcola, coordin\u00f3 La Enoteca de Mendoza, promovi\u00f3 la realizaci\u00f3n de estudios sobre vino y salud y fue parte importante de la construcci\u00f3n del vi\u00f1edo del Aeropuerto mendocino.<\/strong><\/em><\/h4>\n\n\n\n<div style=\"height:35px\" aria-hidden=\"true\" class=\"wp-block-spacer\"><\/div>\n\n\n<a href=\"https:\/\/www.linkedin.com\/company\/agrinet-sa\/?originalSubdomain=ar\" aria-label=\"1700X500\"><img loading=\"lazy\" decoding=\"async\" src=\"https:\/\/enolife.com.ar\/es\/wp-content\/uploads\/2021\/11\/1700X500.gif\" alt=\"\"  width=\"1700\" height=\"500\"   \/><\/a>\n\n\n<div style=\"height:45px\" aria-hidden=\"true\" class=\"wp-block-spacer\"><\/div>\n\n\n\n<p>El 23\/11\/23, el <strong>Senado de la Naci\u00f3n<\/strong> celebr\u00f3 el <strong>D\u00eda del Vino Argentino<\/strong>, en el 13 aniversario de su declaraci\u00f3n como <strong>Bebida Nacional<\/strong>, a trav\u00e9s de los senadores nacionales por Mendoza, <strong>Mariana Juri<\/strong> y <strong>Alfredo Cornejo<\/strong>, quienes conmemoraron el hecho y distinguieron con Diploma de Honor al en\u00f3logo <strong>Emilio Giaquinta<\/strong>, uno de los protagonistas del proyecto que llev\u00f3 al vino argentino a su actual lugar en el mundo.<\/p>\n\n\n\n<div style=\"height:30px\" aria-hidden=\"true\" class=\"wp-block-spacer\"><\/div>\n\n\n<div class=\"wp-block-image\">\n<figure class=\"aligncenter size-large is-resized\"><a href=\"https:\/\/enolife.com.ar\/es\/wp-content\/uploads\/2023\/11\/WhatsApp-Image-2023-11-24-at-09.03.48.jpeg\" data-rel=\"penci-gallery-image-content\" ><img loading=\"lazy\" decoding=\"async\" src=\"https:\/\/enolife.com.ar\/es\/wp-content\/uploads\/2023\/11\/WhatsApp-Image-2023-11-24-at-09.03.48-1024x682.jpeg\" alt=\"\" class=\"wp-image-106327\" width=\"794\" height=\"528\" srcset=\"https:\/\/enolife.com.ar\/es\/wp-content\/uploads\/2023\/11\/WhatsApp-Image-2023-11-24-at-09.03.48-1024x682.jpeg 1024w, https:\/\/enolife.com.ar\/es\/wp-content\/uploads\/2023\/11\/WhatsApp-Image-2023-11-24-at-09.03.48-300x200.jpeg 300w, https:\/\/enolife.com.ar\/es\/wp-content\/uploads\/2023\/11\/WhatsApp-Image-2023-11-24-at-09.03.48-768x512.jpeg 768w, https:\/\/enolife.com.ar\/es\/wp-content\/uploads\/2023\/11\/WhatsApp-Image-2023-11-24-at-09.03.48-1536x1023.jpeg 1536w, https:\/\/enolife.com.ar\/es\/wp-content\/uploads\/2023\/11\/WhatsApp-Image-2023-11-24-at-09.03.48-1170x780.jpeg 1170w, https:\/\/enolife.com.ar\/es\/wp-content\/uploads\/2023\/11\/WhatsApp-Image-2023-11-24-at-09.03.48-585x390.jpeg 585w, https:\/\/enolife.com.ar\/es\/wp-content\/uploads\/2023\/11\/WhatsApp-Image-2023-11-24-at-09.03.48.jpeg 1600w\" sizes=\"auto, (max-width: 794px) 100vw, 794px\" \/><\/a><figcaption class=\"wp-element-caption\"><em><strong>En la celebraci\u00f3n estuvieron presentes los senadores por La Rioja, Julio Mart\u00ednez; V\u00edctor Zimmermann de Chaco; Flavio Sergio Fama de Catamarca; el presidente de Coviar, Mario Gonz\u00e1lez, y los vicepresidentes de Coviar Jos\u00e9 Alberto Zuccardi y Gustavo Samper. Tambi\u00e9n participaron directivos de la Asociaci\u00f3n de Hoteles, Restaurantes, Confiter\u00edas y Caf\u00e9s (Ahrcc); miembros del directorio de la Federaci\u00f3n Empresaria Hotelera Gastron\u00f3mica de la Argentina (Fehgra); uno de los directores de Coviar, Bernardo Lanzilotta; y Sergio Villanueva, del Fondo Vitivin\u00edcola de Mendoza.<\/strong><\/em><\/figcaption><\/figure><\/div>\n\n\n<div style=\"height:30px\" aria-hidden=\"true\" class=\"wp-block-spacer\"><\/div>\n\n\n\n<p><em>\u201cDesde su producci\u00f3n primaria hasta la distribuci\u00f3n y comercializaci\u00f3n, la vitivinicultura es un sector creador de inversi\u00f3n y empleo privado. La cadena vitivin\u00edcola es un gran generador de puestos de, muchos de ellos vinculados al turismo\u201d<\/em>, afirm\u00f3 Mariana Juri.<\/p>\n\n\n\n<p>La historia de <strong>Emilio Giaquinta<\/strong> arranca con su abuelo, <strong>Jos\u00e9 Giaquinta<\/strong>, un inmigrante siciliano que se inici\u00f3 como contratista de vi\u00f1a en Rivadavia, Mendoza, junto a su esposa <strong>Mar\u00eda Genovese<\/strong> y a sus hijos nacidos en Mendoza, para luego ser propietarios de numerosas hect\u00e1reas en la zona de <strong>La Arboleda, Tupungato.<\/strong> All\u00ed hicieron implantaciones de vi\u00f1edos de alta calidad enol\u00f3gica, hasta que en el a\u00f1o 1968 iniciaron la etapa de elaboraci\u00f3n de vinos en la bodega propia. En 1980, por decisi\u00f3n de <strong>Francisco \u00abPancho\u00bb Giaquinta<\/strong>, hijo de Jos\u00e9, la bodega inicia el camino del envasado de sus vinos. <\/p>\n\n\n\n<div style=\"height:30px\" aria-hidden=\"true\" class=\"wp-block-spacer\"><\/div>\n\n\n<div class=\"wp-block-image\">\n<figure class=\"aligncenter size-full is-resized\"><a href=\"https:\/\/enolife.com.ar\/es\/wp-content\/uploads\/2023\/11\/image-31.png\" data-rel=\"penci-gallery-image-content\" ><img loading=\"lazy\" decoding=\"async\" src=\"https:\/\/enolife.com.ar\/es\/wp-content\/uploads\/2023\/11\/image-31.png\" alt=\"\" class=\"wp-image-106320\" width=\"407\" height=\"532\" srcset=\"https:\/\/enolife.com.ar\/es\/wp-content\/uploads\/2023\/11\/image-31.png 289w, https:\/\/enolife.com.ar\/es\/wp-content\/uploads\/2023\/11\/image-31-229x300.png 229w\" sizes=\"auto, (max-width: 407px) 100vw, 407px\" \/><\/a><figcaption class=\"wp-element-caption\"><em><strong>Jos\u00e9 Giaquinta con 5 de sus 6 hijos: Pascual, Cayetana, Francisco, Juan y Antonio.<\/strong><\/em><\/figcaption><\/figure><\/div>\n\n\n<div style=\"height:30px\" aria-hidden=\"true\" class=\"wp-block-spacer\"><\/div>\n\n\n\n<p>Los hijos de Francisco Giaquinta y su esposa Nelly, <strong>Emilio<\/strong> y su hermano <strong>Miguel<\/strong>, siguieron con esta labor, junto a sus familias; obteniendo vinos varietales de reconocida calidad, con el aval de premios en concursos nacionales e internacionales.<\/p>\n\n\n\n<p>Emilio Giaquinta naci\u00f3 el 17 de agosto de 1948 y pas\u00f3 por distintas actividades vinculadas directamente con la agricultura, la vid y el vino. Particip\u00f3 del comit\u00e9 vitivin\u00edcola de Mendoza hasta concretarse el <strong>acuerdo Mendoza-San Juan<\/strong>, naciendo de esa forma el <strong>Fondo Vitivin\u00edcola Mendoza<\/strong> que \u00e9l mismo presidi\u00f3. Trabaj\u00f3 incansablemente para concretar un manual de vitivinicultura. Foment\u00f3 estudios sobre vino y salud, impuls\u00f3 la promoci\u00f3n institucional del vino, coordin\u00f3 La Enoteca de Mendoza y gestion\u00f3 la construcci\u00f3n del vi\u00f1edo del Aeropuerto y la realizaci\u00f3n de la primera Fiesta de la Cosecha en 2003. Actualmente, Emilio Giaquinta sigue en la actividad privada, con un proyecto vitivin\u00edcola familiar, nutrido con el apoyo de sus hijos y nietos, quinta generaci\u00f3n de la familia al frente de la empresa.<\/p>\n\n\n\n<div style=\"height:35px\" aria-hidden=\"true\" class=\"wp-block-spacer\"><\/div>\n\n\n\n<p><\/p>\n\n\n\n<div style=\"height:30px\" aria-hidden=\"true\" class=\"wp-block-spacer\"><\/div>\n","protected":false},"excerpt":{"rendered":"<p>Por iniciativa de los representantes mendocinos en el Senado de la Naci\u00f3n, Alfredo Cornejo (gobernador&hellip;<\/p>\n","protected":false},"author":3,"featured_media":106326,"comment_status":"open","ping_status":"open","sticky":false,"template":"","format":"standard","meta":{"footnotes":""},"categories":[14],"tags":[],"class_list":["post-106309","post","type-post","status-publish","format-standard","has-post-thumbnail","hentry","category-news"],"_links":{"self":[{"href":"https:\/\/enolife.com.ar\/es\/wp-json\/wp\/v2\/posts\/106309","targetHints":{"allow":["GET"]}}],"collection":[{"href":"https:\/\/enolife.com.ar\/es\/wp-json\/wp\/v2\/posts"}],"about":[{"href":"https:\/\/enolife.com.ar\/es\/wp-json\/wp\/v2\/types\/post"}],"author":[{"embeddable":true,"href":"https:\/\/enolife.com.ar\/es\/wp-json\/wp\/v2\/users\/3"}],"replies":[{"embeddable":true,"href":"https:\/\/enolife.com.ar\/es\/wp-json\/wp\/v2\/comments?post=106309"}],"version-history":[{"count":0,"href":"https:\/\/enolife.com.ar\/es\/wp-json\/wp\/v2\/posts\/106309\/revisions"}],"wp:featuredmedia":[{"embeddable":true,"href":"https:\/\/enolife.com.ar\/es\/wp-json\/wp\/v2\/media\/106326"}],"wp:attachment":[{"href":"https:\/\/enolife.com.ar\/es\/wp-json\/wp\/v2\/media?parent=106309"}],"wp:term":[{"taxonomy":"category","embeddable":true,"href":"https:\/\/enolife.com.ar\/es\/wp-json\/wp\/v2\/categories?post=106309"},{"taxonomy":"post_tag","embeddable":true,"href":"https:\/\/enolife.com.ar\/es\/wp-json\/wp\/v2\/tags?post=106309"}],"curies":[{"name":"wp","href":"https:\/\/api.w.org\/{rel}","templated":true}]}}