{"id":106239,"date":"2023-11-23T01:34:38","date_gmt":"2023-11-23T01:34:38","guid":{"rendered":"https:\/\/enolife.com.ar\/es\/?p=106239"},"modified":"2023-11-24T23:03:15","modified_gmt":"2023-11-24T23:03:15","slug":"expertos-del-mundo-debaten-en-mendoza-sobre-como-usar-el-agua-en-tiempos-de-cambio-climatico","status":"publish","type":"post","link":"https:\/\/enolife.com.ar\/es\/expertos-del-mundo-debaten-en-mendoza-sobre-como-usar-el-agua-en-tiempos-de-cambio-climatico\/","title":{"rendered":"Expertos del mundo debaten en Mendoza sobre c\u00f3mo usar el agua en tiempos de cambio clim\u00e1tico"},"content":{"rendered":"\n<h4 class=\"wp-block-heading\"><em><strong>Los d\u00edas 23 y 24 de noviembre se realiza en la Capital de esta provincia el IV Congreso Internacional Agua para el Futuro, con el lema \u201cHerramientas para la gesti\u00f3n futura del agua\u201d. Organizan el Gobierno de Mendoza y el Departamento General de Irrigaci\u00f3n, junto a la Universidad Nacional de Cuyo (UNCuyo) y la Municipalidad de Mendoza. Disertar\u00e1n funcionarios de gobierno, cient\u00edficos, economistas y expertos en el tema de Brasil, Chile, Espa\u00f1a, Israel, Francia, Pa\u00edses Bajos y Argentina. El acceso es libre y gratuito.<\/strong><\/em><\/h4>\n\n\n\n<div style=\"height:35px\" aria-hidden=\"true\" class=\"wp-block-spacer\"><\/div>\n\n\n<a href=\"https:\/\/www.irrigacion.gov.ar\/web\/\" aria-label=\"irrigaci\u00f3n-1700X500\"><img loading=\"lazy\" decoding=\"async\" src=\"https:\/\/enolife.com.ar\/es\/wp-content\/uploads\/2021\/02\/irrigacion-1700X500.gif\" alt=\"\"  width=\"1700\" height=\"500\"   \/><\/a>\n\n\n<div style=\"height:45px\" aria-hidden=\"true\" class=\"wp-block-spacer\"><\/div>\n\n\n\n<p>Con el objetivo de abordar la crisis h\u00eddrica de casi 10 a\u00f1os en la provincia de <strong>Mendoza<\/strong>, as\u00ed como la existencia de un equilibrio muy fr\u00e1gil entre el agua disponible y la demanda cada vez m\u00e1s creciente en todo el mundo para las distintas actividades socio econ\u00f3micas y el consumo humano, estos d\u00edas 23 y 24 de noviembre expertos locales, nacionales e internacionales junto al p\u00fablico asistente, expondr\u00e1n e intercambiar\u00e1n experiencias y encontrar\u00e1n respuestas en torno a los retos que plantea el cambio clim\u00e1tico en la gesti\u00f3n del agua. Ser\u00e1 en el <strong>IV Congreso Internacional Agua para el Futuro<\/strong>, cuyo eje central ser\u00e1n las <strong>\u201cHerramientas para la gesti\u00f3n futura del agua\u201d.<\/strong><\/p>\n\n\n\n<p>El encuentro tendr\u00e1 lugar en las Naves Cultural y Universitaria de la Ciudad de Mendoza. Organizan el Gobierno de la Provincia de Mendoza y el <strong>Departamento General de Irrigaci\u00f3n<\/strong>. Coorganizan la Universidad Nacional de Cuyo y el Municipio de la Ciudad de Mendoza.<\/p>\n\n\n\n<div style=\"height:22px\" aria-hidden=\"true\" class=\"wp-block-spacer\"><\/div>\n\n\n\n<p class=\"has-medium-font-size\"><strong>\u00abLa planificaci\u00f3n es fundamental, cualquiera sea la fuente del agua\u00bb<\/strong><\/p>\n\n\n\n<p><em>\u201cM\u00e1s all\u00e1 de que este a\u00f1o tendremos mayor disponibilidad de agua en Mendoza, porque ha nevado mucho, a futuro est\u00e1 m\u00e1s que demostrado que la nueva normalidad previa a la pandemia, de escasez y sequ\u00eda, va a continuar. Vamos a tener a\u00f1os muy buenos y a\u00f1os muy malos, pero en promedio, ser\u00e1 menor la cantidad de agua disponible. Este Congreso apunta a las herramientas que nos hacen falta para enfrentar esta situaci\u00f3n y que nos preparen en m\u00faltiples aspectos, adecuando la normativas, el conocimiento e incorporando tecnolog\u00eda para disminuir la incertidumbre, tanto para los organismos de la gesti\u00f3n del agua a nivel mayorista y minorista como municipales y provinciales\u201d<\/em>, resumi\u00f3 el superintendente general de Irrigaci\u00f3n, Sergio Marinelli, al presentar el Congreso.<\/p>\n\n\n\n<div style=\"height:30px\" aria-hidden=\"true\" class=\"wp-block-spacer\"><\/div>\n\n\n<div class=\"wp-block-image\">\n<figure class=\"aligncenter size-full is-resized\"><a href=\"https:\/\/enolife.com.ar\/es\/wp-content\/uploads\/2023\/11\/image-30.png\" data-rel=\"penci-gallery-image-content\" ><img loading=\"lazy\" decoding=\"async\" src=\"https:\/\/enolife.com.ar\/es\/wp-content\/uploads\/2023\/11\/image-30.png\" alt=\"\" class=\"wp-image-106281\" width=\"659\" height=\"371\" srcset=\"https:\/\/enolife.com.ar\/es\/wp-content\/uploads\/2023\/11\/image-30.png 856w, https:\/\/enolife.com.ar\/es\/wp-content\/uploads\/2023\/11\/image-30-300x169.png 300w, https:\/\/enolife.com.ar\/es\/wp-content\/uploads\/2023\/11\/image-30-768x433.png 768w, https:\/\/enolife.com.ar\/es\/wp-content\/uploads\/2023\/11\/image-30-585x330.png 585w\" sizes=\"auto, (max-width: 659px) 100vw, 659px\" \/><\/a><figcaption class=\"wp-element-caption\"><em><strong>Sergio Marinelli, superintendente general de Irrigaci\u00f3n<\/strong><\/em><\/figcaption><\/figure><\/div>\n\n\n<div style=\"height:30px\" aria-hidden=\"true\" class=\"wp-block-spacer\"><\/div>\n\n\n\n<p>Y para poner en contexto esta problem\u00e1tica en el panorama internacional, Marinelli expres\u00f3: <em>\u201cHay m\u00faltiples acciones en el mundo con realidades muy distintas, pero con problemas similares. Por ejemplo, Pa\u00edses Bajos, es lo opuesto a nosotros. Cuando uno puede ver im\u00e1genes satelitales o im\u00e1genes de un vuelo de ese pa\u00eds, se ve abundancia de agua de una forma escandalosa comparado con un territorio como el nuestro. Sin embargo, tambi\u00e9n afecta el cambio clim\u00e1tico, porque a veces la cantidad de agua no est\u00e1 disponible en el momento oportuno. En el caso de Uruguay, se qued\u00f3 sin agua teniendo el r\u00edo al lado. El caso de Ciudad del Cabo, el caso de San Pablo en Brasil. Han habido muchas experiencias cercanas en el tiempo y cercanas territorialmente, que hablan de que lugares que est\u00e1n al lado del mar, al lado de grandes fuentes de agua, tienen problemas. Entonces, la planificaci\u00f3n es fundamental en cualquier lugar, independientemente de las fuentes de agua que disponga\u201d.<\/em><\/p>\n\n\n\n<div style=\"height:20px\" aria-hidden=\"true\" class=\"wp-block-spacer\"><\/div>\n\n\n\n<p class=\"has-medium-font-size\"><strong>El agua protagonista en cada actividad<\/strong><a href=\"https:\/\/www.irrigacion.gov.ar\/web\/wp-content\/uploads\/2023\/10\/CCA010.jpg\"><\/a><\/p>\n\n\n\n<p><a href=\"https:\/\/www.irrigacion.gov.ar\/web\/wp-content\/uploads\/2023\/10\/CCA007.jpg\"><\/a>Esta nueva edici\u00f3n del Congreso del Agua contar\u00e1 con diversas actividades complementarias como la presentaci\u00f3n de proyectos y premiaci\u00f3n del&nbsp;<strong>Concurso Provincial Ideagua 2023<\/strong>&nbsp;(del programa de Educaci\u00f3n y Gobernanza de Irrigaci\u00f3n), una nueva edici\u00f3n de la<strong>&nbsp;Feria de Emprendedoras CreAGUA y la Muestra del Concurso anual de Fotograf\u00eda Agua y Mujer&nbsp;<\/strong>(ambas actividades forman parte del Programa Agua y Mujer del organismos del agua). Se agrega la&nbsp;<strong>Expo Negocio<\/strong>s (con el objetivo de promover y difundir marcas l\u00edderes del sector del agua) y actividades culturales que se desarrollar\u00e1n junto con la Municipalidad de la Ciudad de Mendoza, como el&nbsp;<strong>Bus del Regad\u00edo y la Bicitour del Agua.&nbsp;<\/strong>Tambi\u00e9n habr\u00e1 espacio para el cierre del Concurso universitario&nbsp;<strong>Emprende U.<\/strong><\/p>\n\n\n\n<div style=\"height:30px\" aria-hidden=\"true\" class=\"wp-block-spacer\"><\/div>\n\n\n\n<figure class=\"wp-block-image size-large\"><a href=\"https:\/\/www.irrigacion.gov.ar\/aguaymujer\/\"><img loading=\"lazy\" decoding=\"async\" width=\"1024\" height=\"315\" src=\"https:\/\/enolife.com.ar\/es\/wp-content\/uploads\/2023\/11\/creagua-1024x315.jpg\" alt=\"\" class=\"wp-image-106276\" srcset=\"https:\/\/enolife.com.ar\/es\/wp-content\/uploads\/2023\/11\/creagua-1024x315.jpg 1024w, https:\/\/enolife.com.ar\/es\/wp-content\/uploads\/2023\/11\/creagua-300x92.jpg 300w, https:\/\/enolife.com.ar\/es\/wp-content\/uploads\/2023\/11\/creagua-768x236.jpg 768w, https:\/\/enolife.com.ar\/es\/wp-content\/uploads\/2023\/11\/creagua-1170x360.jpg 1170w, https:\/\/enolife.com.ar\/es\/wp-content\/uploads\/2023\/11\/creagua-585x180.jpg 585w, https:\/\/enolife.com.ar\/es\/wp-content\/uploads\/2023\/11\/creagua.jpg 1280w\" sizes=\"auto, (max-width: 1024px) 100vw, 1024px\" \/><\/a><\/figure>\n\n\n\n<div style=\"height:30px\" aria-hidden=\"true\" class=\"wp-block-spacer\"><\/div>\n\n\n\n<p>El IV Congreso del Agua cuenta con el aval institucional de Aysam, Consejo H\u00eddrico Federal, Ente Provincial del Agua y de Saneamiento, Ente Provincial Regulador El\u00e9ctrico, Instituto Igualdad y Equidad para el Desarrollo Sostenible- Universidad de Mendoza, Instituto de agua y ambiente \u2013 Universidad de Mendoza, Instituto Nacional del Agua, Instituto Nacional de Tecnolog\u00eda Agropecuaria, Universidad de Mendoza, Universidad del Aconcagua, Universidad Champagnat, Universidad de Congreso Facultad de Ciencias Agrarias UNCuyo, Facultad de Ingenier\u00eda UNCuyo, Facultad de Ciencias Econ\u00f3micas UNCuyo, Laboratorio de Gesti\u00f3n del Agua Facultad de Ciencias Econ\u00f3micas UNCuyo, Red Integral para la Gesti\u00f3n del Agua, Fondo de Agua del r\u00edo Mendoza y Observatorio del Agua.<\/p>\n\n\n\n<p><strong>Auspician:<\/strong><\/p>\n\n\n<div class=\"wp-block-image\">\n<figure class=\"aligncenter size-large\"><a href=\"https:\/\/enolife.com.ar\/es\/wp-content\/uploads\/2023\/11\/auspiciantes-1.jpg\" data-rel=\"penci-gallery-image-content\" ><img loading=\"lazy\" decoding=\"async\" width=\"1024\" height=\"283\" src=\"https:\/\/enolife.com.ar\/es\/wp-content\/uploads\/2023\/11\/auspiciantes-1-1024x283.jpg\" alt=\"\" class=\"wp-image-106284\" srcset=\"https:\/\/enolife.com.ar\/es\/wp-content\/uploads\/2023\/11\/auspiciantes-1-1024x283.jpg 1024w, https:\/\/enolife.com.ar\/es\/wp-content\/uploads\/2023\/11\/auspiciantes-1-300x83.jpg 300w, https:\/\/enolife.com.ar\/es\/wp-content\/uploads\/2023\/11\/auspiciantes-1-768x213.jpg 768w, https:\/\/enolife.com.ar\/es\/wp-content\/uploads\/2023\/11\/auspiciantes-1-1536x425.jpg 1536w, https:\/\/enolife.com.ar\/es\/wp-content\/uploads\/2023\/11\/auspiciantes-1-1170x324.jpg 1170w, https:\/\/enolife.com.ar\/es\/wp-content\/uploads\/2023\/11\/auspiciantes-1-585x162.jpg 585w, https:\/\/enolife.com.ar\/es\/wp-content\/uploads\/2023\/11\/auspiciantes-1.jpg 1702w\" sizes=\"auto, (max-width: 1024px) 100vw, 1024px\" \/><\/a><\/figure><\/div>\n\n\n<div style=\"height:45px\" aria-hidden=\"true\" class=\"wp-block-spacer\"><\/div>\n\n\n\n<hr class=\"wp-block-separator has-alpha-channel-opacity\"\/>\n\n\n\n<p class=\"has-text-align-center has-medium-font-size\"><strong>Programa completo<\/strong><\/p>\n\n\n\n<p><strong>D\u00eda 1 &#8211; 23\/11\/23<\/strong><\/p>\n\n\n\n<p><strong>Acreditaciones:<\/strong> 8 a 8.45 hs en el Hall de la Nave Cultural<\/p>\n\n\n\n<p class=\"has-background\" style=\"background-color:#abb7c252\"><strong>Apertura del Congreso: <\/strong>8.45 a 9.20 hs &#8211; Sala Roja Nave UNCuyo<\/p>\n\n\n\n<ul class=\"wp-block-list\">\n<li>Acto protocolar por el <strong>D\u00eda provincial del agua<\/strong> <\/li>\n\n\n\n<li>Palabras de <strong>Rodolfo Su\u00e1rez<\/strong>, gobernador de Mendoza, Argentina<\/li>\n\n\n\n<li>Palabras del ingeniero <strong>Sergio Marinelli<\/strong>, superintendente del Departamento General de Irrigaci\u00f3n <\/li>\n\n\n\n<li>Palabras de la contadora <strong>Esther Luc\u00eda S\u00e1nchez<\/strong>, rectora de la Universidad Nacional de Cuyo<\/li>\n<\/ul>\n\n\n\n<p><strong>Charla magistral: <\/strong>9.35 a 10.20 hs &#8211; Sala Roja Nave UNCuyo <\/p>\n\n\n\n<ul class=\"wp-block-list\">\n<li><strong>David Michaud<\/strong>, del Banco Mundial (virtual)<\/li>\n\n\n\n<li><strong>Juan Rivera<\/strong>, del Instituto Argentino de Nivolog\u00eda, Glaciolog\u00eda y Ciencias Ambientales (Ianigla) de Argentina.<\/li>\n<\/ul>\n\n\n\n<div style=\"height:30px\" aria-hidden=\"true\" class=\"wp-block-spacer\"><\/div>\n\n\n\n<p class=\"has-background\" style=\"background-color:#abb7c252\"><strong>I. Herramientas de planificaci\u00f3n hidrol\u00f3gica: <\/strong>10.25 a 11.55 hs &#8211; Sala Roja Nave UNCuyo<\/p>\n\n\n\n<ul class=\"wp-block-list\">\n<li><strong>Carlos Alberto Est\u00e9vez Valencia<\/strong> del \u00c1rea H\u00eddrica del Ministerio de Obras P\u00fablicas &#8211; Chile<\/li>\n\n\n\n<li><strong>V\u00edctor Manuel Arqued Esqu\u00eda<\/strong> del Ministerio para la Transici\u00f3n Ecol\u00f3gica y el Reto Demogr\u00e1fico -Espa\u00f1a<\/li>\n\n\n\n<li><strong>Sergio Marinelli<\/strong>, del  Departamento General de Irrigaci\u00f3n &#8211; Argentina<\/li>\n\n\n\n<li><strong>Diego Berger de Mekorot<\/strong> &#8211; Israel &#8211; formato virtual <\/li>\n\n\n\n<li><strong>Modera<\/strong>: <strong>Javier Zuleta<\/strong> &#8211; Argentina<\/li>\n<\/ul>\n\n\n\n<p><strong>Receso: <\/strong>11.55 a 12.10 hs<\/p>\n\n\n\n<div style=\"height:30px\" aria-hidden=\"true\" class=\"wp-block-spacer\"><\/div>\n\n\n\n<p class=\"has-background\" style=\"background-color:#abb7c252\"><strong>II. Herramientas de I+D+i: <\/strong>12.10 a 13.50 hs &#8211; Sala Roja Nave UNCuyo <\/p>\n\n\n\n<ul class=\"wp-block-list\">\n<li><strong>Rub\u00e9n Villodas<\/strong>, del Departamento General de Irrigaci\u00f3n &#8211; Argentina<\/li>\n\n\n\n<li><strong>Claudio Balbont\u00edn Nesvara<\/strong>, del Instituto de Investigaciones Agropecuarias (INIA) &#8211; Chile<\/li>\n\n\n\n<li><strong>Ra\u00fal Real<\/strong> de la Federaci\u00f3n de Inspectores de cauce &#8211; Argentina<\/li>\n\n\n\n<li><strong>Luis Vives<\/strong>, del Conicet &#8211; Instituto de Hidrolog\u00eda de Llanuras (Ihlla) &#8211; Argentina<\/li>\n\n\n\n<li><strong>Jairo Trad<\/strong> de Kilimo &#8211; Argentina<\/li>\n\n\n\n<li><strong>Alejandro Belmonte<\/strong>, consultor  de la Universidad Nacional de Cuyo &#8211; Argentina<\/li>\n\n\n\n<li><strong>Modera<\/strong>: <strong>Marcela Andino<\/strong> &#8211; Argentina<\/li>\n<\/ul>\n\n\n\n<p><strong>Receso<\/strong>: 13.50 a 15.00 hs<\/p>\n\n\n\n<div style=\"height:30px\" aria-hidden=\"true\" class=\"wp-block-spacer\"><\/div>\n\n\n\n<p class=\"has-background\" style=\"background-color:#abb7c252\">I<strong>II. Herramientas para la gesti\u00f3n urbana del agua potable y el saneamiento:<\/strong> 15 a 16.10 hs &#8211; Sala Roja Nave UNCuyo <\/p>\n\n\n\n<ul class=\"wp-block-list\">\n<li><strong>Jos\u00e9 Luis Inglese<\/strong> de la  Asociaci\u00f3n Interamericana de Ingenier\u00eda Sanitaria y Ambiental (AIDIS) -Argentina<\/li>\n\n\n\n<li><strong>Fernando Calatroni <\/strong>de Agua y Saneamientos Argentinos S.A. (Aysa) &#8211; Argentina<\/li>\n\n\n\n<li><strong>Alejandro Gallego<\/strong> de Agua y Saneamientos Mendoza (Aysam) &#8211; Argentina<\/li>\n\n\n\n<li><strong>Alejandro Barrio<\/strong> del Consejo Federal de Entidades de Servicios Sanitarios (COFES) &#8211; Argentina<\/li>\n\n\n\n<li>Modera: <strong>\u00d3scar V\u00e9lez<\/strong> &#8211; Argentina<\/li>\n<\/ul>\n\n\n\n<div style=\"height:30px\" aria-hidden=\"true\" class=\"wp-block-spacer\"><\/div>\n\n\n\n<p class=\"has-background\" style=\"background-color:#abb7c252\"><strong>IV. Infraestructura: Herramienta clave para la gesti\u00f3n del agua<\/strong>: 16.10 a 17.35 hs &#8211; Sala Roja Nave UNCuyo <\/p>\n\n\n\n<ul class=\"wp-block-list\">\n<li><strong>Carmine Paolo De Salvo <\/strong>del Banco Interamericano de Desarrollo (BID).<\/li>\n\n\n\n<li><strong>Ra\u00fal Castellini<\/strong> de la Direcci\u00f3n de Programas y Proyectos Especiales (Diprose) &#8211; Argentina<\/li>\n\n\n\n<li><strong>Walter Barchiesi<\/strong> del Departamento General de Irrigaci\u00f3n &#8211; Argentina<\/li>\n\n\n\n<li><strong>Mar\u00eda Catalina Ram\u00edrez,<\/strong> del Banco Mundial<\/li>\n\n\n\n<li><strong>Micaela Suriano,<\/strong> del Banco Interamericano de Desarrollo<\/li>\n\n\n\n<li><strong>Modera<\/strong>: <strong>Carlos Martini<\/strong> &#8211; Argentina<\/li>\n<\/ul>\n\n\n\n<div style=\"height:30px\" aria-hidden=\"true\" class=\"wp-block-spacer\"><\/div>\n\n\n\n<p class=\"has-background\" style=\"background-color:#abb7c252\"><strong>Cierre del d\u00eda 1:<\/strong> 17.35 a 18 hs &#8211; Sala Roja Nave UNCuyo<\/p>\n\n\n\n<div style=\"height:10px\" aria-hidden=\"true\" class=\"wp-block-spacer\"><\/div>\n\n\n\n<hr class=\"wp-block-separator has-alpha-channel-opacity\"\/>\n\n\n\n<div style=\"height:10px\" aria-hidden=\"true\" class=\"wp-block-spacer\"><\/div>\n\n\n\n<p><strong>D\u00eda 2 &#8211; 24\/11\/23<\/strong><\/p>\n\n\n\n<p><strong>Acreditaciones<\/strong>: 8.30 a 9 hs &#8211; Hall Nave Cultural<\/p>\n\n\n\n<p class=\"has-background\" style=\"background-color:#abb7c252\"><strong>V. Contabilidad ambiental y valor econ\u00f3mico del agua: <\/strong>9 a 10.30 hs &#8211; Sala Roja Nave UNCuyo<\/p>\n\n\n\n<ul class=\"wp-block-list\">\n<li><strong>Oscar Alfredo Melo Contreras <\/strong>de la Pontificia Universidad Cat\u00f3lica de Chile &#8211; Chile<\/li>\n\n\n\n<li><strong>Mario Alfonso Pe\u00f1a Chac\u00f3n<\/strong> del Instituto de Investigaciones Jur\u00eddicas y Centro de Investigaci\u00f3n y Estudios Pol\u00edticos de la Universidad de Costa Rica &#8211; Costa Rica<\/li>\n\n\n\n<li><strong>Juan Pablo Casta\u00f1eda <\/strong>del Instituto de Investigaci\u00f3n en Ciencias Naturales y Tecnolog\u00eda de la Universidad Rafael Land\u00edvar de Guatemala (IARNA) &#8211; Guatemala<\/li>\n\n\n\n<li><strong>Facundo Biffi <\/strong>del Ministerio de Econom\u00eda y Energ\u00eda de Mendoza &#8211; Argentina<\/li>\n\n\n\n<li><strong>Gustavo Maradona <\/strong>del Departamento General de Irrigaci\u00f3n &#8211; Argentina<\/li>\n\n\n\n<li><strong>Modera<\/strong>: <strong>Maria Teresa Badui <\/strong>&#8211; Argentina<\/li>\n<\/ul>\n\n\n\n<p><strong>Receso<\/strong>: 10.30 a 10.50 hs<\/p>\n\n\n\n<div style=\"height:30px\" aria-hidden=\"true\" class=\"wp-block-spacer\"><\/div>\n\n\n\n<p class=\"has-background\" style=\"background-color:#abb7c252\"><strong>VI. Herramientas para la adaptaci\u00f3n al cambio clim\u00e1tico. Soluciones basadas en la naturaleza: <\/strong>10.50 a 12.15 hs &#8211; Sala Roja Nave UNCuyo<\/p>\n\n\n\n<ul class=\"wp-block-list\">\n<li><strong>Fabio Lorenzo<\/strong> del Departamento General de Irrigaci\u00f3n &#8211; Argentina<\/li>\n\n\n\n<li><strong>Vanesa Vazquez <\/strong>de Quilmes &#8211; Argentina<\/li>\n\n\n\n<li><strong>Tadeo Garcia Zalazar<\/strong>, intendente municipio de Godoy Cruz, Mendoza &#8211; Argentina<\/li>\n\n\n\n<li><strong>Klaas de Groot<\/strong> del Banco Mundial<\/li>\n\n\n\n<li><strong>Mauricio Pinto<\/strong>, director de Asuntos Ambientales de la Fiscal\u00eda de Estado &#8211; Argentina<\/li>\n\n\n\n<li><strong>Modera<\/strong>: <strong>L\u00eda Mart\u00ednez <\/strong>&#8211; Argentina<\/li>\n<\/ul>\n\n\n\n<p><strong>Receso<\/strong>: 12.15 a 14.00 hs<\/p>\n\n\n\n<div style=\"height:30px\" aria-hidden=\"true\" class=\"wp-block-spacer\"><\/div>\n\n\n\n<p class=\"has-background\" style=\"background-color:#abb7c252\"><strong>VII. La hidroinform\u00e1tica como herramienta para la gesti\u00f3n del agua: <\/strong>14 a 15.25 hs &#8211; Sala 2 Nave Cultural<\/p>\n\n\n\n<ul class=\"wp-block-list\">\n<li><strong>Luis Loyola <\/strong>del Banco Mundial &#8211; Virtual<\/li>\n\n\n\n<li><strong>Silvana Ayala<\/strong> del Colegio Agrimensores de Mendoza &#8211; Argentina<\/li>\n\n\n\n<li><strong>Li Jia<\/strong> del Instituto de Investigaci\u00f3n de Informaci\u00f3n Aeroespacial (AIR) y de la Academia China de Ciencias (CAS) &#8211; China<\/li>\n\n\n\n<li><strong>Massimo Menenti <\/strong>de la Universidad de T\u00e9cnica de Delft &#8211; Pa\u00edses Bajos<\/li>\n\n\n\n<li><strong>Santiago Smael Vera Aquino<\/strong> de ITAIPU &#8211; Paraguay<\/li>\n\n\n\n<li><strong>Modera<\/strong>: <strong>Rub\u00e9n Villodas<\/strong> &#8211; Argentina<\/li>\n<\/ul>\n\n\n\n<div style=\"height:30px\" aria-hidden=\"true\" class=\"wp-block-spacer\"><\/div>\n\n\n\n<p class=\"has-background\" style=\"background-color:#abb7c252\"><strong>VIII. La educaci\u00f3n como herramienta de gobernanza: <\/strong>15.25 a 16.35 hs &#8211; Sala 2 Nave Cultural<\/p>\n\n\n\n<ul class=\"wp-block-list\">\n<li><strong>Programa Educaci\u00f3n y Gobernanza del Agua <\/strong>del Departamento General de Irrigaci\u00f3n &#8211; Argentina<\/li>\n\n\n\n<li><strong>Gonzalo Plencovich<\/strong> de la Administraci\u00f3n de los Recursos H\u00eddricos de C\u00f3rdoba &#8211; Argentina<\/li>\n\n\n\n<li><strong>Maria Flavia Filippini <\/strong>de la Facultad de Ciencias Agrarias de la Universidad Nacional de Cuyo -Argentina<\/li>\n\n\n\n<li><strong>Teresa Oyhamburu<\/strong> del Consejo Federal de Inversiones (CFI) &#8211; Argentina<\/li>\n\n\n\n<li><strong>Modera<\/strong>: <strong>Agust\u00edn Speridione <\/strong>&#8211; Argentina<\/li>\n<\/ul>\n\n\n\n<div style=\"height:30px\" aria-hidden=\"true\" class=\"wp-block-spacer\"><\/div>\n\n\n\n<p class=\"has-background\" style=\"background-color:#abb7c252\"><strong>Clausura del congreso: <\/strong>16.35 a 17 hs &#8211; Sala 2 Nave Cultural<\/p>\n\n\n\n<ul class=\"wp-block-list\">\n<li><strong>Estudiantes de los Centros de Innovaci\u00f3n Tecnol\u00f3gica del Valle de Uco y de San Rafael: <\/strong>Direcci\u00f3n de Educaci\u00f3n T\u00e9cnica y Trabajo (DETyT) de la Direcci\u00f3n General de Escuelas de la Provincia de Mendoza. (Argentina)<\/li>\n\n\n\n<li><strong>Entrega de Premios Concurso IDEAGUA y EMPRENDE U<\/strong> en la B\u00e1scula de la Nave Cultural<\/li>\n<\/ul>\n\n\n\n<div style=\"height:35px\" aria-hidden=\"true\" class=\"wp-block-spacer\"><\/div>\n\n\n\n<p class=\"has-medium-font-size\"><strong>Concurso Ideagua<\/strong><\/p>\n\n\n\n<p>Ideagua es un concurso del que participan estudiantes -junto a sus docentes- de escuelas p\u00fablicas y privadas de Nivel Secundario, CEBJA (ciclo b\u00e1sico) y CENS de las 6 cuencas mendocias, que est\u00e1n cursando el pen\u00faltimo a\u00f1o. Los alumnos presentaron ideas, proyectos y modelos sobre uso eficiente y preservaci\u00f3n de la calidad del agua.<\/p>\n\n\n\n<p>Est\u00e1 organizado por el Departamento General de Irrigaci\u00f3n junto a la Direcci\u00f3n General de Escuelas, acompa\u00f1adas por el Gobierno de Mendoza, Aguas Mendocinas, Epre y Epas y los ganadores son:<\/p>\n\n\n\n<ul class=\"wp-block-list\">\n<li><strong>Cuenca del r\u00edo Atuel:<\/strong>&nbsp;La escuela 4-021 Mart\u00edn G\u00fcemes con su proyecto <strong>\u201cEl agua es Fundamental &#8211; Esbeca\u201d<\/strong>, el cual pretende mejorar el manejo de los efluentes en el sector de Tambo de la escuela, implementando estrategias que garanticen el uso correcto del agua.<\/li>\n\n\n\n<li><strong>Cuenca del r\u00edo Diamante:<\/strong>&nbsp;Escuela 4130 \u201cProf. Jorge de la Reta\u201d de San Rafael con su proyecto \u201c<strong>Hydrotech: una alternativa de infraestructura tecnol\u00f3gica simple para afrontar el SXXI\u201d<\/strong>, el cual presenta una plataforma integral y eficiente para que las Cooperativas puedan digitalizar sus datos, hagan un seguimiento preciso de los usuarios, controlar el consumo de agua, generar informes detallados, tomar decisiones con evidencias de registro\/control.<\/li>\n\n\n\n<li><strong>Cuenca del r\u00edo Mendoza:<\/strong>&nbsp;CEBJA 3087 Carlos Alberto Pocho Sosa de Godoy Cruz, con su proyecto \u201c<strong>La Importancia del Agua para Nuestra Comunidad Educativa\u201d,<\/strong> que consiste en acciones puntuales para reconocer la relevancia para generar conciencia y toma de decisiones que impliquen la prevenci\u00f3n de estas problem\u00e1ticas en el \u00e1mbito escolar, familiar, social y personal.<\/li>\n\n\n\n<li><strong>Cuenca del Tunuy\u00e1n Inferior:&nbsp;<\/strong>escuela 4-034 Galileo Vitali de La Paz con el proyecto <strong>\u201cAgua y forraje para el secano pace\u00f1o\u201d<\/strong>, el cual propone la instalaci\u00f3n de una BOMBA SOLAR para riego como alternativa sostenible, no contaminante y con beneficios para el medio ambiente.<\/li>\n\n\n\n<li><strong>Cuenca del Tunuy\u00e1n Superior:<\/strong>&nbsp;escuela 4-107 Ej\u00e9rcito Argentino de Tunuy\u00e1n con su proyecto <strong>\u201cDestilador 4.0\u201d<\/strong>, el cual propone el armado de un destilador que utiliza le energ\u00eda solar para la producci\u00f3n de agua limpia y caliente.<\/li>\n<\/ul>\n\n\n\n<div style=\"height:30px\" aria-hidden=\"true\" class=\"wp-block-spacer\"><\/div>\n\n\n\n\n\n<div style=\"height:30px\" aria-hidden=\"true\" class=\"wp-block-spacer\"><\/div>\n","protected":false},"excerpt":{"rendered":"<p>Los d\u00edas 23 y 24 de noviembre se realiza en la Capital de esta provincia&hellip;<\/p>\n","protected":false},"author":3,"featured_media":106280,"comment_status":"open","ping_status":"open","sticky":false,"template":"","format":"standard","meta":{"footnotes":""},"categories":[47],"tags":[],"class_list":["post-106239","post","type-post","status-publish","format-standard","has-post-thumbnail","hentry","category-agenda"],"_links":{"self":[{"href":"https:\/\/enolife.com.ar\/es\/wp-json\/wp\/v2\/posts\/106239","targetHints":{"allow":["GET"]}}],"collection":[{"href":"https:\/\/enolife.com.ar\/es\/wp-json\/wp\/v2\/posts"}],"about":[{"href":"https:\/\/enolife.com.ar\/es\/wp-json\/wp\/v2\/types\/post"}],"author":[{"embeddable":true,"href":"https:\/\/enolife.com.ar\/es\/wp-json\/wp\/v2\/users\/3"}],"replies":[{"embeddable":true,"href":"https:\/\/enolife.com.ar\/es\/wp-json\/wp\/v2\/comments?post=106239"}],"version-history":[{"count":0,"href":"https:\/\/enolife.com.ar\/es\/wp-json\/wp\/v2\/posts\/106239\/revisions"}],"wp:featuredmedia":[{"embeddable":true,"href":"https:\/\/enolife.com.ar\/es\/wp-json\/wp\/v2\/media\/106280"}],"wp:attachment":[{"href":"https:\/\/enolife.com.ar\/es\/wp-json\/wp\/v2\/media?parent=106239"}],"wp:term":[{"taxonomy":"category","embeddable":true,"href":"https:\/\/enolife.com.ar\/es\/wp-json\/wp\/v2\/categories?post=106239"},{"taxonomy":"post_tag","embeddable":true,"href":"https:\/\/enolife.com.ar\/es\/wp-json\/wp\/v2\/tags?post=106239"}],"curies":[{"name":"wp","href":"https:\/\/api.w.org\/{rel}","templated":true}]}}