{"id":10607,"date":"2020-04-05T01:18:42","date_gmt":"2020-04-05T01:18:42","guid":{"rendered":"http:\/\/enolife.com.ar\/es\/?p=10607"},"modified":"2020-04-07T14:42:59","modified_gmt":"2020-04-07T14:42:59","slug":"la-coviar-propone-exceptuar-a-las-vinotecas-de-la-cuarentena-y-auxiliar-al-enoturismo","status":"publish","type":"post","link":"https:\/\/enolife.com.ar\/es\/la-coviar-propone-exceptuar-a-las-vinotecas-de-la-cuarentena-y-auxiliar-al-enoturismo\/","title":{"rendered":"La Coviar propone exceptuar a las vinotecas de la cuarentena y auxiliar al enoturismo"},"content":{"rendered":"\n<h4 class=\"wp-block-heading\"><em><strong>Las entidades de todo el pa\u00eds que integran la Corporaci\u00f3n Vitivin\u00edcola Argentina consensuaron un conjunto de sugerencias y solicitudes al gobierno para sostener el funcionamiento de la cadena vitivin\u00edcola ante los efectos negativos del coronavirus. <\/strong><\/em><\/h4>\n\n\n\n<div style=\"height:20px\" aria-hidden=\"true\" class=\"wp-block-spacer\"><\/div>\n\n\n\n<p>Las acciones, que se consideran fundamentales y urgentes en la actual situaci\u00f3n, apuntan a la producci\u00f3n y a sostener el empleo; y est\u00e1n relacionadas al mercado interno, las exportaciones, el enoturismo, los costos de producci\u00f3n y el financiamiento.<\/p>\n\n\n\n<p>Estas son las medidas propuestas:<\/p>\n\n\n\n<ol class=\"wp-block-list\"><li>Incremento de reintegros a los productos vitivin\u00edcolas<\/li><li>Ampliar los plazos para ingreso de divisas de establecimientos vitivin\u00edcolas<\/li><li>Incentivos para acelerar el ingreso de divisas<\/li><li>Celeridad en el cobro de IVA<\/li><li>Celeridad en la disponibilidad de reintegros por exportaci\u00f3n<\/li><li>Presencia de oficiales de Aduanas en establecimientos vitivin\u00edcolas<\/li><li>Uso del derecho de exportaci\u00f3n como cr\u00e9dito para el pago del Impuesto a las Ganancias<\/li><li>Libre circulaci\u00f3n de productos vitivin\u00edcolas<\/li><li>Disminuci\u00f3n de costos log\u00edsticos<\/li><li>Incluir a vinotecas en las actividades comerciales exceptuadas permiti\u00e9ndoles abrir<\/li><li>Incluir al enoturismo en el \u201cPrograma de Emergencia al Trabajo y la Producci\u00f3n\u201d<\/li><li>Disminuci\u00f3n de costos energ\u00e9ticos<\/li><li>Financiamiento<\/li><\/ol>\n\n\n\n<div style=\"height:20px\" aria-hidden=\"true\" class=\"wp-block-spacer\"><\/div>\n\n\n\n<p class=\"has-text-color has-background has-medium-font-size has-very-light-gray-color has-vivid-red-background-color\"><strong>Medidas en el mercado externo<\/strong><\/p>\n\n\n\n<div style=\"height:20px\" aria-hidden=\"true\" class=\"wp-block-spacer\"><\/div>\n\n\n\n<p class=\"has-background has-very-light-gray-background-color\"><strong>1. Incremento de reintegros a los productos vitivin\u00edcolas<\/strong><\/p>\n\n\n\n<p>Se solicita aumentar los reintegros a las exportaciones para los productos vitivin\u00edcolas, de forma de compensar los tributos interiores que los exportadores pagan en las distintas etapas de producci\u00f3n y comercializaci\u00f3n.<\/p>\n\n\n\n<p>El an\u00e1lisis exhaustivo de la cadena se\u00f1ala que los valores de reintegro actuales son inferiores a los impuestos que tributan los productos vitivin\u00edcolas, por ello se solicitan los siguientes incrementos:<\/p>\n\n\n\n<div style=\"height:20px\" aria-hidden=\"true\" class=\"wp-block-spacer\"><\/div>\n\n\n\n<figure class=\"wp-block-table is-style-stripes\"><table class=\"\"><tbody><tr><td><strong>Producto<\/strong><\/td><td class=\"has-text-align-center\" data-align=\"center\"><strong>Posici\u00f3n arancelaria<\/strong><\/td><td class=\"has-text-align-center\" data-align=\"center\"><strong>Descripci\u00f3n posici\u00f3n arancelaria<\/strong><\/td><td class=\"has-text-align-center\" data-align=\"center\"><strong>Valor reintegro<\/strong><br><strong>Actual<\/strong><\/td><td class=\"has-text-align-center\" data-align=\"center\"><strong>Valor reintegro<\/strong><br><strong>Solicitado<\/strong><\/td><\/tr><tr><td>Uva en fresco<\/td><td class=\"has-text-align-center\" data-align=\"center\">08061000<\/td><td class=\"has-text-align-center\" data-align=\"center\">Uva en fresco<\/td><td class=\"has-text-align-center\" data-align=\"center\">1,00%<\/td><td class=\"has-text-align-center\" data-align=\"center\">6,00%<\/td><\/tr><tr><td>Pasa de uva<\/td><td class=\"has-text-align-center\" data-align=\"center\">08062000<\/td><td class=\"has-text-align-center\" data-align=\"center\">Pasa de uva<\/td><td class=\"has-text-align-center\" data-align=\"center\">0,75%<\/td><td class=\"has-text-align-center\" data-align=\"center\">4,00%<\/td><\/tr><tr><td>Jugo concentrado de uva<\/td><td class=\"has-text-align-center\" data-align=\"center\">20096100<\/td><td class=\"has-text-align-center\" data-align=\"center\">Jugo Concentrado de uva (incluido el mosto)<\/td><td class=\"has-text-align-center\" data-align=\"center\">2,50%<\/td><td class=\"has-text-align-center\" data-align=\"center\">5,00%<\/td><\/tr><tr><td>Jugo concentrado de uva<\/td><td class=\"has-text-align-center\" data-align=\"center\">20096900<\/td><td class=\"has-text-align-center\" data-align=\"center\">Jugo Concentrado de uva (incluido el mosto)<\/td><td class=\"has-text-align-center\" data-align=\"center\">2,50%<\/td><td class=\"has-text-align-center\" data-align=\"center\">5,00%<\/td><\/tr><tr><td>Vino fraccionado<\/td><td class=\"has-text-align-center\" data-align=\"center\">22041010<\/td><td class=\"has-text-align-center\" data-align=\"center\">Vino espumoso tipo champa\u00f1a<\/td><td class=\"has-text-align-center\" data-align=\"center\">3,25%<\/td><td class=\"has-text-align-center\" data-align=\"center\">5,50%<\/td><\/tr><tr><td>Vino fraccionado<\/td><td class=\"has-text-align-center\" data-align=\"center\">22041090<\/td><td class=\"has-text-align-center\" data-align=\"center\">Vino espumoso excluido tipo champa\u00f1a<\/td><td class=\"has-text-align-center\" data-align=\"center\">3,25%<\/td><td class=\"has-text-align-center\" data-align=\"center\">5,50%<\/td><\/tr><tr><td>Vino fraccionado<\/td><td class=\"has-text-align-center\" data-align=\"center\">22042100<\/td><td class=\"has-text-align-center\" data-align=\"center\">Vinos excluidos espumosos, mostos de uva c\/fermentaci\u00f3n cortada p\/a\u00f1adido de alcohol, en envases &lt;= a 2 l.<\/td><td class=\"has-text-align-center\" data-align=\"center\">3,25%<\/td><td class=\"has-text-align-center\" data-align=\"center\">5,50%<\/td><\/tr><tr><td>Vino fraccionado<\/td><td class=\"has-text-align-center\" data-align=\"center\">22042211<\/td><td class=\"has-text-align-center\" data-align=\"center\">Vinos no espumosos en envases con capacidad &gt; 2 l &lt;= 5 l<\/td><td class=\"has-text-align-center\" data-align=\"center\">3,25%<\/td><td class=\"has-text-align-center\" data-align=\"center\">5,50%<\/td><\/tr><tr><td>Vino fraccionado<\/td><td class=\"has-text-align-center\" data-align=\"center\">22042219<\/td><td class=\"has-text-align-center\" data-align=\"center\">Vinos no espumosos en envases con capacidad &gt; 5 l &lt;= 10 l<\/td><td class=\"has-text-align-center\" data-align=\"center\">3,25%<\/td><td class=\"has-text-align-center\" data-align=\"center\">5,50%<\/td><\/tr><tr><td>Vino a granel<\/td><td class=\"has-text-align-center\" data-align=\"center\">22042910<\/td><td class=\"has-text-align-center\" data-align=\"center\">Los dem\u00e1s<\/td><td class=\"has-text-align-center\" data-align=\"center\">3,00%<\/td><td class=\"has-text-align-center\" data-align=\"center\">5,00%<\/td><\/tr><tr><td>Vino a granel<\/td><td class=\"has-text-align-center\" data-align=\"center\">22042920<\/td><td class=\"has-text-align-center\" data-align=\"center\">Mosto de uva en el que la fermentaci\u00f3n se ha impedido o cortado a\u00f1adiendo alcohol<\/td><td class=\"has-text-align-center\" data-align=\"center\">3,00%<\/td><td class=\"has-text-align-center\" data-align=\"center\">5,00%<\/td><\/tr><\/tbody><\/table><\/figure>\n\n\n\n<p><strong>Organismo responsable: Ministerio de Desarrollo Productivo.<\/strong><\/p>\n\n\n\n<div style=\"height:23px\" aria-hidden=\"true\" class=\"wp-block-spacer\"><\/div>\n\n\n\n<p class=\"has-background has-very-light-gray-background-color\"><strong>2. Ampliar los plazos para ingreso de divisas de establecimientos vitivin\u00edcolas<\/strong><\/p>\n\n\n\n<p>Se solicita ampliar el plazo establecido para el ingreso y liquidaci\u00f3n de divisas en el pa\u00eds como producto de las exportaciones, llev\u00e1ndolo de 180 d\u00edas a 270 d\u00edas como m\u00e1ximo.<\/p>\n\n\n\n<p>Esta solicitud obedece a las dificultades registradas por el sector productivo a la hora de hacer efectivo los cobros por exportaciones en los mercados internacionales como consecuencia de la pandemia por la que el mundo atraviesa.<\/p>\n\n\n\n<p><strong>Organismo responsable: Banco Central de la Rep\u00fablica Argentina.<\/strong><\/p>\n\n\n\n<div style=\"height:20px\" aria-hidden=\"true\" class=\"wp-block-spacer\"><\/div>\n\n\n\n<p class=\"has-background has-very-light-gray-background-color\"><strong>3.<\/strong> <strong>Incentivos para acelerar el ingreso de divisas<\/strong><\/p>\n\n\n\n<p>Se solicita oficializar un esquema de incentivos para los ingresos de divisas al pa\u00eds, el cual consiste en obtener una bonificaci\u00f3n en la tasa de derechos de exportaci\u00f3n en funci\u00f3n al plazo registrado entre la oficializaci\u00f3n de las exportaciones y el ingreso efectivo de las divisas, de acuerdo a la siguiente metodolog\u00eda:<br><\/p>\n\n\n\n<figure class=\"wp-block-table is-style-stripes\"><table class=\"\"><tbody><tr><td class=\"has-text-align-left\" data-align=\"left\"><strong>Plazo para el ingreso de divisas<\/strong><\/td><td class=\"has-text-align-center\" data-align=\"center\"><strong>Bonificaci\u00f3n<\/strong><\/td><td class=\"has-text-align-center\" data-align=\"center\"><strong>Derecho de exportaci\u00f3n neto $\/ U$S<\/strong><\/td><\/tr><tr><td class=\"has-text-align-left\" data-align=\"left\">O a 60 d\u00edas<\/td><td class=\"has-text-align-center\" data-align=\"center\">30%<\/td><td class=\"has-text-align-center\" data-align=\"center\">$ 2,1<\/td><\/tr><tr><td class=\"has-text-align-left\" data-align=\"left\">61 a 90 d\u00edas<\/td><td class=\"has-text-align-center\" data-align=\"center\">20%<\/td><td class=\"has-text-align-center\" data-align=\"center\">$ 2,4<\/td><\/tr><tr><td class=\"has-text-align-left\" data-align=\"left\">91 a 120 d\u00edas<\/td><td class=\"has-text-align-center\" data-align=\"center\">10%<\/td><td class=\"has-text-align-center\" data-align=\"center\">$ 2,7<\/td><\/tr><tr><td class=\"has-text-align-left\" data-align=\"left\">121 a 180 d\u00edas *<\/td><td class=\"has-text-align-center\" data-align=\"center\">0%<\/td><td class=\"has-text-align-center\" data-align=\"center\">$ 3,0<\/td><\/tr><\/tbody><\/table><\/figure>\n\n\n\n<p><strong><em>* En el caso de que se ampl\u00eden los plazos para el ingreso de divisas, el per\u00edodo deber\u00eda ampliarse hasta llegar a los 270 d\u00edas.<\/em><\/strong><\/p>\n\n\n\n<div style=\"height:20px\" aria-hidden=\"true\" class=\"wp-block-spacer\"><\/div>\n\n\n\n<p>As\u00ed, por ejemplo, si las divisas se ingresan dentro de los primeros 60 d\u00edas contados desde la oficializaci\u00f3n de la exportaci\u00f3n, el derecho de exportaci\u00f3n se bonifica 30%, pasado de 3 $\/d\u00f3lar a 2,1 $\/d\u00f3lar, si se ingresan entre 61 a 90 d\u00edas; la bonificaci\u00f3n es del 20% y as\u00ed hasta llegar a los 270 d\u00edas. De esta manera se estar\u00eda incentivando el ingreso de divisas al pa\u00eds, al tiempo que los exportadores obtienen un est\u00edmulo espec\u00edfico para acelerar el ingreso. El pago de derechos de exportaci\u00f3n se deber\u00eda efectivizar al momento de recibir el dinero de las cobranzas.<\/p>\n\n\n\n<p><strong>Organismo responsable: Ministerio de Econom\u00eda \/ AFIP<\/strong><\/p>\n\n\n\n<div style=\"height:20px\" aria-hidden=\"true\" class=\"wp-block-spacer\"><\/div>\n\n\n\n<p class=\"has-background has-very-light-gray-background-color\"><strong>4. Celeridad en el cobro de IVA<\/strong><\/p>\n\n\n\n<p>Se solicita acelerar los plazos de devoluci\u00f3n de IVA para los establecimientos vitivin\u00edcolas, llev\u00e1ndolo a un per\u00edodo promedio de 30 d\u00edas.<\/p>\n\n\n\n<p>Las empresas exportadoras, especialmente las peque\u00f1as y medianas, tienen importantes saldos de IVA cr\u00e9dito a recuperar. Adem\u00e1s, como consecuencia de los saldos de IVA y la lentitud en el recupero se producen costos, uno ellos es el costo financiero, erosionando la capacidad crediticia de las empresas, especialmente las pymes, y quitando posibilidad de aplicaci\u00f3n de fondos a inversi\u00f3n, empleo y capital de trabajo.<\/p>\n\n\n\n<p><strong>Organismo responsable: Ministerio de Desarrollo Productivo \/ Ministerio de Econom\u00eda \/ AFIP<\/strong><\/p>\n\n\n\n<div style=\"height:20px\" aria-hidden=\"true\" class=\"wp-block-spacer\"><\/div>\n\n\n\n<p class=\"has-background has-very-light-gray-background-color\"><strong>5. Celeridad en la disponibilidad de reintegros por exportaci\u00f3n<\/strong><\/p>\n\n\n\n<p>Se solicita celeridad en disponer de los reintegros por exportaci\u00f3n, ya que por su car\u00e1cter \u00e9stos se pueden cobrar, se pueden utilizar para compensar obligaciones impositivas con el Estado Nacional o se pueden pasar a proveedores (cadena de pagos) que tengan obligaciones impositivas.<\/p>\n\n\n\n<p>Dar celeridad a los reintegros por exportaci\u00f3n disminuir\u00eda el costo financiero de las empresas vitivin\u00edcolas, efecto que ser\u00eda mucho mayor en las pymes.<\/p>\n\n\n\n<p>Tambi\u00e9n podr\u00eda gestionarse con las autoridades fiscales el establecimiento unificado de un cuerpo especializado afectado a la atenci\u00f3n de todas las tramitaciones de la cadena vitivin\u00edcola del pa\u00eds \u2013que por ejemplo podr\u00eda localizarse en la regi\u00f3n de Mendoza o San Juan, por razones geogr\u00e1ficas, de vinculaci\u00f3n con el sector y de estructura interna de AFIP\u2013, circunstancia que debiera garantizar una tramitaci\u00f3n m\u00e1s especializada y por tanto m\u00e1s personalizada, efectiva y r\u00e1pida, puesto que resulta fundamental acelerar los plazos de reintegros por exportaci\u00f3n.<\/p>\n\n\n\n<p><strong>Organismo responsable: Ministerio de Desarrollo Productivo \/ Ministerio de Econom\u00eda \/AFIP<\/strong><\/p>\n\n\n\n<div style=\"height:20px\" aria-hidden=\"true\" class=\"wp-block-spacer\"><\/div>\n\n\n\n<p class=\"has-background has-very-light-gray-background-color\"><strong>6. Presencia de oficiales de Aduanas en establecimientos vitivin\u00edcolas<\/strong><\/p>\n\n\n\n<p>Se solicita que la Direcci\u00f3n General de Aduanas facilite la presencia de personal en las empresas exportadoras, ya que aquellas empresas que no cuentan con sistema de monitoreo por c\u00e1maras (altos costos involucrados), no consiguen autorizaciones para despachos de exportaci\u00f3n, puesto que no hay presencia f\u00edsica de personal de Aduanas.<\/p>\n\n\n\n<p><strong>Organismo responsable: Ministerio de Econom\u00eda \/ AFIP \/ Direcci\u00f3n General de Aduanas.<\/strong><\/p>\n\n\n\n<div style=\"height:20px\" aria-hidden=\"true\" class=\"wp-block-spacer\"><\/div>\n\n\n\n<p class=\"has-background has-very-light-gray-background-color\"><strong>7. Uso del derecho de exportaci\u00f3n como cr\u00e9dito para el pago de Impuesto a las Ganancias<\/strong><\/p>\n\n\n\n<p>Se solicita la utilizaci\u00f3n de los derechos de exportaci\u00f3n como cr\u00e9dito para el pago de Impuesto a las Ganancias. As\u00ed, el impuesto a las ganancias se ve afectado por la inclusi\u00f3n del derecho de exportaci\u00f3n en el balance impositivo.<\/p>\n\n\n\n<p><strong>Organismo responsable: Ministerio de Desarrollo Productivo \/ Ministerio de Econom\u00eda \/ AFIP<\/strong><\/p>\n\n\n\n<div style=\"height:20px\" aria-hidden=\"true\" class=\"wp-block-spacer\"><\/div>\n\n\n\n<p class=\"has-text-color has-background has-medium-font-size has-very-light-gray-color has-vivid-red-background-color\"><strong>Mercado interno<\/strong><\/p>\n\n\n\n<div style=\"height:20px\" aria-hidden=\"true\" class=\"wp-block-spacer\"><\/div>\n\n\n\n<p class=\"has-background has-very-light-gray-background-color\"><strong>8. Libre circulaci\u00f3n de productos vitivin\u00edcolas<\/strong><\/p>\n\n\n\n<p>En ciertas jurisdicciones del pa\u00eds se est\u00e1 prohibiendo el ingreso, la circulaci\u00f3n y la venta de productos vitivin\u00edcolas, no cumpliendo con lo establecido por el Decreto Presidencial 297\/2020.<\/p>\n\n\n\n<p>Se solicita que no se interfiera la comercializaci\u00f3n de productos de la cadena vitivin\u00edcola, ya que esto genera un grave perjuicio para productores, establecimientos y la cadena en general.<\/p>\n\n\n\n<p>Los municipios que han establecido prohibiciones se encuentran en Catamarca, C\u00f3rdoba, Chaco, Jujuy, La Rioja, Misiones, Neuqu\u00e9n, Salta y Santiago del Estero. Y otros m\u00e1s se pueden sumar mientras dure la cuarentena.<\/p>\n\n\n\n<p>De acuerdo con lo establecido el en Decreto 297\/2020, a trav\u00e9s del cual se establece el \u201caislamiento social, preventivo y obligatorio\u201d como consecuencia de la pandemia COVID-19, y considerando que mediante su Art\u00edculo 6\u00ba se except\u00faa del cumplimiento de la normativa y de la prohibici\u00f3n de circular, a las personas afectadas a las actividades y servicios declarados esenciales en la emergencia, estableci\u00e9ndose en el inciso 12 a las industrias de alimentaci\u00f3n, su cadena productiva e insumos.<\/p>\n\n\n\n<p>Es preciso considerar que el vino es un alimento al incluirse en el C\u00f3digo Alimentario en su Cap\u00edtulo XIII -Bebidas Fermentadas mediante los art. 1092 al 1107. Y que, a trav\u00e9s de la Ley 26.870, se declar\u00f3 al Vino Argentino, la Bebida Nacional.<\/p>\n\n\n\n<p>Con producci\u00f3n en 18 provincias del pa\u00eds, la vitivinicultura es una cadena productiva mano de obra intensiva y de alto valor agregado, clave para el desarrollo de las econom\u00edas regionales.<\/p>\n\n\n\n<p>El vino es un alimento tal cual ocurre en muchos pa\u00edses del mundo. Miles de personas, desde un peque\u00f1o viticultor hasta una tienda de vinos, un restaurante y todos los canales intermedios dependen de su normal comercializaci\u00f3n. Tomando las medidas de protecci\u00f3n que correspondan toda aquella persona que pueda y quiera hacerlo puede abrir su comercio y vender vino tal cual lo hacen otros comercios que venden alimentos sin temor a sanciones o clausuras.<\/p>\n\n\n\n<p><strong>Organismo responsable: Ministerio de Desarrollo Productivo \/ Ministerio de Agricultura.<\/strong><\/p>\n\n\n\n<div style=\"height:20px\" aria-hidden=\"true\" class=\"wp-block-spacer\"><\/div>\n\n\n\n<p class=\"has-background has-very-light-gray-background-color\"><strong>9. Disminuci\u00f3n de costos log\u00edsticos<\/strong><\/p>\n\n\n\n<p>La log\u00edstica representa un elemento central en la competitividad de los productos vitivin\u00edcolas. La comparaci\u00f3n de despachos entre puertos argentinos y chilenos marca claramente la diferencia de menores costos a favor de los puertos de Chile, debido principalmente al valor que tiene trasladar los productos por tierra (in land) en Argentina. &nbsp;Por ello se propone que se establezca un mecanismo que permita compensar el alto costo log\u00edstico que soporta dicha cadena.<\/p>\n\n\n\n<p>Concretamente se pide una compensaci\u00f3n sobre los costos de transporte internos por la distancia entre la provincia o regi\u00f3n y los puertos de embarques argentinos con destino a la exportaci\u00f3n y\/o despachos a los principales centros de consumo nacionales. Esto puede aplicarse a trav\u00e9s de una rebaja en el valor del flete con un valor determinado por caja o litro de vino exportado o comercializado en el mercado interno y externo.<\/p>\n\n\n\n<p>Una alternativa es la eximici\u00f3n de pago del IVA al transporte interno de bienes exportables originarios en las provincias vitivin\u00edcolas y destinadas a los puertos de embarques argentinos y\/o despachos a los principales centros de consumo nacionales.<\/p>\n\n\n\n<div style=\"height:20px\" aria-hidden=\"true\" class=\"wp-block-spacer\"><\/div>\n\n\n\n<p class=\"has-background has-very-light-gray-background-color\"><strong>10. Incluir a vinotecas en las actividades comerciales exceptuadas del Decreto 297\/2020<\/strong><\/p>\n\n\n\n<p>Se solicita que se haga un correcta interpretaci\u00f3n del Art\u00edculo 6\u00ba del Decreto 297\/2020 y se incluya a las vinotecas dentro de las actividades exceptuadas del cumplimiento del \u201caislamiento social, preventivo y obligatorio\u201d por ser parte de las industrias de alimentaci\u00f3n, su cadena productiva e insumos.<\/p>\n\n\n\n<p>En ciertas provincias del pa\u00eds, en especial en los grandes centros de consumo urbano, no est\u00e1n permitiendo la apertura de vinotecas. La situaci\u00f3n no es clara, ya que algunas no pueden abrir, pero s\u00ed hacen env\u00edos a domicilio, y, adem\u00e1s, la situaci\u00f3n es desventajosa ya que otros comercios como supermercados, carnicer\u00edas y almacenes si pueden comercializar vinos. Esto afecta especialmente a las bodegas pymes que tienen m\u00e1s presencia comercial en vinotecas que en supermercados e hipermercados.<\/p>\n\n\n\n<p><strong>Organismo responsable: Ministerio de Desarrollo Productivo.<\/strong><\/p>\n\n\n\n<div style=\"height:20px\" aria-hidden=\"true\" class=\"wp-block-spacer\"><\/div>\n\n\n\n<p class=\"has-text-color has-background has-medium-font-size has-very-light-gray-color has-vivid-red-background-color\"><strong>Turismo Vitivin\u00edcola<\/strong><\/p>\n\n\n\n<div style=\"height:20px\" aria-hidden=\"true\" class=\"wp-block-spacer\"><\/div>\n\n\n\n<p class=\"has-background has-very-light-gray-background-color\"><strong>11. Incluir a establecimientos de turismo vitivin\u00edcola en el Programa de Asistencia de Emergencia al Trabajo y la Producci\u00f3n<\/strong><\/p>\n\n\n\n<p>Se solicita incluir en el art\u00edculo 3 del \u201cPrograma de Asistencia de Emergencia al Trabajo y la Producci\u00f3n\u201d (Decreto 332\/2020) a las empresas que desarrollan actividades vinculadas al turismo vitivin\u00edcola, inscriptas como actividad primaria y\/o secundaria.&nbsp;&nbsp;&nbsp;&nbsp;&nbsp;&nbsp;<\/p>\n\n\n\n<p>El \u201caislamiento social, preventivo y obligatorio\u201d, genera como consecuencia una importante restricci\u00f3n en el desarrollo de todas las actividades vinculadas al desarrollo del enoturismo en nuestro pa\u00eds, principalmente peque\u00f1as y medianas bodegas que generan empleo y promueven un desarrollo econ\u00f3mico local en torno al turismo. Esta situaci\u00f3n coyuntural provoca una crisis en el sector y pone en peligro la continuidad de las fuentes de trabajo.<\/p>\n\n\n\n<p>En el marco del Plan operativo de Turismo del Vino y, seg\u00fan resultados preliminares del Observatorio de Enoturismo, la cantidad de enoturistas durante 2017 fue de 1.647.081. En cuanto al empleo, el enoturismo en la Argentina representa 872 puestos de trabajo permanentes y 351 empleos transitorios, de los cuales el 78% son mujeres en el staff permanente.<\/p>\n\n\n\n<p>El Programa de Asistencia de Emergencia al Trabajo y la Producci\u00f3n, dispone la postergaci\u00f3n o reducci\u00f3n de hasta el 95% del pago de las contribuciones patronales al Sistema Integrado Previsional Argentino, como tambi\u00e9n la asignaci\u00f3n no remunerativa abonada por el Estado para todos los trabajadores y trabajadoras en relaci\u00f3n de dependencia comprendidos en el r\u00e9gimen de negociaci\u00f3n colectiva en los t\u00e9rminos de la Ley 14.250, para empresas de hasta 100 trabajadoras y trabajadores. El Programa dispone adem\u00e1s una prestaci\u00f3n econ\u00f3mica por desempleo, entre otras acciones. Pedimos la que vitivinicultura pueda acceder a estas medidas de asistencia en la crisis.<\/p>\n\n\n\n<p><strong>Organismo responsable: Ministerio de Desarrollo Productivo.<\/strong><\/p>\n\n\n\n<div style=\"height:20px\" aria-hidden=\"true\" class=\"wp-block-spacer\"><\/div>\n\n\n\n<p class=\"has-text-color has-background has-medium-font-size has-very-light-gray-color has-vivid-red-background-color\"><strong>Producci\u00f3n<\/strong><\/p>\n\n\n\n<div style=\"height:20px\" aria-hidden=\"true\" class=\"wp-block-spacer\"><\/div>\n\n\n\n<p class=\"has-background has-very-light-gray-background-color\"><strong>12. Disminuci\u00f3n de costos energ\u00e9ticos<\/strong><\/p>\n\n\n\n<p>Se solicita la disminuci\u00f3n de tarifas el\u00e9ctricas para la cadena vitivin\u00edcola en sus diferentes eslabones: producci\u00f3n primaria y establecimientos, dada la incertidumbre y dif\u00edcil coyuntura, y su car\u00e1cter de cadena electrodepediente y mano de obra intensiva.<\/p>\n\n\n\n<p>Se requiere adem\u00e1s al Gobierno Nacional una disminuci\u00f3n de los impuestos nacionales asociados a la tarifa el\u00e9ctrica y se insta a los gobiernos provinciales y municipales a actuar en el mismo sentido en relaci\u00f3n con la rebaja de impuestos.<\/p>\n\n\n\n<p>Se solicita que se considere especialmente el riego agr\u00edcola, haciendo una segmentaci\u00f3n de tarifas, ya que la situaci\u00f3n de los productores, al ser muchos de ellos monotributistas, hace que su estado sea m\u00e1s cr\u00edtico dado que, adem\u00e1s de afrontar los costos crecientes, no pueden utilizar cr\u00e9ditos fiscales como el IVA.<\/p>\n\n\n\n<p><strong>Organismo responsable: Ministerio de Desarrollo Productivo \/ Ministerio de Agricultura.<\/strong><\/p>\n\n\n\n<div style=\"height:20px\" aria-hidden=\"true\" class=\"wp-block-spacer\"><\/div>\n\n\n\n<p class=\"has-text-color has-background has-medium-font-size has-very-light-gray-color has-vivid-red-background-color\"><strong>Financiamiento<\/strong><\/p>\n\n\n\n<p class=\"has-background has-very-light-gray-background-color\"><strong>13. Cr\u00e9ditos para empresas<\/strong><\/p>\n\n\n\n<div style=\"height:20px\" aria-hidden=\"true\" class=\"wp-block-spacer\"><\/div>\n\n\n\n<p>Acceso a cr\u00e9ditos para empresas, de manera de brindar previsibilidad financiera y as\u00ed afrontar el pago de salarios y dem\u00e1s compromisos asumidos mientras se extienda la situaci\u00f3n de anormalidad. Asimismo, el dise\u00f1o e implementaci\u00f3n de l\u00edneas de financiamiento para alcanzar eficiencia en el manejo del recurso h\u00eddrico, principalmente para peque\u00f1os y medianos productores regantes electro dependientes de nuestro pa\u00eds, afectados por la crisis h\u00eddrica y los altos costos energ\u00e9ticos.<\/p>\n\n\n\n<p><strong>Organismo responsable: Ministerio de Desarrollo Productivo \/ Ministerio de Agricultura.<\/strong><\/p>\n\n\n\n<div style=\"height:20px\" aria-hidden=\"true\" class=\"wp-block-spacer\"><\/div>\n\n\n\n<p class=\"has-small-font-size\"><strong><em>Fuente: Coviar<\/em><\/strong><\/p>\n","protected":false},"excerpt":{"rendered":"<p>Las entidades de todo el pa\u00eds que integran la Corporaci\u00f3n Vitivin\u00edcola Argentina consensuaron un conjunto&hellip;<\/p>\n","protected":false},"author":3,"featured_media":10646,"comment_status":"open","ping_status":"open","sticky":false,"template":"","format":"standard","meta":{"footnotes":""},"categories":[9],"tags":[],"class_list":["post-10607","post","type-post","status-publish","format-standard","has-post-thumbnail","hentry","category-negocios"],"_links":{"self":[{"href":"https:\/\/enolife.com.ar\/es\/wp-json\/wp\/v2\/posts\/10607","targetHints":{"allow":["GET"]}}],"collection":[{"href":"https:\/\/enolife.com.ar\/es\/wp-json\/wp\/v2\/posts"}],"about":[{"href":"https:\/\/enolife.com.ar\/es\/wp-json\/wp\/v2\/types\/post"}],"author":[{"embeddable":true,"href":"https:\/\/enolife.com.ar\/es\/wp-json\/wp\/v2\/users\/3"}],"replies":[{"embeddable":true,"href":"https:\/\/enolife.com.ar\/es\/wp-json\/wp\/v2\/comments?post=10607"}],"version-history":[{"count":0,"href":"https:\/\/enolife.com.ar\/es\/wp-json\/wp\/v2\/posts\/10607\/revisions"}],"wp:featuredmedia":[{"embeddable":true,"href":"https:\/\/enolife.com.ar\/es\/wp-json\/wp\/v2\/media\/10646"}],"wp:attachment":[{"href":"https:\/\/enolife.com.ar\/es\/wp-json\/wp\/v2\/media?parent=10607"}],"wp:term":[{"taxonomy":"category","embeddable":true,"href":"https:\/\/enolife.com.ar\/es\/wp-json\/wp\/v2\/categories?post=10607"},{"taxonomy":"post_tag","embeddable":true,"href":"https:\/\/enolife.com.ar\/es\/wp-json\/wp\/v2\/tags?post=10607"}],"curies":[{"name":"wp","href":"https:\/\/api.w.org\/{rel}","templated":true}]}}