{"id":106050,"date":"2023-11-21T14:13:16","date_gmt":"2023-11-21T14:13:16","guid":{"rendered":"https:\/\/enolife.com.ar\/es\/?p=106050"},"modified":"2023-11-23T01:35:11","modified_gmt":"2023-11-23T01:35:11","slug":"vitivinicultura-de-chilecito-vs-cambio-climatico-jornadas-del-inta-carpa-y-la-riojana-del-22-al-24-11","status":"publish","type":"post","link":"https:\/\/enolife.com.ar\/es\/vitivinicultura-de-chilecito-vs-cambio-climatico-jornadas-del-inta-carpa-y-la-riojana-del-22-al-24-11\/","title":{"rendered":"Vitivinicultura de Chilecito vs cambio clim\u00e1tico: jornadas del INTA, Carpa y La Riojana, del 22 al 24\/11"},"content":{"rendered":"\n<h4 class=\"wp-block-heading\"><em><strong>En los \u00faltimos a\u00f1os, gracias al trabajo coordinado de la C\u00e1mara Riojana de Productores Agropecuarios (Carpa) y la Cooperativa La Riojana, la ciudad riojana de Chilecito se ha convertido en centro de la vitivinicultura regional, organizando distintos eventos del sector de impacto nacional e internacional. Tras la exitosa megacata Evinor y el Foro Mundial de Cooperativas Vitivin\u00edcolas realizados a principios de octubre, ahora Carpa, La Riojana, la Corporaci\u00f3n Vitivin\u00edcola Argentina (Coviar) y el Instituto Nacional de Tecnolog\u00eda Agropecuaria (INTA), convocan a las jornadas de actualizaci\u00f3n \u00abRelevamiento de la producci\u00f3n primaria vitivin\u00edcola de La Rioja y cambio clim\u00e1tico\u00bb , los d\u00edas 22, 23 y 24\/11 en las localidades de Pituil, Chilecito y Villa Uni\u00f3n, respectivamente.<\/strong><\/em><\/h4>\n\n\n\n<div style=\"height:35px\" aria-hidden=\"true\" class=\"wp-block-spacer\"><\/div>\n\n\n<a href=\"https:\/\/sudafilt.com\/\" aria-label=\"SUDAFILT 1700X500 NOV25\"><img loading=\"lazy\" decoding=\"async\" src=\"https:\/\/enolife.com.ar\/es\/wp-content\/uploads\/2020\/07\/SUDAFILT-1700X500-NOV25.gif\" alt=\"\"  width=\"1700\" height=\"500\"   \/><\/a>\n\n\n<div style=\"height:45px\" aria-hidden=\"true\" class=\"wp-block-spacer\"><\/div>\n\n\n\n<p>Desde el Centro de Desarrollo Vit\u00edcola (CDV, dependiente de la Coviar y el Inta) La Rioja, en forma conjunta con Carpa, el \u00c1rea Agr\u00edcola de la Cooperativa La Riojana y la Estaci\u00f3n Experimental (EEA) INTA Chilecito, invitan a participar de las \u00abJornadas de Actualizaci\u00f3n: Relevamiento de la Producci\u00f3n Primaria Vitivin\u00edcola de La Rioja y Cambio Clim\u00e1tico\u00bb. <\/p>\n\n\n\n<p>En estas jornadas se compartir\u00e1n los resultados de una encuesta realizada al sector por estas instituciones&nbsp;durante los a\u00f1os pasados, y se tendr\u00e1 a oportunidad de escuchar y participar de la definici\u00f3n de acciones dirigidas a atenuar el cambio clim\u00e1tico en las fincas de la regi\u00f3n.<\/p>\n\n\n\n<div style=\"height:19px\" aria-hidden=\"true\" class=\"wp-block-spacer\"><\/div>\n\n\n\n<p class=\"has-background\" style=\"background-color:#7bdb935c\"><strong>Las jornadas se desarrollar\u00e1n de acuerdo al siguiente cronograma:<br><\/strong><br><strong>-Pituil:<\/strong>\u00a0 22 de Noviembre,\u00a018 hs Centro Cooperativo de La Riojana.<br><strong>-Chilecito:<\/strong> 23 de Noviembre 19 hs AER INTA Chilecito,\u00a0 Per\u00f3n 657<br><strong>-Villa Uni\u00f3n:<\/strong> 24 de Noviembre, 10.30 hs en Bodega de La Riojana, Ruta Nac. 76, Km 202<\/p>\n\n\n\n<p class=\"has-white-background-color has-background\">Por cualquier consulta, los interesados en participar puede comunicarse v\u00eda <strong>WhatsApp al 3825-523505<\/strong>, con la ingeniera Viviana Michel, o al <strong>3825-437461<\/strong>, con el ingeniero Franklin Barrera.<\/p>\n\n\n\n<div style=\"height:23px\" aria-hidden=\"true\" class=\"wp-block-spacer\"><\/div>\n","protected":false},"excerpt":{"rendered":"<p>En los \u00faltimos a\u00f1os, gracias al trabajo coordinado de la C\u00e1mara Riojana de Productores Agropecuarios&hellip;<\/p>\n","protected":false},"author":3,"featured_media":106057,"comment_status":"open","ping_status":"open","sticky":false,"template":"","format":"standard","meta":{"footnotes":""},"categories":[47],"tags":[],"class_list":["post-106050","post","type-post","status-publish","format-standard","has-post-thumbnail","hentry","category-agenda"],"_links":{"self":[{"href":"https:\/\/enolife.com.ar\/es\/wp-json\/wp\/v2\/posts\/106050","targetHints":{"allow":["GET"]}}],"collection":[{"href":"https:\/\/enolife.com.ar\/es\/wp-json\/wp\/v2\/posts"}],"about":[{"href":"https:\/\/enolife.com.ar\/es\/wp-json\/wp\/v2\/types\/post"}],"author":[{"embeddable":true,"href":"https:\/\/enolife.com.ar\/es\/wp-json\/wp\/v2\/users\/3"}],"replies":[{"embeddable":true,"href":"https:\/\/enolife.com.ar\/es\/wp-json\/wp\/v2\/comments?post=106050"}],"version-history":[{"count":0,"href":"https:\/\/enolife.com.ar\/es\/wp-json\/wp\/v2\/posts\/106050\/revisions"}],"wp:featuredmedia":[{"embeddable":true,"href":"https:\/\/enolife.com.ar\/es\/wp-json\/wp\/v2\/media\/106057"}],"wp:attachment":[{"href":"https:\/\/enolife.com.ar\/es\/wp-json\/wp\/v2\/media?parent=106050"}],"wp:term":[{"taxonomy":"category","embeddable":true,"href":"https:\/\/enolife.com.ar\/es\/wp-json\/wp\/v2\/categories?post=106050"},{"taxonomy":"post_tag","embeddable":true,"href":"https:\/\/enolife.com.ar\/es\/wp-json\/wp\/v2\/tags?post=106050"}],"curies":[{"name":"wp","href":"https:\/\/api.w.org\/{rel}","templated":true}]}}