{"id":105977,"date":"2023-11-20T15:22:08","date_gmt":"2023-11-20T15:22:08","guid":{"rendered":"https:\/\/enolife.com.ar\/es\/?p=105977"},"modified":"2023-11-21T14:14:12","modified_gmt":"2023-11-21T14:14:12","slug":"promendoza-capacito-a-22-profesionales-para-asesorar-en-comercio-exterior-a-pymes-exportadoras","status":"publish","type":"post","link":"https:\/\/enolife.com.ar\/es\/promendoza-capacito-a-22-profesionales-para-asesorar-en-comercio-exterior-a-pymes-exportadoras\/","title":{"rendered":"ProMendoza capacit\u00f3 a 22 profesionales para asesorar en comercio exterior a pymes exportadoras"},"content":{"rendered":"\n<h4 class=\"wp-block-heading\"><em><strong>Con el objetivo de preparar consultores para ayudar a diagramar a las pymes mendocinas sus estrategias de exportaci\u00f3n, la Fundaci\u00f3n ProMendoza (p\u00fablico-privada) realiz\u00f3 la capacitaci\u00f3n \u00ab\u00c1gil Training\u00bb y diplom\u00f3 a 22 profesionales en el dif\u00edcil arte del comercio exterior. Los egresados, provenientes de distintas disciplinas, pudieron agregar a sus saberes espec\u00edficos el conocimiento de c\u00f3mo se trabaja al vender al mundo los valiosos productos mendocinos de exportaci\u00f3n, como vino, ajo, aceite de oliva, metalmec\u00e1nica, tecnolog\u00eda y software, entre otros.<\/strong><\/em><\/h4>\n\n\n\n<div style=\"height:35px\" aria-hidden=\"true\" class=\"wp-block-spacer\"><\/div>\n\n\n<a href=\"https:\/\/instagram.com\/labelsolutions?igshid=YmMyMTA2M2Y=\" aria-label=\"Banner Palero 1700&#215;500\"><img loading=\"lazy\" decoding=\"async\" src=\"https:\/\/enolife.com.ar\/es\/wp-content\/uploads\/2021\/09\/Banner-Palero-1700x500-1.gif\" alt=\"\"  width=\"1700\" height=\"500\"   \/><\/a>\n\n\n<div style=\"height:45px\" aria-hidden=\"true\" class=\"wp-block-spacer\"><\/div>\n\n\n\n<p>La <strong>Fundaci\u00f3n ProMendoza<\/strong> finaliz\u00f3 su entrenamiento&nbsp;<strong>\u00ab\u00c1gil Training\u00bb<\/strong>, con el objetivo de preparar e insertar a los consultores mendocinos en el mundo de las exportaciones de las empresas de la provincia. <\/p>\n\n\n\n<p>La capacitaci\u00f3n se realiz\u00f3 durante cuatro viernes, desde el 20 de octubre al 10 de noviembre, en el nuevo edificio de la<strong> Legislatura de Mendoza<\/strong>. Participaron como capacitadores profesionales de ProMendoza con a\u00f1os de experiencia en el rubro.<\/p>\n\n\n\n<p>Durante el \u00ab\u00c1gil Training\u00bb, los participantes se sumergieron en un amplio abanico de temas esenciales para el mundo de las exportaciones. Las sesiones incluyeron entrenamiento en habilidades \u00abblandas\u00bb y&nbsp;<em>networking<\/em>, entrevistas laborales exitosas, exportaciones de bienes y servicios de Mendoza, herramientas de promoci\u00f3n comercial, plataformas log\u00edstico-comerciales, aspectos cambiarios e impositivos, y viabilidad y rentabilidad, entre otros temas.<\/p>\n\n\n\n<div style=\"height:17px\" aria-hidden=\"true\" class=\"wp-block-spacer\"><\/div>\n\n\n\n<blockquote class=\"wp-block-quote is-layout-flow wp-block-quote-is-layout-flow\">\n<p>Nos enorgullece realizar esta capacitaci\u00f3n, que beneficia a las empresas de Mendoza que buscan expandir sus horizontes en el mercado internacional\u00bb.<\/p>\n<cite>Los organizadores de ProMendoza<\/cite><\/blockquote>\n\n\n\n<div style=\"height:17px\" aria-hidden=\"true\" class=\"wp-block-spacer\"><\/div>\n\n\n\n<p>La capacitaci\u00f3n, ofrecida de forma gratuita, cont\u00f3 con la participaci\u00f3n de <strong>22 profesionales <\/strong>y tuvo como requisito indispensable que los participantes contar\u00e1n con t\u00edtulo universitario y el inter\u00e9s de expandir sus conocimientos y su perfil laboral a tareas relacionadas con el comercio exterior. Adem\u00e1s de ser un programa que promueve el traspaso de conocimientos pr\u00e1cticos en el rubro, la Fundaci\u00f3n busc\u00f3 ampliar el grupo de consultores que puedan asistir a nuevas pymes que buscan internacionalizarse.<\/p>\n\n\n\n<div style=\"height:14px\" aria-hidden=\"true\" class=\"wp-block-spacer\"><\/div>\n\n\n\n<p class=\"has-cyan-bluish-gray-background-color has-background\"><strong>Los nuevos consultores, de toda la provincia y Salta<\/strong><br><br><strong>Andr\u00e9s Giorgio<\/strong>, de Capital; <strong>Camila Scheurer<\/strong>, de Malarg\u00fce; <strong>Estefan\u00eda Catulo<\/strong>, de Godoy Cruz; <strong>Carina Saavedra<\/strong>, de Malarg\u00fce; <strong>Carolina Schieffer<\/strong>, de San Rafael; <strong>Melisa Cabrera<\/strong>, de Luj\u00e1n; <strong>Noelia de la Rosa<\/strong>, de Maip\u00fa; <strong>Noem\u00ed Garc\u00eda Olivar<\/strong>, de San Mart\u00edn; <strong>Guillermo Arias<\/strong>, de Las Heras; <strong>Gonzalo Flamarique<\/strong>, de Maip\u00fa; <strong>Pablo Artola<\/strong>, de Guaymall\u00e9n;<strong> \u00cdtalo Merlo<\/strong>, de General Alvear; <strong>Mariela Romero<\/strong>, de General Alvear; <strong>Romina Zabala<\/strong>, de Tupungato; <strong>Giselle Dom\u00ednguez<\/strong>, de San Carlos; <strong>Fabiana Neuilly<\/strong>, de Capital; <strong>Mariana G\u00f3mez<\/strong>, de Capital; <strong>Roc\u00edo Landaur<\/strong>, de Malarg\u00fce; <strong>Gabriela Loyola<\/strong>, de San Rafael; <strong>Walter Armoa<\/strong>, de Salta; <strong>Paula Barrios Legal<\/strong>, de Capital y <strong>Germ\u00e1n Cerezo<\/strong>, de San Rafael.<\/p>\n\n\n\n<div style=\"height:30px\" aria-hidden=\"true\" class=\"wp-block-spacer\"><\/div>\n\n\n\n<p>Desde ProMendoza manifestaron al respecto:<em> \u00abNos enorgullece facilitar esta oportunidad de capacitaci\u00f3n integral, que no s\u00f3lo beneficia a los consultores sino tambi\u00e9n a las empresas de Mendoza que buscan expandir sus horizontes en el mercado internacional. Este compromiso continuo con la educaci\u00f3n y el desarrollo econ\u00f3mico demuestra el papel crucial de ProMendoza en el fortalecimiento del tejido empresarial de la regi\u00f3n\u00bb.&nbsp;<\/em><\/p>\n\n\n\n<div style=\"height:30px\" aria-hidden=\"true\" class=\"wp-block-spacer\"><\/div>\n","protected":false},"excerpt":{"rendered":"<p>Con el objetivo de preparar consultores para ayudar a diagramar a las pymes mendocinas sus&hellip;<\/p>\n","protected":false},"author":3,"featured_media":106023,"comment_status":"open","ping_status":"open","sticky":false,"template":"","format":"standard","meta":{"footnotes":""},"categories":[14],"tags":[],"class_list":["post-105977","post","type-post","status-publish","format-standard","has-post-thumbnail","hentry","category-news"],"_links":{"self":[{"href":"https:\/\/enolife.com.ar\/es\/wp-json\/wp\/v2\/posts\/105977","targetHints":{"allow":["GET"]}}],"collection":[{"href":"https:\/\/enolife.com.ar\/es\/wp-json\/wp\/v2\/posts"}],"about":[{"href":"https:\/\/enolife.com.ar\/es\/wp-json\/wp\/v2\/types\/post"}],"author":[{"embeddable":true,"href":"https:\/\/enolife.com.ar\/es\/wp-json\/wp\/v2\/users\/3"}],"replies":[{"embeddable":true,"href":"https:\/\/enolife.com.ar\/es\/wp-json\/wp\/v2\/comments?post=105977"}],"version-history":[{"count":0,"href":"https:\/\/enolife.com.ar\/es\/wp-json\/wp\/v2\/posts\/105977\/revisions"}],"wp:featuredmedia":[{"embeddable":true,"href":"https:\/\/enolife.com.ar\/es\/wp-json\/wp\/v2\/media\/106023"}],"wp:attachment":[{"href":"https:\/\/enolife.com.ar\/es\/wp-json\/wp\/v2\/media?parent=105977"}],"wp:term":[{"taxonomy":"category","embeddable":true,"href":"https:\/\/enolife.com.ar\/es\/wp-json\/wp\/v2\/categories?post=105977"},{"taxonomy":"post_tag","embeddable":true,"href":"https:\/\/enolife.com.ar\/es\/wp-json\/wp\/v2\/tags?post=105977"}],"curies":[{"name":"wp","href":"https:\/\/api.w.org\/{rel}","templated":true}]}}