{"id":105696,"date":"2023-11-16T15:10:22","date_gmt":"2023-11-16T15:10:22","guid":{"rendered":"https:\/\/enolife.com.ar\/es\/?p=105696"},"modified":"2023-11-18T00:58:57","modified_gmt":"2023-11-18T00:58:57","slug":"eslovenia-festeja-en-mendoza-la-transformacion-del-mosto-en-vino-con-4-dias-de-catas-musica-y-baile","status":"publish","type":"post","link":"https:\/\/enolife.com.ar\/es\/eslovenia-festeja-en-mendoza-la-transformacion-del-mosto-en-vino-con-4-dias-de-catas-musica-y-baile\/","title":{"rendered":"Eslovenia festeja en Mendoza la transformaci\u00f3n del mosto en vino con 4 d\u00edas de catas, m\u00fasica y baile"},"content":{"rendered":"\n<h4 class=\"wp-block-heading\"><em><strong>Del 16 al 19\/11, la comunidad eslovena realiza en Mendoza el II Encuentro Esloveno Mundial y el VIII \u00abMartinovanje\u00bb o D\u00eda de San Mart\u00edn de Tours, en el cual se celebra la transformaci\u00f3n del mosto en vino, equivalente al festejo de la Vendimia en Mendoza. Esta reuni\u00f3n congrega a l\u00edderes de las agrupaciones eslovenas de Argentina -encabezadas por la Sociedad Eslovena de Mendoza, que tambi\u00e9n celebra sus 75 a\u00f1os de vida-, c\u00f3nsules honorarios de Eslovenia en distintas ciudades argentinas y latinoamericanas, miembros de las c\u00e1maras de comercio argentino-eslovenas, descendientes y vecinos de esa comunidad afincados en Mendoza y representantes de asociaciones amigas de Argentina, Am\u00e9rica Latina y Canad\u00e1. En esta nota, el programa completo de actividades. <\/strong><\/em><\/h4>\n\n\n\n<div style=\"height:35px\" aria-hidden=\"true\" class=\"wp-block-spacer\"><\/div>\n\n\n<a href=\"https:\/\/jmzeballos.com\/\" aria-label=\"PUBLICIDAD ENOLIFE 2023_\u00c1NFORAS 1700 x 500\"><img loading=\"lazy\" decoding=\"async\" src=\"https:\/\/enolife.com.ar\/es\/wp-content\/uploads\/2020\/12\/PUBLICIDAD-ENOLIFE-2023_ANFORAS-1700-x-500.jpg\" alt=\"\"  srcset=\"https:\/\/enolife.com.ar\/es\/wp-content\/uploads\/2020\/12\/PUBLICIDAD-ENOLIFE-2023_ANFORAS-1700-x-500.jpg 1700w, https:\/\/enolife.com.ar\/es\/wp-content\/uploads\/2020\/12\/PUBLICIDAD-ENOLIFE-2023_ANFORAS-1700-x-500-300x88.jpg 300w, https:\/\/enolife.com.ar\/es\/wp-content\/uploads\/2020\/12\/PUBLICIDAD-ENOLIFE-2023_ANFORAS-1700-x-500-1024x301.jpg 1024w, https:\/\/enolife.com.ar\/es\/wp-content\/uploads\/2020\/12\/PUBLICIDAD-ENOLIFE-2023_ANFORAS-1700-x-500-768x226.jpg 768w, https:\/\/enolife.com.ar\/es\/wp-content\/uploads\/2020\/12\/PUBLICIDAD-ENOLIFE-2023_ANFORAS-1700-x-500-1536x452.jpg 1536w, https:\/\/enolife.com.ar\/es\/wp-content\/uploads\/2020\/12\/PUBLICIDAD-ENOLIFE-2023_ANFORAS-1700-x-500-1170x344.jpg 1170w, https:\/\/enolife.com.ar\/es\/wp-content\/uploads\/2020\/12\/PUBLICIDAD-ENOLIFE-2023_ANFORAS-1700-x-500-585x172.jpg 585w\" sizes=\"auto, (max-width: 1700px) 100vw, 1700px\" width=\"1700\" height=\"500\"   \/><\/a>\n\n\n<div style=\"height:45px\" aria-hidden=\"true\" class=\"wp-block-spacer\"><\/div>\n\n\n\n<p>La comunidad eslovena en <strong>Argentina<\/strong> cuenta con alrededor de 300.000 ciudadanos de ese pa\u00eds de <strong>Europa Central<\/strong> y descendientes. En <strong>Mendoza<\/strong>, la <strong>Sociedad Eslovena<\/strong>, fundada hace m\u00e1s de 70 a\u00f1os, es una de las principales del pa\u00eds y tiene un rol activo y constante desde hace d\u00e9cadas en la promoci\u00f3n de la cultura tradicional y los valores eslovenos, en armon\u00eda y estrecha colaboraci\u00f3n con entidades, instituciones y organizaciones argentinas.<\/p>\n\n\n\n<p>Del 16 al 19\/11 se realiza en Mendoza el <strong>II Encuentro Esloveno Mundial<\/strong> y, en simult\u00e1neo, el <strong>VIII Martinovanje<\/strong> o <strong>D\u00eda de San Mart\u00edn de Tours<\/strong>, en el cual se celebra la transformaci\u00f3n del mosto en vino, una celebraci\u00f3n que puede equipararse a la <strong>Vendimia<\/strong> de Mendoza.<\/p>\n\n\n\n<p>Esta festividad tiene como finalidad reunir a presidentes de las sociedades eslovenas, miembros de las c\u00e1maras de comercio, as\u00ed como a c\u00f3nsules honorarios de Eslovenia, miembros de dicha comunidad y distintas asociaciones presentes en Argentina, otros pa\u00edses de Am\u00e9rica del Sur y Canad\u00e1, para as\u00ed fomentar el intercambio cultural, tur\u00edstico y comercial entre Eslovenia y Argentina.<\/p>\n\n\n\n<div style=\"height:30px\" aria-hidden=\"true\" class=\"wp-block-spacer\"><\/div>\n\n\n\n<figure class=\"wp-block-gallery has-nested-images columns-default is-cropped wp-block-gallery-1 is-layout-flex wp-block-gallery-is-layout-flex\">\n<figure class=\"wp-block-image size-full\"><a href=\"https:\/\/enolife.com.ar\/es\/wp-content\/uploads\/2023\/11\/385863703_321880657158733_5313480421862440988_n.jpg\" data-rel=\"penci-gallery-image-content\" ><img loading=\"lazy\" decoding=\"async\" width=\"400\" height=\"400\" data-id=\"105729\" src=\"https:\/\/enolife.com.ar\/es\/wp-content\/uploads\/2023\/11\/385863703_321880657158733_5313480421862440988_n.jpg\" alt=\"\" class=\"wp-image-105729\" srcset=\"https:\/\/enolife.com.ar\/es\/wp-content\/uploads\/2023\/11\/385863703_321880657158733_5313480421862440988_n.jpg 400w, https:\/\/enolife.com.ar\/es\/wp-content\/uploads\/2023\/11\/385863703_321880657158733_5313480421862440988_n-300x300.jpg 300w, https:\/\/enolife.com.ar\/es\/wp-content\/uploads\/2023\/11\/385863703_321880657158733_5313480421862440988_n-150x150.jpg 150w\" sizes=\"auto, (max-width: 400px) 100vw, 400px\" \/><\/a><\/figure>\n\n\n\n<figure class=\"wp-block-image size-full\"><a href=\"https:\/\/enolife.com.ar\/es\/wp-content\/uploads\/2023\/11\/385861288_321880660492066_5751570323055364637_n.jpg\" data-rel=\"penci-gallery-image-content\" ><img loading=\"lazy\" decoding=\"async\" width=\"923\" height=\"995\" data-id=\"105728\" src=\"https:\/\/enolife.com.ar\/es\/wp-content\/uploads\/2023\/11\/385861288_321880660492066_5751570323055364637_n.jpg\" alt=\"\" class=\"wp-image-105728\" srcset=\"https:\/\/enolife.com.ar\/es\/wp-content\/uploads\/2023\/11\/385861288_321880660492066_5751570323055364637_n.jpg 923w, https:\/\/enolife.com.ar\/es\/wp-content\/uploads\/2023\/11\/385861288_321880660492066_5751570323055364637_n-278x300.jpg 278w, https:\/\/enolife.com.ar\/es\/wp-content\/uploads\/2023\/11\/385861288_321880660492066_5751570323055364637_n-768x828.jpg 768w, https:\/\/enolife.com.ar\/es\/wp-content\/uploads\/2023\/11\/385861288_321880660492066_5751570323055364637_n-585x631.jpg 585w\" sizes=\"auto, (max-width: 923px) 100vw, 923px\" \/><\/a><\/figure>\n<\/figure>\n\n\n\n<div style=\"height:30px\" aria-hidden=\"true\" class=\"wp-block-spacer\"><\/div>\n\n\n\n<p class=\"has-medium-font-size\"><strong>Agenda de actividades<\/strong><\/p>\n\n\n\n<p><strong>Jueves 16 de noviembre:&nbsp;<\/strong>El primer d\u00eda esta dedicado a la cultura y se realiza la inauguraci\u00f3n del encuentro en el ic\u00f3nico Teatro Independencia, con presentaci\u00f3n de m\u00fasica y cantos corales eslovenos.&nbsp;<\/p>\n\n\n\n<p>Este a\u00f1o, el <strong>Coro de la Sociedad Eslovena<\/strong> de Mendoza cumple 75 a\u00f1os de canto ininterrumpido en la provincia y, en consonancia, el <strong>Octeto Esloveno<\/strong> de Mendoza festeja sus 25 a\u00f1os de vida. Es por ello que merece destacarse el valor cultural de estas insituciones para la provincia. Adem\u00e1s, actuar\u00e1 en la ocasi\u00f3n un conjunto musical de Eslovenia especialmente invitado.<\/p>\n\n\n\n<p><strong>Viernes 17 de noviembre:&nbsp;<\/strong>El segundo d\u00eda se desarrollar\u00e1 una muestra tradicional de degustaci\u00f3n de vinos argentinos y eslovenos en el edificio de La Enoteca -el Centro Tem\u00e1tico del Vino de Mendoza- y en la terraza de la Municipalidad de la Ciudad de Mendoza.<\/p>\n\n\n\n<p><strong>S\u00e1bado 18 de noviembre:&nbsp;<\/strong>El tercer d\u00eda estar\u00e1 dedicado al turismo vitivin\u00edcola, con visitas a reconocidas bodegas de la provincia, actividad que ir\u00e1 acompa\u00f1ada por m\u00fasica y danzas tradicionales, tanto argentinas como eslovenas. Asimismo, todos los d\u00edas habr\u00e1 visitas guiadas por la Ciudad de Mendoza y alta monta\u00f1a.<\/p>\n\n\n\n<p><strong>Domingo 19 de noviembre:&nbsp;<\/strong>Finalmente, el domingo se celebrar\u00e1 el II Encuentro Mundial de Eslovenos y el VIII Martinovanje. La celebraci\u00f3n comenzar\u00e1 con la realizaci\u00f3n de la misa y la bendici\u00f3n del vino, para luego continuar en la sede de la Sociedad Eslovena de Mendoza, donde se ofrecer\u00e1n comidas y bebidas tradicionales eslovenas y se disfrutar\u00e1 de un importante programa cultural.<\/p>\n\n\n\n<p>A lo largo de 4 d\u00edas, en el desarrollo de las distintos actividades, se espera la visita de turistas descendientes de eslovenos provenientes de otras provincias argentinas, otros pa\u00edses de Am\u00e9rica del Sur y de la propia Eslovenia.&nbsp;<\/p>\n\n\n\n<div style=\"height:39px\" aria-hidden=\"true\" class=\"wp-block-spacer\"><\/div>\n","protected":false},"excerpt":{"rendered":"<p>Del 16 al 19\/11, la comunidad eslovena realiza en Mendoza el II Encuentro Esloveno Mundial&hellip;<\/p>\n","protected":false},"author":3,"featured_media":105727,"comment_status":"open","ping_status":"open","sticky":false,"template":"","format":"standard","meta":{"footnotes":""},"categories":[47],"tags":[],"class_list":["post-105696","post","type-post","status-publish","format-standard","has-post-thumbnail","hentry","category-agenda"],"_links":{"self":[{"href":"https:\/\/enolife.com.ar\/es\/wp-json\/wp\/v2\/posts\/105696","targetHints":{"allow":["GET"]}}],"collection":[{"href":"https:\/\/enolife.com.ar\/es\/wp-json\/wp\/v2\/posts"}],"about":[{"href":"https:\/\/enolife.com.ar\/es\/wp-json\/wp\/v2\/types\/post"}],"author":[{"embeddable":true,"href":"https:\/\/enolife.com.ar\/es\/wp-json\/wp\/v2\/users\/3"}],"replies":[{"embeddable":true,"href":"https:\/\/enolife.com.ar\/es\/wp-json\/wp\/v2\/comments?post=105696"}],"version-history":[{"count":0,"href":"https:\/\/enolife.com.ar\/es\/wp-json\/wp\/v2\/posts\/105696\/revisions"}],"wp:featuredmedia":[{"embeddable":true,"href":"https:\/\/enolife.com.ar\/es\/wp-json\/wp\/v2\/media\/105727"}],"wp:attachment":[{"href":"https:\/\/enolife.com.ar\/es\/wp-json\/wp\/v2\/media?parent=105696"}],"wp:term":[{"taxonomy":"category","embeddable":true,"href":"https:\/\/enolife.com.ar\/es\/wp-json\/wp\/v2\/categories?post=105696"},{"taxonomy":"post_tag","embeddable":true,"href":"https:\/\/enolife.com.ar\/es\/wp-json\/wp\/v2\/tags?post=105696"}],"curies":[{"name":"wp","href":"https:\/\/api.w.org\/{rel}","templated":true}]}}