{"id":105633,"date":"2023-11-14T22:31:02","date_gmt":"2023-11-14T22:31:02","guid":{"rendered":"https:\/\/enolife.com.ar\/es\/?p=105633"},"modified":"2023-11-18T01:17:24","modified_gmt":"2023-11-18T01:17:24","slug":"la-oiv-explica-el-17-11-nuevas-normas-de-etiquetado-de-vinos-en-la-ue-obligatorias-para-exportar","status":"publish","type":"post","link":"https:\/\/enolife.com.ar\/es\/la-oiv-explica-el-17-11-nuevas-normas-de-etiquetado-de-vinos-en-la-ue-obligatorias-para-exportar\/","title":{"rendered":"La OIV explica el 17\/11 nuevas normas de etiquetado de vinos en la UE, obligatorias para exportar"},"content":{"rendered":"\n<h4 class=\"wp-block-heading\"><em><strong>Desde el 8 de diciembre de 2023, todos los vinos que se comercialicen en la Uni\u00f3n Europea (UE), incluidos los importados de terceros pa\u00edses, deber\u00e1n llevar la lista de ingredientes y la declaraci\u00f3n nutricional. Una parte de la informaci\u00f3n deber\u00e1 estar a la vista en la etiqueta f\u00edsica y otra parte deber\u00e1 poder leerse a trav\u00e9s de un c\u00f3digo QR. Sobre esta nueva normativa -de gran importancia para Argentina a la hora de exportar- la Organizaci\u00f3n Internacional de la Vid y el Vino (OIV) ofrecer\u00e1 un webinar de participaci\u00f3n gratuita, previa inscripci\u00f3n, el 17\/11\/23 desde las 13 horas argentina.<\/strong><\/em><\/h4>\n\n\n\n<div style=\"height:35px\" aria-hidden=\"true\" class=\"wp-block-spacer\"><\/div>\n\n\n<a href=\"https:\/\/instagram.com\/labelsolutions?igshid=YmMyMTA2M2Y=\" aria-label=\"Banner Palero 1700&#215;500\"><img loading=\"lazy\" decoding=\"async\" src=\"https:\/\/enolife.com.ar\/es\/wp-content\/uploads\/2021\/09\/Banner-Palero-1700x500-1.gif\" alt=\"\"  width=\"1700\" height=\"500\"   \/><\/a>\n\n\n<div style=\"height:45px\" aria-hidden=\"true\" class=\"wp-block-spacer\"><\/div>\n\n\n\n<p>La <strong>Organizaci\u00f3n Internacional de la Vi\u00f1a y el Vino (OIV)<\/strong>, en colaboraci\u00f3n con la <strong>International Society for Vine &amp; Wine Law<\/strong>, realiza un webinar acerca del nuevo reglamento de la UE sobre etiquetado de vinos. La cita es el 17 de noviembre.<\/p>\n\n\n\n<p>La&nbsp;venta de vinos&nbsp;se ver\u00e1 afectada por la&nbsp;nueva normativa de etiquetado de vinos en la<strong> Uni\u00f3n Europea (UE),<\/strong>&nbsp;los requisitos han variado y afectan a todo el vino que se comercialice en la UE y que se haya producido despu\u00e9s del 8 de diciembre de 2023. De este modo, a partir del 8 de diciembre de 2023&nbsp;los vinos comercializados en la UE, incluidos los importados de terceros pa\u00edses,&nbsp;deber\u00e1n llevar en la etiqueta la lista de ingredientes y la declaraci\u00f3n nutricional. La alternativa que ofrece la legislaci\u00f3n de la UE consiste en&nbsp;mostrar la mayor parte de esta informaci\u00f3n obligatoria a trav\u00e9s de la etiqueta f\u00edsica y su soporte digital&nbsp;(etiqueta electr\u00f3nica con un&nbsp;c\u00f3digo&nbsp;QR).<\/p>\n\n\n\n<ul class=\"wp-block-list\">\n<li>\u00bfQu\u00e9 puede mostrarse en l\u00ednea?<\/li>\n\n\n\n<li>\u00bfC\u00f3mo?<\/li>\n\n\n\n<li>\u00bfTodos los vinos est\u00e1n afectados?<\/li>\n\n\n\n<li>\u00bfQui\u00e9n es responsable en caso de fallo de la conexi\u00f3n a Internet?<\/li>\n\n\n\n<li>\u00bfA partir de qu\u00e9 a\u00f1o debe aplicarse esta normativa?<\/li>\n\n\n\n<li>\u00bfQu\u00e9 ocurre con el vino producido antes de la fecha de entrada en vigor de la normativa?<\/li>\n<\/ul>\n\n\n\n<p>La Organizaci\u00f3n Internacional de la Vi\u00f1a y el Vino (OIV) en colaboraci\u00f3n con la International Society for Vine &amp; Wine Law, organiza el webinar el pr\u00f3ximo 17 de noviembre a las 17h CET.<\/p>\n\n\n\n<div style=\"height:30px\" aria-hidden=\"true\" class=\"wp-block-spacer\"><\/div>\n\n\n<div class=\"wp-block-image\">\n<figure class=\"aligncenter size-large is-resized\"><a href=\"https:\/\/enolife.com.ar\/es\/wp-content\/uploads\/2023\/11\/image-16.png\" data-rel=\"penci-gallery-image-content\" ><img loading=\"lazy\" decoding=\"async\" src=\"https:\/\/enolife.com.ar\/es\/wp-content\/uploads\/2023\/11\/image-16-1024x576.png\" alt=\"\" class=\"wp-image-105636\" width=\"644\" height=\"362\" srcset=\"https:\/\/enolife.com.ar\/es\/wp-content\/uploads\/2023\/11\/image-16-1024x576.png 1024w, https:\/\/enolife.com.ar\/es\/wp-content\/uploads\/2023\/11\/image-16-300x169.png 300w, https:\/\/enolife.com.ar\/es\/wp-content\/uploads\/2023\/11\/image-16-768x432.png 768w, https:\/\/enolife.com.ar\/es\/wp-content\/uploads\/2023\/11\/image-16-1170x658.png 1170w, https:\/\/enolife.com.ar\/es\/wp-content\/uploads\/2023\/11\/image-16-585x329.png 585w, https:\/\/enolife.com.ar\/es\/wp-content\/uploads\/2023\/11\/image-16.png 1200w\" sizes=\"auto, (max-width: 644px) 100vw, 644px\" \/><\/a><\/figure><\/div>\n\n\n<div style=\"height:30px\" aria-hidden=\"true\" class=\"wp-block-spacer\"><\/div>\n\n\n\n<p>En este webinar act\u00faa como moderador&nbsp;<strong>Theodore<\/strong>&nbsp;<strong>Georgopoulos<\/strong>&nbsp;(profesor titular de la Facultad de Derecho de la Universidad de Reims Champa\u00f1a-Ardenas) y los ponentes expertos en la materia son&nbsp;<strong>Ignacio S\u00e1nchez Recarte<\/strong>, secretario general de CEEV (Comit\u00e9 Europeo de Empresas Vitivin\u00edcolas) y el abogado&nbsp;<strong>Rein-Jan Prins<\/strong>. Abordar\u00e1n estas cuestiones en una sesi\u00f3n formativa de una hora de duraci\u00f3n, que inaugura las actividades de formaci\u00f3n de la International Society for Vine and Wine Law.<\/p>\n\n\n\n<div style=\"height:20px\" aria-hidden=\"true\" class=\"wp-block-spacer\"><\/div>\n\n\n\n<p class=\"has-background\" style=\"background-color:#abb7c261\"><strong>Aquellas personas interesadas en ver el webinar deben registrarse en este&nbsp;<a href=\"https:\/\/webapp.spotme.com\/login\/oiv\/webinar-labelling\" target=\"_blank\" rel=\"noreferrer noopener\">enlace<\/a>.<\/strong><\/p>\n\n\n\n<div style=\"height:30px\" aria-hidden=\"true\" class=\"wp-block-spacer\"><\/div>\n","protected":false},"excerpt":{"rendered":"<p>Desde el 8 de diciembre de 2023, todos los vinos que se comercialicen en la&hellip;<\/p>\n","protected":false},"author":3,"featured_media":105671,"comment_status":"open","ping_status":"open","sticky":false,"template":"","format":"standard","meta":{"footnotes":""},"categories":[47],"tags":[],"class_list":["post-105633","post","type-post","status-publish","format-standard","has-post-thumbnail","hentry","category-agenda"],"_links":{"self":[{"href":"https:\/\/enolife.com.ar\/es\/wp-json\/wp\/v2\/posts\/105633","targetHints":{"allow":["GET"]}}],"collection":[{"href":"https:\/\/enolife.com.ar\/es\/wp-json\/wp\/v2\/posts"}],"about":[{"href":"https:\/\/enolife.com.ar\/es\/wp-json\/wp\/v2\/types\/post"}],"author":[{"embeddable":true,"href":"https:\/\/enolife.com.ar\/es\/wp-json\/wp\/v2\/users\/3"}],"replies":[{"embeddable":true,"href":"https:\/\/enolife.com.ar\/es\/wp-json\/wp\/v2\/comments?post=105633"}],"version-history":[{"count":0,"href":"https:\/\/enolife.com.ar\/es\/wp-json\/wp\/v2\/posts\/105633\/revisions"}],"wp:featuredmedia":[{"embeddable":true,"href":"https:\/\/enolife.com.ar\/es\/wp-json\/wp\/v2\/media\/105671"}],"wp:attachment":[{"href":"https:\/\/enolife.com.ar\/es\/wp-json\/wp\/v2\/media?parent=105633"}],"wp:term":[{"taxonomy":"category","embeddable":true,"href":"https:\/\/enolife.com.ar\/es\/wp-json\/wp\/v2\/categories?post=105633"},{"taxonomy":"post_tag","embeddable":true,"href":"https:\/\/enolife.com.ar\/es\/wp-json\/wp\/v2\/tags?post=105633"}],"curies":[{"name":"wp","href":"https:\/\/api.w.org\/{rel}","templated":true}]}}