{"id":105435,"date":"2023-11-11T01:06:28","date_gmt":"2023-11-11T01:06:28","guid":{"rendered":"https:\/\/enolife.com.ar\/es\/?p=105435"},"modified":"2023-11-14T02:46:55","modified_gmt":"2023-11-14T02:46:55","slug":"una-futura-disenadora-de-la-uncuyo-gano-el-concurso-de-etiquetas-de-vino-y-1-500-000","status":"publish","type":"post","link":"https:\/\/enolife.com.ar\/es\/una-futura-disenadora-de-la-uncuyo-gano-el-concurso-de-etiquetas-de-vino-y-1-500-000\/","title":{"rendered":"Una futura dise\u00f1adora de la UNCuyo gan\u00f3 el\u00a0Concurso de Etiquetas de Vino y $1.500.000"},"content":{"rendered":"\n<h4 class=\"wp-block-heading\"><em><strong>La&nbsp;32\u00b0&nbsp;edici\u00f3n del concurso anual que realiza la Bolsa de Comercio de Mendoza premi\u00f3 el 9\/11\/23 a las mejores etiquetas de vino. Soledad M\u00e1rquez, una joven a punto de egresar de la Facultad de Artes y Dise\u00f1o de la Universidad Nacional de Cuyo, fue la elegida de los jurados por su etiqueta \u00abPent\u00e1gono del Vino\u00bb y recibi\u00f3&nbsp;un premio de $1.500.000. <\/strong><\/em><\/h4>\n\n\n\n<div style=\"height:35px\" aria-hidden=\"true\" class=\"wp-block-spacer\"><\/div>\n\n\n<a href=\"https:\/\/ar.verallia.com\/\" aria-label=\"VERALLIA 1700 x 500\"><img loading=\"lazy\" decoding=\"async\" src=\"https:\/\/enolife.com.ar\/es\/wp-content\/uploads\/2021\/04\/VERALLIA-1700-x-500.jpg\" alt=\"\"  srcset=\"https:\/\/enolife.com.ar\/es\/wp-content\/uploads\/2021\/04\/VERALLIA-1700-x-500.jpg 1700w, https:\/\/enolife.com.ar\/es\/wp-content\/uploads\/2021\/04\/VERALLIA-1700-x-500-300x88.jpg 300w, https:\/\/enolife.com.ar\/es\/wp-content\/uploads\/2021\/04\/VERALLIA-1700-x-500-1024x301.jpg 1024w, https:\/\/enolife.com.ar\/es\/wp-content\/uploads\/2021\/04\/VERALLIA-1700-x-500-768x226.jpg 768w, https:\/\/enolife.com.ar\/es\/wp-content\/uploads\/2021\/04\/VERALLIA-1700-x-500-1536x452.jpg 1536w, https:\/\/enolife.com.ar\/es\/wp-content\/uploads\/2021\/04\/VERALLIA-1700-x-500-1170x344.jpg 1170w, https:\/\/enolife.com.ar\/es\/wp-content\/uploads\/2021\/04\/VERALLIA-1700-x-500-585x172.jpg 585w\" sizes=\"auto, (max-width: 1700px) 100vw, 1700px\" width=\"1700\" height=\"500\"   \/><\/a>\n\n\n<div style=\"height:45px\" aria-hidden=\"true\" class=\"wp-block-spacer\"><\/div>\n\n\n\n<p>La elecci\u00f3n de las etiquetas finalistas se realiz\u00f3 el pasado martes 7 de noviembre y cont\u00f3 con la participaci\u00f3n de un jurado compuesto por especialistas del dise\u00f1o y profesionales vinculados a la industria\u00a0vitivin\u00edcola, quienes determinaron que la ganadora fuese la obra\u00a0<strong>\u00abPent\u00e1gono del Vino\u00bb<\/strong>,\u00a0compuesta por <strong>Soledad M\u00e1rquez<\/strong>, quien est\u00e1 a escasas semanas de recibirse de dise\u00f1adora en la Facultad de Artes y Dise\u00f1o de la Universidad Nacional de Cuyo (Uncuyo). El segundo premio\u00a0de $800.000 fue para la etiqueta <strong>\u00abG\u00e9nesis\u00bb<\/strong> de la dupla integrada por <strong>Santiago Mart\u00ednez<\/strong> y <strong>Joaqu\u00edn Braconi <\/strong>y\u00a0$300.000 del tercer premio adquisici\u00f3n fueron para la autora de <strong>\u00abAragonita\u00bb<\/strong>, <strong>Federica Miguez Ideme.\u00a0<\/strong><\/p>\n\n\n\n<div style=\"height:30px\" aria-hidden=\"true\" class=\"wp-block-spacer\"><\/div>\n\n\n\n<figure class=\"wp-block-gallery aligncenter has-nested-images columns-default is-cropped wp-block-gallery-1 is-layout-flex wp-block-gallery-is-layout-flex\">\n<figure class=\"wp-block-image size-full\"><a href=\"https:\/\/enolife.com.ar\/es\/wp-content\/uploads\/2023\/11\/Imagen3-5.jpg\" data-rel=\"penci-gallery-image-content\" ><img loading=\"lazy\" decoding=\"async\" width=\"245\" height=\"419\" data-id=\"105499\" src=\"https:\/\/enolife.com.ar\/es\/wp-content\/uploads\/2023\/11\/Imagen3-5.jpg\" alt=\"\" class=\"wp-image-105499\" srcset=\"https:\/\/enolife.com.ar\/es\/wp-content\/uploads\/2023\/11\/Imagen3-5.jpg 245w, https:\/\/enolife.com.ar\/es\/wp-content\/uploads\/2023\/11\/Imagen3-5-175x300.jpg 175w\" sizes=\"auto, (max-width: 245px) 100vw, 245px\" \/><\/a><figcaption class=\"wp-element-caption\"><em><strong>Soledad M\u00e1rquez<\/strong><\/em><\/figcaption><\/figure>\n\n\n\n<figure class=\"wp-block-image size-full\"><a href=\"https:\/\/enolife.com.ar\/es\/wp-content\/uploads\/2023\/11\/primera-1.jpg\" data-rel=\"penci-gallery-image-content\" ><img loading=\"lazy\" decoding=\"async\" width=\"370\" height=\"500\" data-id=\"105513\" src=\"https:\/\/enolife.com.ar\/es\/wp-content\/uploads\/2023\/11\/primera-1.jpg\" alt=\"\" class=\"wp-image-105513\" srcset=\"https:\/\/enolife.com.ar\/es\/wp-content\/uploads\/2023\/11\/primera-1.jpg 370w, https:\/\/enolife.com.ar\/es\/wp-content\/uploads\/2023\/11\/primera-1-222x300.jpg 222w\" sizes=\"auto, (max-width: 370px) 100vw, 370px\" \/><\/a><figcaption class=\"wp-element-caption\"><em><strong>Etiqueta ganadora<\/strong><\/em><\/figcaption><\/figure>\n<\/figure>\n\n\n\n<div style=\"height:30px\" aria-hidden=\"true\" class=\"wp-block-spacer\"><\/div>\n\n\n\n<p>Por su parte, resultaron finalistas las propuestas de Roque Arcidi\u00e1cono, Emiliano Miszei, Pablo Pineda, Antonella Migliaro, Eugenia Catalu\u00f1a y Juan Montivero.<\/p>\n\n\n\n<p>Estuvieron presentes representantes de las empresas sponsors de esta edici\u00f3n: Avery Dennison, EPSON Argentina, Ciudad de Mendoza, Gobierno de Mendoza,&nbsp;Grupo Gr\u00e1fico Osirix, Diez Media y miembros del directorio de la Bolsa de Comercio de Mendoza quienes hicieron entrega de los premios.<\/p>\n\n\n\n<div style=\"height:20px\" aria-hidden=\"true\" class=\"wp-block-spacer\"><\/div>\n\n\n\n<p>El c\u00f3ctel de premiaci\u00f3n se celebr\u00f3 en el hist\u00f3rico sal\u00f3n de Ruedas de la sede de Peatonal Sarmiento y cont\u00f3 con la participaci\u00f3n del Ballet de la Municipalidad de Guaymall\u00e9n, dirigido por Carlos Trigo.<\/p>\n\n\n\n<p>Desde la Bolsa de Comercio destacaron que la Muestra de Etiquetas participantes del concurso, consolidado en el pa\u00eds como el principal certamen de Dise\u00f1o Vitivin\u00edcola, quedar\u00e1 expuesta hasta fin de diciembre en su sede central. Adem\u00e1s, anunciaron&nbsp;que en 2024 ser\u00e1n presentadas en la \u00abCasa de Mendoza\u00bb, ubicada en CABA, provincia de Buenos Aires.<\/p>\n\n\n\n<div style=\"height:30px\" aria-hidden=\"true\" class=\"wp-block-spacer\"><\/div>\n\n\n\n<figure class=\"wp-block-gallery has-nested-images columns-default is-cropped wp-block-gallery-2 is-layout-flex wp-block-gallery-is-layout-flex\">\n<figure class=\"wp-block-image size-full\"><a href=\"https:\/\/enolife.com.ar\/es\/wp-content\/uploads\/2023\/11\/Imagen5-3.jpg\" data-rel=\"penci-gallery-image-content\" ><img loading=\"lazy\" decoding=\"async\" width=\"374\" height=\"398\" data-id=\"105504\" src=\"https:\/\/enolife.com.ar\/es\/wp-content\/uploads\/2023\/11\/Imagen5-3.jpg\" alt=\"\" class=\"wp-image-105504\" srcset=\"https:\/\/enolife.com.ar\/es\/wp-content\/uploads\/2023\/11\/Imagen5-3.jpg 374w, https:\/\/enolife.com.ar\/es\/wp-content\/uploads\/2023\/11\/Imagen5-3-282x300.jpg 282w\" sizes=\"auto, (max-width: 374px) 100vw, 374px\" \/><\/a><\/figure>\n\n\n\n<figure class=\"wp-block-image size-full\"><a href=\"https:\/\/enolife.com.ar\/es\/wp-content\/uploads\/2023\/11\/Imagen4-4.jpg\" data-rel=\"penci-gallery-image-content\" ><img loading=\"lazy\" decoding=\"async\" width=\"388\" height=\"399\" data-id=\"105505\" src=\"https:\/\/enolife.com.ar\/es\/wp-content\/uploads\/2023\/11\/Imagen4-4.jpg\" alt=\"\" class=\"wp-image-105505\" srcset=\"https:\/\/enolife.com.ar\/es\/wp-content\/uploads\/2023\/11\/Imagen4-4.jpg 388w, https:\/\/enolife.com.ar\/es\/wp-content\/uploads\/2023\/11\/Imagen4-4-292x300.jpg 292w\" sizes=\"auto, (max-width: 388px) 100vw, 388px\" \/><\/a><\/figure>\n<\/figure>\n\n\n\n<div style=\"height:35px\" aria-hidden=\"true\" class=\"wp-block-spacer\"><\/div>\n\n\n\n<p class=\"has-medium-font-size\"><strong>El jurado<\/strong><em><strong>&nbsp;<\/strong><\/em><\/p>\n\n\n\n<p>El jurado estuvo conformado por un equipo de siete dise\u00f1adores expertos en dise\u00f1o vitivin\u00edcola: V\u00edctor Boldrini, Leonardo Ficcardi, Jos\u00e9 Bahamonde, Natalia Arena, Ignacio Eguiguren, Victoria Itoiz y Julieta Carbonari, junto a los en\u00f3logos Silvio Alberto y Lucas Niven; Natalia Oviedo (Wines of Argentina); Eugenia Buccolini&nbsp;(FAD UNCuyo), Ver\u00f3nica Miguez (Universidad Champagnat); Josefina Foti (Universidad de Mendoza); Andr\u00e9s Marziani (Universidad del Aconcagua); Hern\u00e1n Oueyt (Agencias Argentinas); &nbsp;Natalia Carro (Avery Dennison), Pablo Terk (Ciudad de Mendoza), Luis Rufino (Grupo Gr\u00e1fico Osirix) junto a los periodistas vitivin\u00edcolas Mauricio Llaver, Gustavo Flores Baz\u00e1n, Sol Devia y Eduardo Ripari.<\/p>\n\n\n\n<div style=\"height:30px\" aria-hidden=\"true\" class=\"wp-block-spacer\"><\/div>\n\n\n<div class=\"wp-block-image\">\n<figure class=\"aligncenter size-full is-resized\"><a href=\"https:\/\/enolife.com.ar\/es\/wp-content\/uploads\/2023\/11\/LA7_9494-Mejorado-NR.jpg\" data-rel=\"penci-gallery-image-content\" ><img loading=\"lazy\" decoding=\"async\" src=\"https:\/\/enolife.com.ar\/es\/wp-content\/uploads\/2023\/11\/LA7_9494-Mejorado-NR.jpg\" alt=\"\" class=\"wp-image-105495\" width=\"596\" height=\"422\" srcset=\"https:\/\/enolife.com.ar\/es\/wp-content\/uploads\/2023\/11\/LA7_9494-Mejorado-NR.jpg 706w, https:\/\/enolife.com.ar\/es\/wp-content\/uploads\/2023\/11\/LA7_9494-Mejorado-NR-300x212.jpg 300w, https:\/\/enolife.com.ar\/es\/wp-content\/uploads\/2023\/11\/LA7_9494-Mejorado-NR-585x414.jpg 585w\" sizes=\"auto, (max-width: 596px) 100vw, 596px\" \/><\/a><figcaption class=\"wp-element-caption\"><em><strong>El jurado<\/strong><\/em><\/figcaption><\/figure><\/div>\n\n\n<div style=\"height:35px\" aria-hidden=\"true\" class=\"wp-block-spacer\"><\/div>\n\n\n\n<p class=\"has-medium-font-size\"><strong>Acerca del Concurso<\/strong><\/p>\n\n\n\n<p>El <strong>Concurso Nacional de Dise\u00f1o de Etiquetas<\/strong> de Vino de la Bolsa de Comercio de Mendoza es \u00fanico en su tipo. Desde 1990 celebra el talento de los artistas argentinos promoviendo la creatividad aplicada a la vitivinicultura, industria por la que somos reconocidos en el mundo. Este Concurso ha sido reconocido de inter\u00e9s provincial por el Gobierno de Mendoza; de inter\u00e9s legislativo por la Ciudad de Mendoza Capital Internacional del Vino y premiado por su trayectoria por la Fundaci\u00f3n de Investigaci\u00f3n en Dise\u00f1o Argentino (IDA).&nbsp;<\/p>\n\n\n\n<p><strong>M\u00e1s info en&nbsp;<a href=\"https:\/\/www.instagram.com\/concursoetiquetasbcm\/\" target=\"_blank\" rel=\"noreferrer noopener\">@concursoetiquetasbcm<\/a>&nbsp;y&nbsp;<a href=\"http:\/\/www.bolsamza.com.ar\/\" target=\"_blank\" rel=\"noreferrer noopener\">www.bolsamza.com.ar<\/a><\/strong><\/p>\n\n\n\n<div style=\"height:30px\" aria-hidden=\"true\" class=\"wp-block-spacer\"><\/div>\n","protected":false},"excerpt":{"rendered":"<p>La&nbsp;32\u00b0&nbsp;edici\u00f3n del concurso anual que realiza la Bolsa de Comercio de Mendoza premi\u00f3 el 9\/11\/23&hellip;<\/p>\n","protected":false},"author":3,"featured_media":105514,"comment_status":"open","ping_status":"open","sticky":false,"template":"","format":"standard","meta":{"footnotes":""},"categories":[14],"tags":[],"class_list":["post-105435","post","type-post","status-publish","format-standard","has-post-thumbnail","hentry","category-news"],"_links":{"self":[{"href":"https:\/\/enolife.com.ar\/es\/wp-json\/wp\/v2\/posts\/105435","targetHints":{"allow":["GET"]}}],"collection":[{"href":"https:\/\/enolife.com.ar\/es\/wp-json\/wp\/v2\/posts"}],"about":[{"href":"https:\/\/enolife.com.ar\/es\/wp-json\/wp\/v2\/types\/post"}],"author":[{"embeddable":true,"href":"https:\/\/enolife.com.ar\/es\/wp-json\/wp\/v2\/users\/3"}],"replies":[{"embeddable":true,"href":"https:\/\/enolife.com.ar\/es\/wp-json\/wp\/v2\/comments?post=105435"}],"version-history":[{"count":0,"href":"https:\/\/enolife.com.ar\/es\/wp-json\/wp\/v2\/posts\/105435\/revisions"}],"wp:featuredmedia":[{"embeddable":true,"href":"https:\/\/enolife.com.ar\/es\/wp-json\/wp\/v2\/media\/105514"}],"wp:attachment":[{"href":"https:\/\/enolife.com.ar\/es\/wp-json\/wp\/v2\/media?parent=105435"}],"wp:term":[{"taxonomy":"category","embeddable":true,"href":"https:\/\/enolife.com.ar\/es\/wp-json\/wp\/v2\/categories?post=105435"},{"taxonomy":"post_tag","embeddable":true,"href":"https:\/\/enolife.com.ar\/es\/wp-json\/wp\/v2\/tags?post=105435"}],"curies":[{"name":"wp","href":"https:\/\/api.w.org\/{rel}","templated":true}]}}