{"id":105333,"date":"2023-11-09T15:43:46","date_gmt":"2023-11-09T15:43:46","guid":{"rendered":"https:\/\/enolife.com.ar\/es\/?p=105333"},"modified":"2023-11-10T22:39:50","modified_gmt":"2023-11-10T22:39:50","slug":"la-cava-de-bodega-santa-julia-expone-la-obra-del-joven-pintor-y-caricaturista-andres-casciani","status":"publish","type":"post","link":"https:\/\/enolife.com.ar\/es\/la-cava-de-bodega-santa-julia-expone-la-obra-del-joven-pintor-y-caricaturista-andres-casciani\/","title":{"rendered":"La Cava de Bodega Santa Julia expone la obra del joven pintor y caricaturista Andr\u00e9s Casciani"},"content":{"rendered":"\n<h4 class=\"wp-block-heading\"><em><strong>En la continuidad del ciclo de muestras de artistas visuales mendocinos, la Cava de Arte de Bodega Santa Julia -en ruta provincial 33, km 7,5 de Maip\u00fa, Mendoza- ofrece al p\u00fablico local y turistas la posibilidad de conocer las obras del reconocido y cotizado dibujante, pintor, ilustrador, grabador y caricaturista mendocino Andr\u00e9s Casciani, quien a sus 41 a\u00f1os ya ha participado en 30 exposiciones individuales y 74 colectivas en Argentina y Estados Unidos. El acceso es libre y gratuito, todos los d\u00edas de 9 a 17 hs.<\/strong><\/em><\/h4>\n\n\n\n<div style=\"height:35px\" aria-hidden=\"true\" class=\"wp-block-spacer\"><\/div>\n\n\n<a href=\"https:\/\/jmzeballos.com\/\" aria-label=\"PUBLICIDAD ENOLIFE 2023_\u00c1NFORAS 1700 x 500\"><img loading=\"lazy\" decoding=\"async\" src=\"https:\/\/enolife.com.ar\/es\/wp-content\/uploads\/2020\/12\/PUBLICIDAD-ENOLIFE-2023_ANFORAS-1700-x-500.jpg\" alt=\"\"  srcset=\"https:\/\/enolife.com.ar\/es\/wp-content\/uploads\/2020\/12\/PUBLICIDAD-ENOLIFE-2023_ANFORAS-1700-x-500.jpg 1700w, https:\/\/enolife.com.ar\/es\/wp-content\/uploads\/2020\/12\/PUBLICIDAD-ENOLIFE-2023_ANFORAS-1700-x-500-300x88.jpg 300w, https:\/\/enolife.com.ar\/es\/wp-content\/uploads\/2020\/12\/PUBLICIDAD-ENOLIFE-2023_ANFORAS-1700-x-500-1024x301.jpg 1024w, https:\/\/enolife.com.ar\/es\/wp-content\/uploads\/2020\/12\/PUBLICIDAD-ENOLIFE-2023_ANFORAS-1700-x-500-768x226.jpg 768w, https:\/\/enolife.com.ar\/es\/wp-content\/uploads\/2020\/12\/PUBLICIDAD-ENOLIFE-2023_ANFORAS-1700-x-500-1536x452.jpg 1536w, https:\/\/enolife.com.ar\/es\/wp-content\/uploads\/2020\/12\/PUBLICIDAD-ENOLIFE-2023_ANFORAS-1700-x-500-1170x344.jpg 1170w, https:\/\/enolife.com.ar\/es\/wp-content\/uploads\/2020\/12\/PUBLICIDAD-ENOLIFE-2023_ANFORAS-1700-x-500-585x172.jpg 585w\" sizes=\"auto, (max-width: 1700px) 100vw, 1700px\" width=\"1700\" height=\"500\"   \/><\/a>\n\n\n<div style=\"height:45px\" aria-hidden=\"true\" class=\"wp-block-spacer\"><\/div>\n\n\n\n<p>Se encuentra habilitada una nueva muestra en la <strong>Cava de Arte de Bodega Santa Julia<\/strong>. Como ya es tradici\u00f3n, la bodega abre sus puertas para una nueva exposici\u00f3n dedicada a expresiones art\u00edsticas locales. En esta ocasi\u00f3n el expositor ser\u00e1 Andr\u00e9s Casciani que presentar\u00e1 sus obras.<\/p>\n\n\n\n<div style=\"height:30px\" aria-hidden=\"true\" class=\"wp-block-spacer\"><\/div>\n\n\n<div class=\"wp-block-image\">\n<figure class=\"aligncenter size-full is-resized\"><a href=\"https:\/\/enolife.com.ar\/es\/wp-content\/uploads\/2023\/11\/3ab3a716-0d98-49af-a5b2-4248600f692e-1.jpg\" data-rel=\"penci-gallery-image-content\" ><img loading=\"lazy\" decoding=\"async\" src=\"https:\/\/enolife.com.ar\/es\/wp-content\/uploads\/2023\/11\/3ab3a716-0d98-49af-a5b2-4248600f692e-1.jpg\" alt=\"\" class=\"wp-image-105353\" width=\"532\" height=\"482\" srcset=\"https:\/\/enolife.com.ar\/es\/wp-content\/uploads\/2023\/11\/3ab3a716-0d98-49af-a5b2-4248600f692e-1.jpg 552w, https:\/\/enolife.com.ar\/es\/wp-content\/uploads\/2023\/11\/3ab3a716-0d98-49af-a5b2-4248600f692e-1-300x272.jpg 300w\" sizes=\"auto, (max-width: 532px) 100vw, 532px\" \/><\/a><figcaption class=\"wp-element-caption\"><em><strong>Jos\u00e9 \u00abPepe\u00bb Zuccardi,  Andr\u00e9s Casciani, Julia Zuccardi y Pupi Ag\u00fcero en la inauguraci\u00f3n de la muestra.<\/strong><\/em><\/figcaption><\/figure><\/div>\n\n\n<div style=\"height:30px\" aria-hidden=\"true\" class=\"wp-block-spacer\"><\/div>\n\n\n\n<p>En\u00a02001, cuando la\u00a0Bodega Santa Julia\u00a0de la calle <strong>Las Margaritas de Maip\u00fa<\/strong> se abri\u00f3 a los visitantes, convirti\u00e9ndose as\u00ed en pionera del enoturismo en Mendoza,<strong>\u00a0Emma Zuccardi\u00a0<\/strong>concibi\u00f3 la idea de fundar all\u00ed una galer\u00eda de arte que fuera punto de encuentro y resguardo para los artistas pl\u00e1sticos locales. La querida Emma, fallecida a comienzos de mayo de 2020 con 94 a\u00f1os, gener\u00f3 as\u00ed un espacio que hoy custodia y desarrolla su nieta\u00a0<strong>Julia Zuccardi<\/strong>, tambi\u00e9n convencida de que en esta provincia cultura y vino van de la mano. <\/p>\n\n\n\n<div style=\"height:30px\" aria-hidden=\"true\" class=\"wp-block-spacer\"><\/div>\n\n\n<div class=\"wp-block-image\">\n<figure class=\"aligncenter size-full\"><a href=\"https:\/\/enolife.com.ar\/es\/wp-content\/uploads\/2023\/11\/c7361702-1917-4d14-b132-c9303b4771ef.jpg\" data-rel=\"penci-gallery-image-content\" ><img loading=\"lazy\" decoding=\"async\" width=\"457\" height=\"500\" src=\"https:\/\/enolife.com.ar\/es\/wp-content\/uploads\/2023\/11\/c7361702-1917-4d14-b132-c9303b4771ef.jpg\" alt=\"\" class=\"wp-image-105354\" srcset=\"https:\/\/enolife.com.ar\/es\/wp-content\/uploads\/2023\/11\/c7361702-1917-4d14-b132-c9303b4771ef.jpg 457w, https:\/\/enolife.com.ar\/es\/wp-content\/uploads\/2023\/11\/c7361702-1917-4d14-b132-c9303b4771ef-274x300.jpg 274w\" sizes=\"auto, (max-width: 457px) 100vw, 457px\" \/><\/a><figcaption class=\"wp-element-caption\"><em><strong>Pancho Luco, Pupi Ag\u00fcero, Andr\u00e9s Casciani, Julia Zuccardi, Enrique Manzano y Egar Murillo.<\/strong><\/em><\/figcaption><\/figure><\/div>\n\n\n<div style=\"height:30px\" aria-hidden=\"true\" class=\"wp-block-spacer\"><\/div>\n\n\n\n<p>En esa tarea de rescate del arte patrimonial, Emma y Julia han tenido la ayuda clave de la periodista experta en artes pl\u00e1sticas\u00a0<strong>Pupi Ag\u00fcero<\/strong>, quien desde 2010 aporta su sapiencia para seleccionar las obras y potenciar el mensaje est\u00e9tico de los expositores.<\/p>\n\n\n\n<div style=\"height:30px\" aria-hidden=\"true\" class=\"wp-block-spacer\"><\/div>\n\n\n<div class=\"wp-block-image\">\n<figure class=\"aligncenter size-full is-resized\"><a href=\"https:\/\/enolife.com.ar\/es\/wp-content\/uploads\/2023\/11\/126d9ad7-5aef-487b-a8c6-1d56e1baa988.jpg\" data-rel=\"penci-gallery-image-content\" ><img loading=\"lazy\" decoding=\"async\" src=\"https:\/\/enolife.com.ar\/es\/wp-content\/uploads\/2023\/11\/126d9ad7-5aef-487b-a8c6-1d56e1baa988.jpg\" alt=\"\" class=\"wp-image-105355\" width=\"593\" height=\"482\" srcset=\"https:\/\/enolife.com.ar\/es\/wp-content\/uploads\/2023\/11\/126d9ad7-5aef-487b-a8c6-1d56e1baa988.jpg 615w, https:\/\/enolife.com.ar\/es\/wp-content\/uploads\/2023\/11\/126d9ad7-5aef-487b-a8c6-1d56e1baa988-300x244.jpg 300w, https:\/\/enolife.com.ar\/es\/wp-content\/uploads\/2023\/11\/126d9ad7-5aef-487b-a8c6-1d56e1baa988-585x476.jpg 585w\" sizes=\"auto, (max-width: 593px) 100vw, 593px\" \/><\/a><figcaption class=\"wp-element-caption\"><em><strong>Oscar D&#8217;Angelo, Natalia Brite, Fabi\u00e1n Galdi, Emilio Vera da Souza, Pupi Ag\u00fcero y Ernesto Espeche.<\/strong><\/em><\/figcaption><\/figure><\/div>\n\n\n<div style=\"height:25px\" aria-hidden=\"true\" class=\"wp-block-spacer\"><\/div>\n\n\n<div class=\"wp-block-image\">\n<figure class=\"aligncenter size-full is-resized\"><a href=\"https:\/\/enolife.com.ar\/es\/wp-content\/uploads\/2023\/11\/49892bb6-0dda-4747-b1cd-3fac731a52cd.jpg\" data-rel=\"penci-gallery-image-content\" ><img loading=\"lazy\" decoding=\"async\" src=\"https:\/\/enolife.com.ar\/es\/wp-content\/uploads\/2023\/11\/49892bb6-0dda-4747-b1cd-3fac731a52cd.jpg\" alt=\"\" class=\"wp-image-105358\" width=\"420\" height=\"475\" srcset=\"https:\/\/enolife.com.ar\/es\/wp-content\/uploads\/2023\/11\/49892bb6-0dda-4747-b1cd-3fac731a52cd.jpg 442w, https:\/\/enolife.com.ar\/es\/wp-content\/uploads\/2023\/11\/49892bb6-0dda-4747-b1cd-3fac731a52cd-265x300.jpg 265w\" sizes=\"auto, (max-width: 420px) 100vw, 420px\" \/><\/a><figcaption class=\"wp-element-caption\"><em><strong>Andr\u00e9s Casciani y Julia Zuccardi<\/strong><\/em><\/figcaption><\/figure><\/div>\n\n\n<div style=\"height:35px\" aria-hidden=\"true\" class=\"wp-block-spacer\"><\/div>\n\n\n\n<p class=\"has-medium-font-size\"><strong>Ficha t\u00e9cnica de la exposici\u00f3n<\/strong><\/p>\n\n\n\n<p>-Exposici\u00f3n de pinturas de Andr\u00e9s Casciani<br>-Horario de visita: todos los d\u00edas de 9 a 17<br>-Lugar: Cava de Arte de Bodega Santa Julia<br>-Ruta provincial 33 (calle Las Margaritas), km 7,5 Maip\u00fa, Mendoza, Argentina<br>-Entrada libre y gratuita<\/p>\n\n\n\n<div style=\"height:35px\" aria-hidden=\"true\" class=\"wp-block-spacer\"><\/div>\n\n\n\n<p class=\"has-medium-font-size\"><strong>Un creador de im\u00e1genes impactantes<\/strong><\/p>\n\n\n\n<p>En la obra de Casciani, los l\u00edmites entre lo gr\u00e1fico y lo pict\u00f3rico se rompen conformando una atm\u00f3sfera en donde los protagonistas son la interioridad del ser humano y sus estados emocionales. Sus tem\u00e1ticas transmiten su preocupaci\u00f3n por lo humano, que queda expresada en una sensibilidad f\u00e1cil de percibir por el espectador. Sus personajes est\u00e1n planteados con un expresionismo visceral y el color, que fluye en estallidos abstractos, brinda al espectador im\u00e1genes impactantes.<\/p>\n\n\n\n<div style=\"height:30px\" aria-hidden=\"true\" class=\"wp-block-spacer\"><\/div>\n\n\n\n<figure class=\"wp-block-gallery has-nested-images columns-default is-cropped wp-block-gallery-1 is-layout-flex wp-block-gallery-is-layout-flex\">\n<figure class=\"wp-block-image size-full\"><a href=\"https:\/\/enolife.com.ar\/es\/wp-content\/uploads\/2023\/11\/165cdace-82f9-4dc5-a980-719893d68380.jpg\" data-rel=\"penci-gallery-image-content\" ><img loading=\"lazy\" decoding=\"async\" width=\"545\" height=\"500\" data-id=\"105356\" src=\"https:\/\/enolife.com.ar\/es\/wp-content\/uploads\/2023\/11\/165cdace-82f9-4dc5-a980-719893d68380.jpg\" alt=\"\" class=\"wp-image-105356\" srcset=\"https:\/\/enolife.com.ar\/es\/wp-content\/uploads\/2023\/11\/165cdace-82f9-4dc5-a980-719893d68380.jpg 545w, https:\/\/enolife.com.ar\/es\/wp-content\/uploads\/2023\/11\/165cdace-82f9-4dc5-a980-719893d68380-300x275.jpg 300w\" sizes=\"auto, (max-width: 545px) 100vw, 545px\" \/><\/a><\/figure>\n\n\n\n<figure class=\"wp-block-image size-full\"><a href=\"https:\/\/enolife.com.ar\/es\/wp-content\/uploads\/2023\/11\/810bdb07-0665-4949-b47b-85d8186a327c.jpg\" data-rel=\"penci-gallery-image-content\" ><img loading=\"lazy\" decoding=\"async\" width=\"546\" height=\"500\" data-id=\"105357\" src=\"https:\/\/enolife.com.ar\/es\/wp-content\/uploads\/2023\/11\/810bdb07-0665-4949-b47b-85d8186a327c.jpg\" alt=\"\" class=\"wp-image-105357\" srcset=\"https:\/\/enolife.com.ar\/es\/wp-content\/uploads\/2023\/11\/810bdb07-0665-4949-b47b-85d8186a327c.jpg 546w, https:\/\/enolife.com.ar\/es\/wp-content\/uploads\/2023\/11\/810bdb07-0665-4949-b47b-85d8186a327c-300x275.jpg 300w\" sizes=\"auto, (max-width: 546px) 100vw, 546px\" \/><\/a><\/figure>\n<\/figure>\n\n\n\n<div style=\"height:30px\" aria-hidden=\"true\" class=\"wp-block-spacer\"><\/div>\n\n\n\n<p><strong>Andr\u00e9s Casciani<\/strong> naci\u00f3 en Mendoza, Argentina, en el a\u00f1o 1982. Es egresado de la Escuela Provincial de Bellas Artes de Mendoza y de la Carrera de Artes Visuales de la Universidad Nacional de Cuyo.<\/p>\n\n\n\n<p>Su obra abarca dibujo, pintura y grabado. Como ilustrador, caricaturista e historietista publica constantemente en diarios, revistas y libros.<\/p>\n\n\n\n<div style=\"height:30px\" aria-hidden=\"true\" class=\"wp-block-spacer\"><\/div>\n\n\n<div class=\"wp-block-image\">\n<figure class=\"aligncenter size-large is-resized\"><a href=\"https:\/\/enolife.com.ar\/es\/wp-content\/uploads\/2023\/11\/image-11.png\" data-rel=\"penci-gallery-image-content\" ><img loading=\"lazy\" decoding=\"async\" src=\"https:\/\/enolife.com.ar\/es\/wp-content\/uploads\/2023\/11\/image-11-1024x490.png\" alt=\"\" class=\"wp-image-105361\" width=\"720\" height=\"343\" srcset=\"https:\/\/enolife.com.ar\/es\/wp-content\/uploads\/2023\/11\/image-11-300x144.png 300w, https:\/\/enolife.com.ar\/es\/wp-content\/uploads\/2023\/11\/image-11-585x280.png 585w\" sizes=\"auto, (max-width: 720px) 100vw, 720px\" \/><\/a><figcaption class=\"wp-element-caption\"><em><strong>Ilustraci\u00f3n de Andr\u00e9s Casciani para la nota de Federico Mare \u00abMilei el mes\u00edas y la palingenesia neoliberal\u00bb,publicada en\u00a0<a href=\"https:\/\/kalewche.com\/\">Revista Kalewche<\/a>\u00a0(27\/8\/23)<\/strong><\/em><\/figcaption><\/figure><\/div>\n\n\n<div style=\"height:30px\" aria-hidden=\"true\" class=\"wp-block-spacer\"><\/div>\n\n\n\n<p>Ha realizado 30 exposiciones individuales y hasta la fecha ha participado en 74 exposiciones colectivas (Mendoza, Buenos Aires y EEUU). Como ilustrador <em>freelance<\/em> publica ilustraciones e historietas en diversos medios (digitales e impresos) de Argentina, Chile, M\u00e9xico, Brasil y Espa\u00f1a (Diario La Naci\u00f3n, Editorial Sudamericana, Penguin Random House, Diario El Sol, Revista Zero, Revista Fierro, Revista Barcelona, Revista H, Encontr\u00e1ndonos Ediciones, entre otros).<\/p>\n\n\n\n<div style=\"height:30px\" aria-hidden=\"true\" class=\"wp-block-spacer\"><\/div>\n\n\n<div class=\"wp-block-image\">\n<figure class=\"aligncenter size-full is-resized\"><a href=\"https:\/\/enolife.com.ar\/es\/wp-content\/uploads\/2023\/11\/397913526_656162246504564_8653958497887188348_n.jpg\" data-rel=\"penci-gallery-image-content\" ><img loading=\"lazy\" decoding=\"async\" src=\"https:\/\/enolife.com.ar\/es\/wp-content\/uploads\/2023\/11\/397913526_656162246504564_8653958497887188348_n.jpg\" alt=\"\" class=\"wp-image-105363\" width=\"436\" height=\"632\" srcset=\"https:\/\/enolife.com.ar\/es\/wp-content\/uploads\/2023\/11\/397913526_656162246504564_8653958497887188348_n.jpg 526w, https:\/\/enolife.com.ar\/es\/wp-content\/uploads\/2023\/11\/397913526_656162246504564_8653958497887188348_n-207x300.jpg 207w\" sizes=\"auto, (max-width: 436px) 100vw, 436px\" \/><\/a><figcaption class=\"wp-element-caption\"><em><strong>Ilustraci\u00f3n para la serie \u201cFragmentaria\u00bb<\/strong><\/em><\/figcaption><\/figure><\/div>\n\n\n<div style=\"height:35px\" aria-hidden=\"true\" class=\"wp-block-spacer\"><\/div>\n\n\n\n<p><\/p>\n\n\n\n<div style=\"height:33px\" aria-hidden=\"true\" class=\"wp-block-spacer\"><\/div>\n","protected":false},"excerpt":{"rendered":"<p>En la continuidad del ciclo de muestras de artistas visuales mendocinos, la Cava de Arte&hellip;<\/p>\n","protected":false},"author":3,"featured_media":105366,"comment_status":"open","ping_status":"open","sticky":false,"template":"","format":"standard","meta":{"footnotes":""},"categories":[47,34],"tags":[],"class_list":["post-105333","post","type-post","status-publish","format-standard","has-post-thumbnail","hentry","category-agenda","category-cultura1"],"_links":{"self":[{"href":"https:\/\/enolife.com.ar\/es\/wp-json\/wp\/v2\/posts\/105333","targetHints":{"allow":["GET"]}}],"collection":[{"href":"https:\/\/enolife.com.ar\/es\/wp-json\/wp\/v2\/posts"}],"about":[{"href":"https:\/\/enolife.com.ar\/es\/wp-json\/wp\/v2\/types\/post"}],"author":[{"embeddable":true,"href":"https:\/\/enolife.com.ar\/es\/wp-json\/wp\/v2\/users\/3"}],"replies":[{"embeddable":true,"href":"https:\/\/enolife.com.ar\/es\/wp-json\/wp\/v2\/comments?post=105333"}],"version-history":[{"count":0,"href":"https:\/\/enolife.com.ar\/es\/wp-json\/wp\/v2\/posts\/105333\/revisions"}],"wp:featuredmedia":[{"embeddable":true,"href":"https:\/\/enolife.com.ar\/es\/wp-json\/wp\/v2\/media\/105366"}],"wp:attachment":[{"href":"https:\/\/enolife.com.ar\/es\/wp-json\/wp\/v2\/media?parent=105333"}],"wp:term":[{"taxonomy":"category","embeddable":true,"href":"https:\/\/enolife.com.ar\/es\/wp-json\/wp\/v2\/categories?post=105333"},{"taxonomy":"post_tag","embeddable":true,"href":"https:\/\/enolife.com.ar\/es\/wp-json\/wp\/v2\/tags?post=105333"}],"curies":[{"name":"wp","href":"https:\/\/api.w.org\/{rel}","templated":true}]}}