{"id":105075,"date":"2023-11-09T22:19:52","date_gmt":"2023-11-09T22:19:52","guid":{"rendered":"https:\/\/enolife.com.ar\/es\/?p=105075"},"modified":"2023-11-10T23:15:22","modified_gmt":"2023-11-10T23:15:22","slug":"para-bodegas-mendocinas-que-busquen-exportar-a-brasil-ronda-con-importadores-el-27-28-y-29-11","status":"publish","type":"post","link":"https:\/\/enolife.com.ar\/es\/para-bodegas-mendocinas-que-busquen-exportar-a-brasil-ronda-con-importadores-el-27-28-y-29-11\/","title":{"rendered":"Para bodegas mendocinas que busquen exportar a Brasil, ronda con importadores el 27, 28 y 29\/11"},"content":{"rendered":"\n<h4 class=\"wp-block-heading\"><em><strong>La Corporaci\u00f3n Vitivin\u00edcola Argentina (Coviar), ProMendoza, el Gobierno de Mendoza y el Consejo Federal de Inversiones (CFI), han organizado una ronda de negocios entre vendedores mendocinos y 9 posibles compradores brasile\u00f1os especialmente invitados para el encuentro. Habr\u00e1 una reuni\u00f3n el 27\/11 en el hotel Fuente Mayor de Tunuy\u00e1n y dos el 28 y 29\/11 en lugares a definir en el Gran Mendoza. El cupo es para 60 representantes de bodegas (20 por ronda), y el valor de la participaci\u00f3n es de U$S100. Hay tiempo para inscribirse hasta el 13\/11.<\/strong><\/em><\/h4>\n\n\n\n<div style=\"height:35px\" aria-hidden=\"true\" class=\"wp-block-spacer\"><\/div>\n\n\n<a href=\"https:\/\/sudafilt.com\/\" aria-label=\"SUDAFILT 1700X500 NOV25\"><img loading=\"lazy\" decoding=\"async\" src=\"https:\/\/enolife.com.ar\/es\/wp-content\/uploads\/2020\/07\/SUDAFILT-1700X500-NOV25.gif\" alt=\"\"  width=\"1700\" height=\"500\"   \/><\/a>\n\n\n<div style=\"height:50px\" aria-hidden=\"true\" class=\"wp-block-spacer\"><\/div>\n\n\n<div class=\"wp-block-image\">\n<figure class=\"alignleft size-large is-resized\"><a href=\"https:\/\/enolife.com.ar\/es\/wp-content\/uploads\/2023\/11\/1699046787719.jpg\" data-rel=\"penci-gallery-image-content\" ><img loading=\"lazy\" decoding=\"async\" src=\"https:\/\/enolife.com.ar\/es\/wp-content\/uploads\/2023\/11\/1699046787719-1024x1024.jpg\" alt=\"\" class=\"wp-image-105085\" width=\"364\" height=\"364\" srcset=\"https:\/\/enolife.com.ar\/es\/wp-content\/uploads\/2023\/11\/1699046787719-1024x1024.jpg 1024w, https:\/\/enolife.com.ar\/es\/wp-content\/uploads\/2023\/11\/1699046787719-300x300.jpg 300w, https:\/\/enolife.com.ar\/es\/wp-content\/uploads\/2023\/11\/1699046787719-150x150.jpg 150w, https:\/\/enolife.com.ar\/es\/wp-content\/uploads\/2023\/11\/1699046787719-768x768.jpg 768w, https:\/\/enolife.com.ar\/es\/wp-content\/uploads\/2023\/11\/1699046787719-1170x1170.jpg 1170w, https:\/\/enolife.com.ar\/es\/wp-content\/uploads\/2023\/11\/1699046787719-585x585.jpg 585w, https:\/\/enolife.com.ar\/es\/wp-content\/uploads\/2023\/11\/1699046787719.jpg 1179w\" sizes=\"auto, (max-width: 364px) 100vw, 364px\" \/><\/a><\/figure><\/div>\n\n\n<p>Las bodegas mendocinas que tengan inter\u00e9s en exportar sus vinos a Brasil tendr\u00e1n una oportunidad los d\u00edas 27, 28 y 29\/11 de participar de una ronda inversa de negocios con 9 importadores brasileros.<\/p>\n\n\n\n<p>Las reuniones ser\u00e1n el 27\/11 en el Hotel Fuente Mayor en Vista Flores -Tunuy\u00e1n- de Valle de Uco. Y los d\u00edas 28 y 29 en un hotel de Mendoza a confirmar. <\/p>\n\n\n\n<p>La participaci\u00f3n tiene un costo de U$S100 (al cambio oficial del Banco de la Naci\u00f3n Argentina) y el cupo es para 60 bodegas (20 por fecha). La fecha de cierre de inscripci\u00f3n es el 13\/11.<\/p>\n\n\n\n<p><\/p>\n\n\n\n<p class=\"has-background\" style=\"background-color:#abb7c263\">I<strong>nscripciones: <a href=\"https:\/\/docs.google.com\/forms\/d\/e\/1FAIpQLSfVbGH_wM7z8liAPsRHEN0dajYlCDCqsTDMSsomSKobtzlgPQ\/viewform\" title=\"\">AQU\u00cd<\/a>  o comunicarse con: Javier Rojas &#8211; <a href=\"mailto:vinos@promendoza.com\">vinos@promendoza.com<\/a><\/strong><\/p>\n\n\n\n<div style=\"height:30px\" aria-hidden=\"true\" class=\"wp-block-spacer\"><\/div>\n","protected":false},"excerpt":{"rendered":"<p>La Corporaci\u00f3n Vitivin\u00edcola Argentina (Coviar), ProMendoza, el Gobierno de Mendoza y el Consejo Federal de&hellip;<\/p>\n","protected":false},"author":3,"featured_media":105350,"comment_status":"open","ping_status":"open","sticky":false,"template":"","format":"standard","meta":{"footnotes":""},"categories":[47],"tags":[],"class_list":["post-105075","post","type-post","status-publish","format-standard","has-post-thumbnail","hentry","category-agenda"],"_links":{"self":[{"href":"https:\/\/enolife.com.ar\/es\/wp-json\/wp\/v2\/posts\/105075","targetHints":{"allow":["GET"]}}],"collection":[{"href":"https:\/\/enolife.com.ar\/es\/wp-json\/wp\/v2\/posts"}],"about":[{"href":"https:\/\/enolife.com.ar\/es\/wp-json\/wp\/v2\/types\/post"}],"author":[{"embeddable":true,"href":"https:\/\/enolife.com.ar\/es\/wp-json\/wp\/v2\/users\/3"}],"replies":[{"embeddable":true,"href":"https:\/\/enolife.com.ar\/es\/wp-json\/wp\/v2\/comments?post=105075"}],"version-history":[{"count":0,"href":"https:\/\/enolife.com.ar\/es\/wp-json\/wp\/v2\/posts\/105075\/revisions"}],"wp:featuredmedia":[{"embeddable":true,"href":"https:\/\/enolife.com.ar\/es\/wp-json\/wp\/v2\/media\/105350"}],"wp:attachment":[{"href":"https:\/\/enolife.com.ar\/es\/wp-json\/wp\/v2\/media?parent=105075"}],"wp:term":[{"taxonomy":"category","embeddable":true,"href":"https:\/\/enolife.com.ar\/es\/wp-json\/wp\/v2\/categories?post=105075"},{"taxonomy":"post_tag","embeddable":true,"href":"https:\/\/enolife.com.ar\/es\/wp-json\/wp\/v2\/tags?post=105075"}],"curies":[{"name":"wp","href":"https:\/\/api.w.org\/{rel}","templated":true}]}}