{"id":104939,"date":"2023-11-07T01:16:23","date_gmt":"2023-11-07T01:16:23","guid":{"rendered":"https:\/\/enolife.com.ar\/es\/?p=104939"},"modified":"2023-11-08T23:49:12","modified_gmt":"2023-11-08T23:49:12","slug":"vendimia-2024-con-director-debutante-guion-tradicional-y-15-m-de-premio-para-la-imagen-ganadora","status":"publish","type":"post","link":"https:\/\/enolife.com.ar\/es\/vendimia-2024-con-director-debutante-guion-tradicional-y-15-m-de-premio-para-la-imagen-ganadora\/","title":{"rendered":"Vendimia 2024 con director debutante, gui\u00f3n tradicional y $1,5 M de premio para la imagen ganadora"},"content":{"rendered":"\n<h4 class=\"wp-block-heading\"><em><strong>El joven docente de arte y escen\u00f3grafo Pablo Mariano Perri (39), quien ya condujo 5 fiestas de la vendimia departamentales (Santa Rosa, San Mart\u00edn y tres de Maip\u00fa) pero nunca un acto central de la Fiesta de la Vendimia en el Anfiteatro Frank Romero Day, fue elegido como el director de la Fiesta 2024, que se denominar\u00e1 \u00abCoronados de historia y futuro\u00bb. Seg\u00fan se conoci\u00f3, la pr\u00f3xima Fiesta tendr\u00e1 como columna vertebral una historia contada por el personaje principal, un joyero llamado Pedro, y un relato que enhebrar\u00e1 distintas escenas musicales, visuales y esc\u00e9nicas de corte cl\u00e1sico, tales como el trabajo de los vendimiadores, la historia de Mendoza, el protagonismo del agua y otros t\u00f3picos que, probadamente, son del agrado del p\u00fablico mendocino y los visitantes.<\/strong><\/em><\/h4>\n\n\n\n<hr class=\"wp-block-separator has-alpha-channel-opacity\"\/>\n\n\n\n<h4 class=\"wp-block-heading\"><em><strong>La m\u00fasica ser\u00e1 de autores locales en un 50%, mientras que la otra mitad ser\u00e1n obras cl\u00e1sicas, todo interpretado en vivo por una orquesta conformada a tal efecto. La direcci\u00f3n musical estar\u00e1 a cargo del experimentado compositor, arreglador e int\u00e9rprete Pa\u00edto Figueroa, quien ya cumpli\u00f3 el mismo rol en 2014 y 2016. En la comunicaci\u00f3n del ganador realizada por funcionarios de Cultura y Turismo, tambi\u00e9n se anunci\u00f3 que el 7\/11 se abre el concurso para dise\u00f1ar la imagen gr\u00e1fica de la Fiesta, cuyo ganador cobrar\u00e1 $1.500.000.<\/strong><\/em><\/h4>\n\n\n\n<div style=\"height:35px\" aria-hidden=\"true\" class=\"wp-block-spacer\"><\/div>\n\n\n<a href=\"https:\/\/instagram.com\/labelsolutions?igshid=YmMyMTA2M2Y=\" aria-label=\"Banner Palero 1700&#215;500\"><img loading=\"lazy\" decoding=\"async\" src=\"https:\/\/enolife.com.ar\/es\/wp-content\/uploads\/2021\/09\/Banner-Palero-1700x500-1.gif\" alt=\"\"  width=\"1700\" height=\"500\"   \/><\/a>\n\n\n<div style=\"height:45px\" aria-hidden=\"true\" class=\"wp-block-spacer\"><\/div>\n\n\n\n<p>La propuesta ganadora del concurso p\u00fablico convocado por el Ministerio de Cultura y Turismo de Mendoza, tendr\u00e1 la direcci\u00f3n de <strong>Pablo Mariano Perri<\/strong> y el gui\u00f3n de <strong>Silvia Graciela Moyano<\/strong>. El Acto Central de la Vendimia 2024 se desarrollar\u00e1 en el Teatro Griego Frank Romero Day los d\u00edas s\u00e1bado 2, domingo 3 y lunes 4 de marzo de 2024.<\/p>\n\n\n\n<div style=\"height:30px\" aria-hidden=\"true\" class=\"wp-block-spacer\"><\/div>\n\n\n<div class=\"wp-block-image\">\n<figure class=\"aligncenter size-full is-resized\"><a href=\"https:\/\/enolife.com.ar\/es\/wp-content\/uploads\/2023\/11\/image-4.png\" data-rel=\"penci-gallery-image-content\" ><img loading=\"lazy\" decoding=\"async\" src=\"https:\/\/enolife.com.ar\/es\/wp-content\/uploads\/2023\/11\/image-4.png\" alt=\"\" class=\"wp-image-104981\" width=\"643\" height=\"361\" srcset=\"https:\/\/enolife.com.ar\/es\/wp-content\/uploads\/2023\/11\/image-4.png 768w, https:\/\/enolife.com.ar\/es\/wp-content\/uploads\/2023\/11\/image-4-300x168.png 300w, https:\/\/enolife.com.ar\/es\/wp-content\/uploads\/2023\/11\/image-4-585x328.png 585w\" sizes=\"auto, (max-width: 643px) 100vw, 643px\" \/><\/a><figcaption class=\"wp-element-caption\"><em><strong>Silvia Graciela Moyano, Pablo Perri y Pablo Moreno -vocero del Ministerio de Cultura y Turismo- junto a todo el equipo de direcci\u00f3n ganador de la Fiesta de la Vendimia 2024.<\/strong><\/em><\/figcaption><\/figure><\/div>\n\n\n<div style=\"height:30px\" aria-hidden=\"true\" class=\"wp-block-spacer\"><\/div>\n\n\n\n<p>Al respecto, la <strong>ministra de Cultura y Turismo, Nora Vicario<\/strong>, coment\u00f3: <em>\u201cCelebramos cada paso que nos acerca a nuestra Vendimia y hoy hemos dado uno de los m\u00e1s importantes. Se defini\u00f3 la propuesta art\u00edstica que se presentar\u00e1 en el Frank Romero Day, despu\u00e9s de un proceso participativo y transparente, con foros de cientos de personas, la publicaci\u00f3n de las bases, la conformaci\u00f3n y el excelente trabajo del jurado y la gran cantidad de equipos en la primera etapa. Nuestra comunidad art\u00edstica ha demostrado su pasi\u00f3n y talento al servicio de la fiesta popular m\u00e1s destacada del pa\u00eds. Por eso, felicito a Pablo Perri, el joven director del equipo ganador del espect\u00e1culo&nbsp;&#8216;Coronados de historia y futuro&#8217;,&nbsp;y les agradezco a todos los que participaron. Seguiremos cumpliendo y avanzando con el cronograma planificado con entusiasmo y compromiso hacia la Fiesta Nacional de la Vendimia\u201d.<\/em><\/p>\n\n\n\n<div style=\"height:30px\" aria-hidden=\"true\" class=\"wp-block-spacer\"><\/div>\n\n\n<div class=\"wp-block-image\">\n<figure class=\"aligncenter size-full is-resized\"><a href=\"https:\/\/enolife.com.ar\/es\/wp-content\/uploads\/2023\/11\/IMG-20231105-WA0035-1.jpg\" data-rel=\"penci-gallery-image-content\" ><img loading=\"lazy\" decoding=\"async\" src=\"https:\/\/enolife.com.ar\/es\/wp-content\/uploads\/2023\/11\/IMG-20231105-WA0035-1.jpg\" alt=\"\" class=\"wp-image-104984\" width=\"649\" height=\"479\" srcset=\"https:\/\/enolife.com.ar\/es\/wp-content\/uploads\/2023\/11\/IMG-20231105-WA0035-1.jpg 677w, https:\/\/enolife.com.ar\/es\/wp-content\/uploads\/2023\/11\/IMG-20231105-WA0035-1-300x222.jpg 300w, https:\/\/enolife.com.ar\/es\/wp-content\/uploads\/2023\/11\/IMG-20231105-WA0035-1-585x432.jpg 585w\" sizes=\"auto, (max-width: 649px) 100vw, 649px\" \/><\/a><figcaption class=\"wp-element-caption\"><em><strong>La ministra Nora Vicario junto al equipo de la vendimia 2024.<\/strong><\/em><\/figcaption><\/figure><\/div>\n\n\n<div style=\"height:35px\" aria-hidden=\"true\" class=\"wp-block-spacer\"><\/div>\n\n\n\n<p class=\"has-medium-font-size\"><strong>El jurado<\/strong><\/p>\n\n\n\n<p>Quienes tuvieron la responsabilidad de elegir al equipo que desarrollar\u00e1 la Fiesta Nacional de la Vendimia 2024 fueron, por el Ministerio de Cultura y Turismo, Florencia R\u00edos; Fernando Gamez, por el \u00c1rea T\u00e9cnica y Franco Marchionni, en Historia y Antropolog\u00eda; Rolando Valverde, en representaci\u00f3n de Infraestructura de la Provincia y Laura Uano, como representante de directores de Cultura de los departamentos.<\/p>\n\n\n\n<p>Se sumaron, por la Facultad de Artes y Dise\u00f1o de la UNCuyo, Eduardo Grzona; Nicol\u00e1s Gim\u00e9nez, por Argentores Delegaci\u00f3n Mendoza; Pedro Marabini, por exdirectores de la Fiesta Nacional de la Vendimia; Nora Urcullu, como representante elegida de mutuo acuerdo por la Corenave (Comisi\u00f3n de Reinas Nacionales de la Vendimia) y la Covinave (Comisi\u00f3n de Virreinas Nacionales de la Vendimia).<\/p>\n\n\n\n<p>Completan el jurado Andr\u00e9s Garbin, como representante de Hacedores Vendimiales por Foro de Vendimia, propuesta entre los asistentes de los mismos; Adrian Biasiori, por Canal Acequia; un representante de las asociaciones de danza vigentes y con personer\u00eda jur\u00eddica certificada ante el Ministerio de Cultura y Turismo, Sara Ver\u00f3n (Asociaci\u00f3n Mendocina de Profesionales de la Danza), Patricia Motos (Asociaci\u00f3n Civil Movimiento por la Danza), Ana Ortolani (Asociaci\u00f3n So\u00f1arte), Lucia Gui\u00f1ez (Asociaci\u00f3n Uco-Hu\u00e9); un representante de las asociaciones y\/o sindicatos de m\u00fasicos vigentes y con personer\u00eda jur\u00eddica certificada ante el Ministerio de Cultura y Turismo, Ra\u00fal Riveros (Movimiento Independiente de M\u00fasicos Mendocinos); Daniela Bajuk (Asociaci\u00f3n M\u00fasicos de Cuyo) y Julieta Gentile, por la Asociaci\u00f3n Argentina de Actores Delegaci\u00f3n Mendoza, designado por la propia Asociaci\u00f3n.<\/p>\n\n\n\n<div style=\"height:24px\" aria-hidden=\"true\" class=\"wp-block-spacer\"><\/div>\n\n\n\n<p class=\"has-medium-font-size\"><strong>\u00abCoronados de historia y futuro\u00bb en s\u00edntesis<\/strong><\/p>\n\n\n\n<p>La idea argumental est\u00e1 precedida por una precuela, una breve historia audiovisual que evoca la infancia del personaje principal: Pedro.<\/p>\n\n\n\n<p>Seg\u00fan se divulg\u00f3 desde Cultura y Turismo, <em>\u00abCoronados de historia y futuro&nbsp;es una invitaci\u00f3n para reflexionar sobre estos y otros interrogantes. Para ello se vale de un orfebre, quien, desde peque\u00f1o, ha sido llamado a cumplir un destino muy particular. Ser\u00e1 desafiado a construir un objeto que represente a su pueblo. Emprender\u00e1 un viaje hacia el pasado y el futuro en busca de los elementos necesarios para concretar su obra\u00bb.<\/em><\/p>\n\n\n\n<p>Y agrega el resumen: <em>\u00abProfundizar\u00e1 en sus ra\u00edces vendimiales y en las posibilidades infinitas de su gente. En su recorrido, ser\u00e1 acompa\u00f1ado por el insomnio, la incertidumbre y la inspiraci\u00f3n, quienes lo interpelar\u00e1n acerca de la necesidad de perseverar frente a las dificultades y acerca de la vigencia de los valores populares. Es all\u00ed cuando se produce el quiebre: la aparici\u00f3n de un cuarto personaje, que simboliza la desesperanza y la oscuridad\u00bb.<\/em><\/p>\n\n\n\n<p>Finalmente, se escribe en la s\u00edntesis comunicada: <em>\u00abEl protagonista de esta historia recupera la fe y las fuerzas necesarias para terminar su trabajo y designar\u00e1 al pueblo digno portador de la corona que, en definitiva, simboliza la soberan\u00eda con que sus habitantes se posicionan frente al mundo. Somos coronados por un pasado que nos identifica y nos da sustento, un presente que nos define y un futuro al que aspiramos y creemos merecer\u00bb.<\/em><\/p>\n\n\n\n<div style=\"height:29px\" aria-hidden=\"true\" class=\"wp-block-spacer\"><\/div>\n\n\n\n<p class=\"has-medium-font-size\"><strong>El equipo ganador de la conducci\u00f3n de la Vendimia 2024<\/strong><\/p>\n\n\n\n<p><strong>Director general:<\/strong> Pablo Mariano Perri<\/p>\n\n\n\n<p><strong>Gui\u00f3n: <\/strong>Silvia Graciela Moyano<\/p>\n\n\n\n<p><strong>Director audiovisual:<\/strong> Gustavo Fabi\u00e1n Lenarduzzi<\/p>\n\n\n\n<p><strong>Director coreogr\u00e1fico:<\/strong> Carlos Fabi\u00e1n Ulloa<\/p>\n\n\n\n<p><strong>Director de actores:<\/strong> Javier Omar Falc\u00f3n<\/p>\n\n\n\n<p><strong>Director musical: <\/strong>Pa\u00edto Figueroa<\/p>\n\n\n\n<p><strong>Escenograf\u00eda:<\/strong> Mar\u00eda Claudina Gomensoro<\/p>\n\n\n\n<p><strong>Responsable de cajas lum\u00ednicas:<\/strong> Sergio Isa\u00edas Benegas Aranguez<\/p>\n\n\n\n<p><strong>Jefe t\u00e9cnico: <\/strong>Marcelo Pablo Jes\u00fas Garay<\/p>\n\n\n\n<p><strong>Asistencia en iluminaci\u00f3n:<\/strong> Enrique Agust\u00edn Poblete<\/p>\n\n\n\n<p><strong>Asistente en sonido: <\/strong>Emmanuel Alejandro Acu\u00f1a<\/p>\n\n\n\n<p><strong>Responsable en efectos especiales:<\/strong> Guillermo Javier Rodr\u00edguez<\/p>\n\n\n\n<p><strong>Jefa de vestuario y maquillaje: <\/strong>Elsa Elba Blanco<\/p>\n\n\n\n<p><strong>Responsable en utiler\u00eda menor y\/o mayor:<\/strong> Lucas Gustavo Grasso<\/p>\n\n\n\n<p><strong>Asistente de director audiovisual o productor:<\/strong> Walter Omar Sastre<\/p>\n\n\n\n<p><strong>Productor ejecutivo: <\/strong>Walter Fabi\u00e1n Ulloa<\/p>\n\n\n\n<p><strong>Jefe de traspuntes:<\/strong> Sergio David \u00c1vila<\/p>\n\n\n\n<p><strong>Asistente coreogr\u00e1fica de folclore (1)<\/strong>: Jessica Anabella Arancibia<\/p>\n\n\n\n<p><strong>Asistente coreogr\u00e1fico de folclore (2):<\/strong> Juan Eduardo Teves<\/p>\n\n\n\n<p><strong>Asistente coreogr\u00e1fica de contempor\u00e1neo:<\/strong> Graciela Ruiz<\/p>\n\n\n\n<p><strong>Asistente de vestuario y maquillaje:<\/strong> Mar\u00eda Cristina G\u00f3mez<\/p>\n\n\n\n<p><strong>Direcci\u00f3n orquestal: <\/strong>Alicia Mar\u00eda Pouzo<\/p>\n\n\n\n<p><strong>Asistencia de direcci\u00f3n: <\/strong>Cristian Alejandro Arce<\/p>\n\n\n\n<p><strong>Asistente de puesta en escena: <\/strong>Stella Maris Vera<\/p>\n\n\n\n<div style=\"height:32px\" aria-hidden=\"true\" class=\"wp-block-spacer\"><\/div>\n","protected":false},"excerpt":{"rendered":"<p>El joven docente de arte y escen\u00f3grafo Pablo Mariano Perri (39), quien ya condujo 5&hellip;<\/p>\n","protected":false},"author":3,"featured_media":104948,"comment_status":"open","ping_status":"open","sticky":false,"template":"","format":"standard","meta":{"footnotes":""},"categories":[14],"tags":[],"class_list":["post-104939","post","type-post","status-publish","format-standard","has-post-thumbnail","hentry","category-news"],"_links":{"self":[{"href":"https:\/\/enolife.com.ar\/es\/wp-json\/wp\/v2\/posts\/104939","targetHints":{"allow":["GET"]}}],"collection":[{"href":"https:\/\/enolife.com.ar\/es\/wp-json\/wp\/v2\/posts"}],"about":[{"href":"https:\/\/enolife.com.ar\/es\/wp-json\/wp\/v2\/types\/post"}],"author":[{"embeddable":true,"href":"https:\/\/enolife.com.ar\/es\/wp-json\/wp\/v2\/users\/3"}],"replies":[{"embeddable":true,"href":"https:\/\/enolife.com.ar\/es\/wp-json\/wp\/v2\/comments?post=104939"}],"version-history":[{"count":0,"href":"https:\/\/enolife.com.ar\/es\/wp-json\/wp\/v2\/posts\/104939\/revisions"}],"wp:featuredmedia":[{"embeddable":true,"href":"https:\/\/enolife.com.ar\/es\/wp-json\/wp\/v2\/media\/104948"}],"wp:attachment":[{"href":"https:\/\/enolife.com.ar\/es\/wp-json\/wp\/v2\/media?parent=104939"}],"wp:term":[{"taxonomy":"category","embeddable":true,"href":"https:\/\/enolife.com.ar\/es\/wp-json\/wp\/v2\/categories?post=104939"},{"taxonomy":"post_tag","embeddable":true,"href":"https:\/\/enolife.com.ar\/es\/wp-json\/wp\/v2\/tags?post=104939"}],"curies":[{"name":"wp","href":"https:\/\/api.w.org\/{rel}","templated":true}]}}