{"id":10469,"date":"2020-04-02T01:02:05","date_gmt":"2020-04-02T01:02:05","guid":{"rendered":"http:\/\/enolife.com.ar\/es\/?p=10469"},"modified":"2020-04-06T15:25:12","modified_gmt":"2020-04-06T15:25:12","slug":"ya-se-recolectaron-166-millones-de-quintales-de-uva-en-18-semanas-de-cosecha","status":"publish","type":"post","link":"https:\/\/enolife.com.ar\/es\/ya-se-recolectaron-166-millones-de-quintales-de-uva-en-18-semanas-de-cosecha\/","title":{"rendered":"Ya se recolectaron 16,6 millones de quintales de uva en 18 semanas de cosecha"},"content":{"rendered":"\n<h4 class=\"wp-block-heading\"><em><strong>Hasta el 29 de marzo, con el 75% de la uva recolectada en Mendoza y el 86% en San Juan, el Instituto Nacional de Vitivinicultura (INV) inform\u00f3 que ya se obtuvieron en todo el pa\u00eds  1.661.943.889 kilos. Cuando termine la campa\u00f1a, a fines de abril, se esperan tener entre 21,4 y 23,7 millones de quintales, seg\u00fan el pron\u00f3stico divulgado por el INV el 20 de febrero \u00faltimo.<\/strong><\/em><\/h4>\n\n\n\n<div style=\"height:20px\" aria-hidden=\"true\" class=\"wp-block-spacer\"><\/div>\n\n\n\n<p>A continuaci\u00f3n, reproducimos los cuadros estad\u00edsticos cargados en la web del Instituto Nacional de Vitivinicultura, as\u00ed como el link a ese sitio. Cabe consignar que adem\u00e1s de las cifras globales consignadas en esos gr\u00e1ficos, al continuaci\u00f3n se publican los datos varietal por varietal y provincia por provincia, informaci\u00f3n que es relevada a partir de la nueva gesti\u00f3n del INV, que encabezan el presidente Mart\u00edn Hinojosa y el vicepresidente Hugo Carmona Torres.<\/p>\n\n\n\n<div style=\"height:20px\" aria-hidden=\"true\" class=\"wp-block-spacer\"><\/div>\n\n\n\n<figure class=\"wp-block-embed-twitter wp-block-embed is-type-rich is-provider-twitter\"><div class=\"wp-block-embed__wrapper\">\n<blockquote class=\"twitter-tweet\" data-width=\"550\" data-dnt=\"true\"><p lang=\"es\" dir=\"ltr\">Anticipo cosecha. <br>La cosecha de uva avanza en  el pa\u00eds se han recolectado 16.6 mll de qq hasta el 29\/03. San Juan tiene el 84 ,6% de su uva cosechada y Mendoza el 75% respecto de lo estimado para la presente vendimia \u201c <a href=\"https:\/\/twitter.com\/Carlos_Her?ref_src=twsrc%5Etfw\">@Carlos_Her<\/a> <a href=\"https:\/\/twitter.com\/BustosHerrera?ref_src=twsrc%5Etfw\">@BustosHerrera<\/a> <a href=\"https:\/\/twitter.com\/MaSoleGonzalez?ref_src=twsrc%5Etfw\">@MaSoleGonzalez<\/a> <a href=\"https:\/\/twitter.com\/idemvillegas?ref_src=twsrc%5Etfw\">@idemvillegas<\/a><\/p>&mdash; Mart\u00edn Hinojosa (@MHinojosaMza) <a href=\"https:\/\/twitter.com\/MHinojosaMza\/status\/1245473786012598272?ref_src=twsrc%5Etfw\">April 1, 2020<\/a><\/blockquote><script async src=\"https:\/\/platform.twitter.com\/widgets.js\" charset=\"utf-8\"><\/script>\n<\/div><\/figure>\n\n\n\n<hr class=\"wp-block-separator\"\/>\n\n\n\n<div style=\"height:20px\" aria-hidden=\"true\" class=\"wp-block-spacer\"><\/div>\n\n\n\n<p class=\"has-background has-text-align-center has-medium-font-size has-pale-cyan-blue-background-color\"><strong>Totales acumulados al 29 de marzo de 2020<\/strong><\/p>\n\n\n\n<div style=\"height:20px\" aria-hidden=\"true\" class=\"wp-block-spacer\"><\/div>\n\n\n\n<p class=\"has-background has-text-align-center has-very-light-gray-background-color\"><strong>Todas las provincias<\/strong><\/p>\n\n\n\n<div style=\"height:20px\" aria-hidden=\"true\" class=\"wp-block-spacer\"><\/div>\n\n\n\n<figure class=\"wp-block-image size-large\"><img loading=\"lazy\" decoding=\"async\" width=\"900\" height=\"559\" src=\"https:\/\/enolife.com.ar\/es\/wp-content\/uploads\/2020\/04\/Imagen1.jpg\" alt=\"\" class=\"wp-image-10479\" srcset=\"https:\/\/enolife.com.ar\/es\/wp-content\/uploads\/2020\/04\/Imagen1.jpg 900w, https:\/\/enolife.com.ar\/es\/wp-content\/uploads\/2020\/04\/Imagen1-300x186.jpg 300w, https:\/\/enolife.com.ar\/es\/wp-content\/uploads\/2020\/04\/Imagen1-768x477.jpg 768w, https:\/\/enolife.com.ar\/es\/wp-content\/uploads\/2020\/04\/Imagen1-585x363.jpg 585w\" sizes=\"auto, (max-width: 900px) 100vw, 900px\" \/><\/figure>\n\n\n\n<div style=\"height:20px\" aria-hidden=\"true\" class=\"wp-block-spacer\"><\/div>\n\n\n\n<p class=\"has-background has-text-align-center has-very-light-gray-background-color\"><strong>Mendoza y San Juan<\/strong><\/p>\n\n\n\n<div style=\"height:20px\" aria-hidden=\"true\" class=\"wp-block-spacer\"><\/div>\n\n\n\n<figure class=\"wp-block-image size-large\"><img loading=\"lazy\" decoding=\"async\" width=\"896\" height=\"149\" src=\"https:\/\/enolife.com.ar\/es\/wp-content\/uploads\/2020\/04\/Imagen2.jpg\" alt=\"\" class=\"wp-image-10480\" srcset=\"https:\/\/enolife.com.ar\/es\/wp-content\/uploads\/2020\/04\/Imagen2.jpg 896w, https:\/\/enolife.com.ar\/es\/wp-content\/uploads\/2020\/04\/Imagen2-300x50.jpg 300w, https:\/\/enolife.com.ar\/es\/wp-content\/uploads\/2020\/04\/Imagen2-768x128.jpg 768w, https:\/\/enolife.com.ar\/es\/wp-content\/uploads\/2020\/04\/Imagen2-585x97.jpg 585w\" sizes=\"auto, (max-width: 896px) 100vw, 896px\" \/><\/figure>\n\n\n\n<div style=\"height:20px\" aria-hidden=\"true\" class=\"wp-block-spacer\"><\/div>\n\n\n\n<p class=\"has-background has-text-align-center has-very-light-gray-background-color\"><strong>Comparativo kilogramos de uva 2010\/2020 &#8211; Acumulado al 29 de marzo de 2020<\/strong><\/p>\n\n\n\n<div style=\"height:20px\" aria-hidden=\"true\" class=\"wp-block-spacer\"><\/div>\n\n\n\n<figure class=\"wp-block-image size-large is-resized\"><img loading=\"lazy\" decoding=\"async\" src=\"https:\/\/enolife.com.ar\/es\/wp-content\/uploads\/2020\/04\/Imagen3-1024x485.jpg\" alt=\"\" class=\"wp-image-10481\" width=\"1269\" height=\"600\" srcset=\"https:\/\/enolife.com.ar\/es\/wp-content\/uploads\/2020\/04\/Imagen3-1024x485.jpg 1024w, https:\/\/enolife.com.ar\/es\/wp-content\/uploads\/2020\/04\/Imagen3-300x142.jpg 300w, https:\/\/enolife.com.ar\/es\/wp-content\/uploads\/2020\/04\/Imagen3-768x364.jpg 768w, https:\/\/enolife.com.ar\/es\/wp-content\/uploads\/2020\/04\/Imagen3-585x277.jpg 585w, https:\/\/enolife.com.ar\/es\/wp-content\/uploads\/2020\/04\/Imagen3.jpg 1148w\" sizes=\"auto, (max-width: 1269px) 100vw, 1269px\" \/><\/figure>\n\n\n\n<div style=\"height:20px\" aria-hidden=\"true\" class=\"wp-block-spacer\"><\/div>\n\n\n\n<p class=\"has-background has-very-light-gray-background-color\"><strong>Ver<a href=\"https:\/\/www.argentina.gob.ar\/inv\/cosecha-2020\/informes-semanales\"> <\/a><\/strong><a href=\"https:\/\/www.argentina.gob.ar\/inv\/cosecha-2020\/informes-semanales\"><strong>informe completo, incluyendo kilogramos elaborados por variedad y por provincia (datos acumulados al 29\/3\/2020  <\/strong><\/a><\/p>\n","protected":false},"excerpt":{"rendered":"<p>Hasta el 29 de marzo, con el 75% de la uva recolectada en Mendoza y&hellip;<\/p>\n","protected":false},"author":3,"featured_media":10478,"comment_status":"open","ping_status":"open","sticky":false,"template":"","format":"standard","meta":{"footnotes":""},"categories":[5],"tags":[],"class_list":["post-10469","post","type-post","status-publish","format-standard","has-post-thumbnail","hentry","category-fincas"],"_links":{"self":[{"href":"https:\/\/enolife.com.ar\/es\/wp-json\/wp\/v2\/posts\/10469","targetHints":{"allow":["GET"]}}],"collection":[{"href":"https:\/\/enolife.com.ar\/es\/wp-json\/wp\/v2\/posts"}],"about":[{"href":"https:\/\/enolife.com.ar\/es\/wp-json\/wp\/v2\/types\/post"}],"author":[{"embeddable":true,"href":"https:\/\/enolife.com.ar\/es\/wp-json\/wp\/v2\/users\/3"}],"replies":[{"embeddable":true,"href":"https:\/\/enolife.com.ar\/es\/wp-json\/wp\/v2\/comments?post=10469"}],"version-history":[{"count":0,"href":"https:\/\/enolife.com.ar\/es\/wp-json\/wp\/v2\/posts\/10469\/revisions"}],"wp:featuredmedia":[{"embeddable":true,"href":"https:\/\/enolife.com.ar\/es\/wp-json\/wp\/v2\/media\/10478"}],"wp:attachment":[{"href":"https:\/\/enolife.com.ar\/es\/wp-json\/wp\/v2\/media?parent=10469"}],"wp:term":[{"taxonomy":"category","embeddable":true,"href":"https:\/\/enolife.com.ar\/es\/wp-json\/wp\/v2\/categories?post=10469"},{"taxonomy":"post_tag","embeddable":true,"href":"https:\/\/enolife.com.ar\/es\/wp-json\/wp\/v2\/tags?post=10469"}],"curies":[{"name":"wp","href":"https:\/\/api.w.org\/{rel}","templated":true}]}}