{"id":104675,"date":"2023-11-03T01:04:52","date_gmt":"2023-11-03T01:04:52","guid":{"rendered":"https:\/\/enolife.com.ar\/es\/?p=104675"},"modified":"2023-11-08T01:56:00","modified_gmt":"2023-11-08T01:56:00","slug":"pronostican-una-primavera-y-verano-con-mas-lluvia-y-granizo-en-mendoza-por-el-fenomeno-el-nino","status":"publish","type":"post","link":"https:\/\/enolife.com.ar\/es\/pronostican-una-primavera-y-verano-con-mas-lluvia-y-granizo-en-mendoza-por-el-fenomeno-el-nino\/","title":{"rendered":"Pronostican una primavera y verano con m\u00e1s lluvia y granizo en Mendoza por el fen\u00f3meno \u00abEl Ni\u00f1o\u00bb"},"content":{"rendered":"\n<h4 class=\"wp-block-heading\"><em><strong>Integrantes de Defensa Civil de Mendoza y brigadistas de organismos p\u00fablicos y privados de la provincia participaron el 3\/10 de la conferencia \u201cEfecto del fen\u00f3meno de El Ni\u00f1o en Mendoza\u201d, en la cual se tom\u00f3 en consideraci\u00f3n el pron\u00f3stico de los meteor\u00f3logos acerca de una temporada primavera-verano en la cual se producir\u00edan m\u00e1s tormentas y de mayor intensidad que lo normal, lo cual a su vez aumentar\u00eda la probabilidad de lluvias intensas y granizo. Ante esta situaci\u00f3n, los expertos coincidieron en que el m\u00e9todo de prevenci\u00f3n m\u00e1s efectivo para los cultivos es la colocaci\u00f3n de malla antigranizo, para lo cual el Gobierno de Mendoza se comprometi\u00f3 a ofrecer financiaci\u00f3n a los productores para adquirir esta protecci\u00f3n. Cabe se\u00f1alar que mediante estas facilidades, en los \u00faltimos 3 a\u00f1os se cubrieron 2.055 hect\u00e1reas en los 4 oasis productivos de la provincia. La elecci\u00f3n del tipo de malla es un punto importante a tener en cuenta, ya que, adem\u00e1s de existir varias calidades, tambi\u00e9n difieren seg\u00fan el fen\u00f3meno clim\u00e1tico previsto y los diferentes cultivos (vi\u00f1a, olivos, frutales).<\/strong><\/em><\/h4>\n\n\n\n<div style=\"height:35px\" aria-hidden=\"true\" class=\"wp-block-spacer\"><\/div>\n\n\n<a href=\"https:\/\/www.linkedin.com\/company\/agrinet-sa\/?originalSubdomain=ar\" aria-label=\"1700X500\"><img loading=\"lazy\" decoding=\"async\" src=\"https:\/\/enolife.com.ar\/es\/wp-content\/uploads\/2021\/11\/1700X500.gif\" alt=\"\"  width=\"1700\" height=\"500\"   \/><\/a>\n\n\n<div style=\"height:45px\" aria-hidden=\"true\" class=\"wp-block-spacer\"><\/div>\n\n\n\n<p>Frente a la llegada del fen\u00f3meno clim\u00e1tico <strong>\u00abEl Ni\u00f1o\u00bb<\/strong>, Defensa Civil de Mendoza brind\u00f3 una charla informativa de la que particip\u00f3 <strong>Juan Antonio Rivera<\/strong> -doctor en Ciencias de la Atm\u00f3sfera y los Oc\u00e9anos del Conicet- quien afirm\u00f3 que se espera en Mendoza una temporada de primavera-verano con&nbsp;<strong>mayor probabilidad de registrar precipitaciones en forma de lluvia o granizo por encima de lo normal<\/strong>, debido a que, dijo el especialista,<em> \u201cen este momento, la temperatura del agua del mar en el oc\u00e9ano Pac\u00edfico ecuatorial se encuentra con valores superiores a los normales en toda la regi\u00f3n\u201d<\/em>.<\/p>\n\n\n\n<div style=\"height:30px\" aria-hidden=\"true\" class=\"wp-block-spacer\"><\/div>\n\n\n<div class=\"wp-block-image\">\n<figure class=\"aligncenter size-full is-resized\"><a href=\"https:\/\/enolife.com.ar\/es\/wp-content\/uploads\/2023\/11\/WhatsApp-Image-2023-10-03-at-13.12.08-1-700x394-1.jpeg\" data-rel=\"penci-gallery-image-content\" ><img loading=\"lazy\" decoding=\"async\" src=\"https:\/\/enolife.com.ar\/es\/wp-content\/uploads\/2023\/11\/WhatsApp-Image-2023-10-03-at-13.12.08-1-700x394-1.jpeg\" alt=\"\" class=\"wp-image-104745\" width=\"632\" height=\"356\" srcset=\"https:\/\/enolife.com.ar\/es\/wp-content\/uploads\/2023\/11\/WhatsApp-Image-2023-10-03-at-13.12.08-1-700x394-1.jpeg 700w, https:\/\/enolife.com.ar\/es\/wp-content\/uploads\/2023\/11\/WhatsApp-Image-2023-10-03-at-13.12.08-1-700x394-1-300x169.jpeg 300w, https:\/\/enolife.com.ar\/es\/wp-content\/uploads\/2023\/11\/WhatsApp-Image-2023-10-03-at-13.12.08-1-700x394-1-585x329.jpeg 585w\" sizes=\"auto, (max-width: 632px) 100vw, 632px\" \/><\/a><figcaption class=\"wp-element-caption\"><strong><em> Juan Antonio Rivera, doctor en Ciencias de la Atm\u00f3sfera y los Oc\u00e9anos del Conicet<\/em><\/strong>.<\/figcaption><\/figure><\/div>\n\n\n<div style=\"height:30px\" aria-hidden=\"true\" class=\"wp-block-spacer\"><\/div>\n\n\n\n<p><em>\u201cDe acuerdo con los modelos din\u00e1micos y estad\u00edsticos, en promedio, en el trimestre de octubre a diciembre de 2023, hay m\u00e1s de 95% de probabilidad de que las condiciones correspondan a El Ni\u00f1o, esper\u00e1ndose que alcance su m\u00e1ximo en el trimestre noviembre a enero 2023\/24. Los pron\u00f3sticos estacionales presentan mayores probabilidades de registrar temperaturas por encima de los valores normales para lo que resta de la primavera y el verano en el Centro-Norte de la Argentina\u201d<\/em>, agreg\u00f3 el doctor Rivera.<\/p>\n\n\n\n<p>Sin embargo, no todo es responsabilidad de \u201cEl Ni\u00f1o\u201d, sino que se trata de una combinaci\u00f3n entre este fen\u00f3meno y el calentamiento global. Ante la emergencia, el gobierno de la provincia recomienda realizar todas las acciones de prevenci\u00f3n necesarias, tales como revisar y mantener limpios los desag\u00fces en las viviendas, no arrojar hojas ni residuos en las acequias, chequear el estado de los techos y, a los productores agr\u00edcolas especialmente, proteger sus cultivos. <\/p>\n\n\n\n<div style=\"height:35px\" aria-hidden=\"true\" class=\"wp-block-spacer\"><\/div>\n\n\n\n<p class=\"has-medium-font-size\"><strong>Qu\u00e9 es el fen\u00f3meno de \u00abEl Ni\u00f1o\u00bb<\/strong><\/p>\n\n\n\n<p>Seg\u00fan el Servicio Meteorol\u00f3gico Nacional de Argentina, <strong>\u00abEl Ni\u00f1o\/Oscilaci\u00f3n del Sur\u00bb (ENOS)<\/strong> es un fen\u00f3meno natural caracterizado por la fluctuaci\u00f3n de las temperaturas del oc\u00e9ano en la parte central y oriental del Pac\u00edfico ecuatorial, asociada a cambios en la atm\u00f3sfera. Este fen\u00f3meno tiene una gran influencia en las condiciones clim\u00e1ticas de diversas partes del mundo.<\/p>\n\n\n\n<p>El ENOS es uno de los patrones m\u00e1s importantes de la llamada variabilidad clim\u00e1tica interanual, que incluye modificaciones de la circulaci\u00f3n de la atm\u00f3sfera que pueden durar desde varios meses a pocos a\u00f1os. El Ni\u00f1o y La Ni\u00f1a son los componentes oce\u00e1nicos, mientras que la Oscilaci\u00f3n del Sur es el componente atmosf\u00e9rico, y ambos dan origen al t\u00e9rmino El Ni\u00f1o\/Oscilaci\u00f3n del Sur. Este fen\u00f3meno comprende tres fases: El Ni\u00f1o, La Ni\u00f1a y una fase neutra.<\/p>\n\n\n\n<div style=\"height:30px\" aria-hidden=\"true\" class=\"wp-block-spacer\"><\/div>\n\n\n<div class=\"wp-block-image\">\n<figure class=\"aligncenter size-full is-resized\"><a href=\"https:\/\/enolife.com.ar\/es\/wp-content\/uploads\/2023\/11\/md.jpg\" data-rel=\"penci-gallery-image-content\" ><img loading=\"lazy\" decoding=\"async\" src=\"https:\/\/enolife.com.ar\/es\/wp-content\/uploads\/2023\/11\/md.jpg\" alt=\"\" class=\"wp-image-104742\" width=\"688\" height=\"385\" srcset=\"https:\/\/enolife.com.ar\/es\/wp-content\/uploads\/2023\/11\/md.jpg 992w, https:\/\/enolife.com.ar\/es\/wp-content\/uploads\/2023\/11\/md-300x168.jpg 300w, https:\/\/enolife.com.ar\/es\/wp-content\/uploads\/2023\/11\/md-768x431.jpg 768w, https:\/\/enolife.com.ar\/es\/wp-content\/uploads\/2023\/11\/md-585x328.jpg 585w\" sizes=\"auto, (max-width: 688px) 100vw, 688px\" \/><\/a><\/figure><\/div>\n\n\n<div style=\"height:30px\" aria-hidden=\"true\" class=\"wp-block-spacer\"><\/div>\n\n\n\n<p>Los efectos de esta oscilaci\u00f3n sobre nuestro pa\u00eds son diversos y var\u00edan dependiendo de la fase, la regi\u00f3n y la \u00e9poca del a\u00f1o. En particular durante la primavera y verano el noreste argentino tiende a registrar precipitaciones superiores a las normales durante una fase El Ni\u00f1o. Durante la fase La Ni\u00f1a misma zona tiende a registrar precipitaciones por debajo de lo normal.<\/p>\n\n\n\n<p>El fen\u00f3meno tiene una periodicidad irregular, usualmente ocurre cada dos a siete a\u00f1os, y se declara una fase El Ni\u00f1o\/La Ni\u00f1a cuando las temperaturas del mar en el Pac\u00edfico oriental tropical aumentan o disminuyen 0,5\u00b0C por encima\/por debajo del promedio durante varios meses consecutivos (5 trimestres).<\/p>\n\n\n\n<p>Se cree que el nombre de este fen\u00f3meno se origin\u00f3 hace siglos atr\u00e1s por \u00abEl Ni\u00f1o Jes\u00fas\u00bb, cuando en fechas cercanas a la Navidad, los pescadores peruanos&nbsp; se refirieron al fen\u00f3meno meteorol\u00f3gico en honor al reci\u00e9n nacido Ni\u00f1o Jes\u00fas.<\/p>\n\n\n\n<div style=\"height:35px\" aria-hidden=\"true\" class=\"wp-block-spacer\"><\/div>\n\n\n\n<p class=\"has-medium-font-size\"><strong>La malla como soluci\u00f3n<\/strong><\/p>\n\n\n\n<p>La malla antigranizo evita la p\u00e9rdida de la producci\u00f3n por eventos clim\u00e1ticos y es la \u00fanica manera eficiente y segura para proteger los cultivos ante la incidencia de granizo.<\/p>\n\n\n\n<p>Un dato destacable es que no todas las mallas antigranizo son iguales. Su calidad, de hecho, influye en la durabilidad y eficiencia. <em>\u201cLa gran diferencia que tiene la malla AgriHail sobre otros tipos de malla es la calidad con la que se desarrollan, que permite garantizar su durabilidad en el tiempo (m\u00e1s de 20 a\u00f1os sin degradarse) y la eficiencia en la protecci\u00f3n del cultivo. Nuestras normas de calidad son de los m\u00e1s altos est\u00e1ndares, con un control exhaustivo en todo el proceso productivo, que nos han colocado como l\u00edderes en el mercado\u201d<\/em>, asegur\u00f3 <strong>Gonzalo Losada, gerente comercial de Agrinet<\/strong> -empresa mendocina pionera en el desarrollo del sistema de protecci\u00f3n antigranizo en Argentina y l\u00edder en el mercado.<\/p>\n\n\n\n<div style=\"height:30px\" aria-hidden=\"true\" class=\"wp-block-spacer\"><\/div>\n\n\n<div class=\"wp-block-image\">\n<figure class=\"aligncenter size-large is-resized\"><a href=\"https:\/\/enolife.com.ar\/es\/wp-content\/uploads\/2023\/11\/LMV1803150686.jpeg\" data-rel=\"penci-gallery-image-content\" ><img loading=\"lazy\" decoding=\"async\" src=\"https:\/\/enolife.com.ar\/es\/wp-content\/uploads\/2023\/11\/LMV1803150686-1024x550.jpeg\" alt=\"\" class=\"wp-image-104739\" width=\"714\" height=\"383\" srcset=\"https:\/\/enolife.com.ar\/es\/wp-content\/uploads\/2023\/11\/LMV1803150686-1024x550.jpeg 1024w, https:\/\/enolife.com.ar\/es\/wp-content\/uploads\/2023\/11\/LMV1803150686-300x161.jpeg 300w, https:\/\/enolife.com.ar\/es\/wp-content\/uploads\/2023\/11\/LMV1803150686-768x413.jpeg 768w, https:\/\/enolife.com.ar\/es\/wp-content\/uploads\/2023\/11\/LMV1803150686-1170x628.jpeg 1170w, https:\/\/enolife.com.ar\/es\/wp-content\/uploads\/2023\/11\/LMV1803150686-585x314.jpeg 585w, https:\/\/enolife.com.ar\/es\/wp-content\/uploads\/2023\/11\/LMV1803150686.jpeg 1279w\" sizes=\"auto, (max-width: 714px) 100vw, 714px\" \/><\/a><figcaption class=\"wp-element-caption\"><strong><em>La malla evita la p\u00e9rdida de la producci\u00f3n por eventos clim\u00e1ticos y es la \u00fanica manera eficiente y segura para proteger los cultivos ante la incidencia de granizo.<\/em><\/strong><\/figcaption><\/figure><\/div>\n\n\n<div style=\"height:30px\" aria-hidden=\"true\" class=\"wp-block-spacer\"><\/div>\n\n\n\n<p>Adicionalmente, investigaciones realizadas por el Instituto <strong>Nacional de Tecnolog\u00eda Agropecuaria (INTA)<\/strong> y otros organismos destacan efectos positivos de la malla en las caracter\u00edsticas de los frutos. Se ha documentado un mayor tama\u00f1o de frutos debido a las condiciones ambientales menos estresantes obtenidas bajo su protecci\u00f3n. Esto es importante porque se traduce en mayores ingresos por la venta de fruta de mejor calidad.<\/p>\n\n\n\n<p>Agrinet es una empresa argentina pionera en la fabricaci\u00f3n y comercializaci\u00f3n de redes de protecci\u00f3n para agricultura intensiva con tecnolog\u00eda europea, que apuesta a la innovaci\u00f3n continua, el control de calidad, y la sustentabilidad. En Mendoza cuenta con una nave de 5.000 m2 y en la planta productiva Euram de Chile tiene 6.000 m2. Entre ambas producen anualmente 72 millones de m2 de mallas y exportan a Estados Unidos, M\u00e9xico, Colombia, Per\u00fa, Bolivia, Brasil, Marruecos, Espa\u00f1a, Francia, Ecuador, Canad\u00e1 y Guatemala.<\/p>\n\n\n\n<div style=\"height:35px\" aria-hidden=\"true\" class=\"wp-block-spacer\"><\/div>\n\n\n\n<p class=\"has-medium-font-size\"><strong>Financiaci\u00f3n<\/strong> <strong>del gobierno provincial<\/strong><\/p>\n\n\n\n<p>Para los productores  agr\u00edcolas mendocinos, el momento actual es ideal tanto por las l\u00edneas de financiamiento de los gobiernos provincial y nacional como por el hecho de que se paga a d\u00f3lar oficial. Tanto el <strong>Fondo para la Transformaci\u00f3n y el Crecimiento, como el Programa Mendoza Activa<\/strong> y otros subsidios que incentivan y promueven la colocaci\u00f3n de malla antigranizo.<\/p>\n\n\n\n<p>Precisamente, el gobierno de Mendoza elabor\u00f3 un informe hace unos meses, en el que dio a conocer que en los \u00faltimos tres a\u00f1os, a trav\u00e9s del Mendoza Activa y los cr\u00e9ditos del Fondo para la Transformaci\u00f3n y el Crecimiento, se cubrieron <strong>2.055 hect\u00e1reas<\/strong> en los 4 oasis productivos, fomentando inversiones por <strong>$1.200 millones<\/strong> en malla antigranizo.<\/p>\n\n\n\n<div style=\"height:35px\" aria-hidden=\"true\" class=\"wp-block-spacer\"><\/div>\n","protected":false},"excerpt":{"rendered":"<p>Integrantes de Defensa Civil de Mendoza y brigadistas de organismos p\u00fablicos y privados de la&hellip;<\/p>\n","protected":false},"author":3,"featured_media":104747,"comment_status":"open","ping_status":"open","sticky":false,"template":"","format":"standard","meta":{"footnotes":""},"categories":[5],"tags":[],"class_list":["post-104675","post","type-post","status-publish","format-standard","has-post-thumbnail","hentry","category-fincas"],"_links":{"self":[{"href":"https:\/\/enolife.com.ar\/es\/wp-json\/wp\/v2\/posts\/104675","targetHints":{"allow":["GET"]}}],"collection":[{"href":"https:\/\/enolife.com.ar\/es\/wp-json\/wp\/v2\/posts"}],"about":[{"href":"https:\/\/enolife.com.ar\/es\/wp-json\/wp\/v2\/types\/post"}],"author":[{"embeddable":true,"href":"https:\/\/enolife.com.ar\/es\/wp-json\/wp\/v2\/users\/3"}],"replies":[{"embeddable":true,"href":"https:\/\/enolife.com.ar\/es\/wp-json\/wp\/v2\/comments?post=104675"}],"version-history":[{"count":0,"href":"https:\/\/enolife.com.ar\/es\/wp-json\/wp\/v2\/posts\/104675\/revisions"}],"wp:featuredmedia":[{"embeddable":true,"href":"https:\/\/enolife.com.ar\/es\/wp-json\/wp\/v2\/media\/104747"}],"wp:attachment":[{"href":"https:\/\/enolife.com.ar\/es\/wp-json\/wp\/v2\/media?parent=104675"}],"wp:term":[{"taxonomy":"category","embeddable":true,"href":"https:\/\/enolife.com.ar\/es\/wp-json\/wp\/v2\/categories?post=104675"},{"taxonomy":"post_tag","embeddable":true,"href":"https:\/\/enolife.com.ar\/es\/wp-json\/wp\/v2\/tags?post=104675"}],"curies":[{"name":"wp","href":"https:\/\/api.w.org\/{rel}","templated":true}]}}